{"id":11089,"date":"2023-07-26T12:35:59","date_gmt":"2023-07-26T10:35:59","guid":{"rendered":"https:\/\/www.nationalpark-unteres-odertal.de\/presseerklaerung\/komunikat-prasowy-03-2023\/"},"modified":"2023-07-26T12:35:59","modified_gmt":"2023-07-26T10:35:59","slug":"komunikat-prasowy-03-2023","status":"publish","type":"presseerklaerung","link":"https:\/\/www.nationalpark-unteres-odertal.de\/pl\/komunikat-prasowy\/komunikat-prasowy-03-2023\/","title":{"rendered":"Komunikat prasowy 03\/2023"},"content":{"rendered":"<p><strong>Uda\u00adne warsz\u00adta\u00adty pro\u00adjek\u00adtu LIFE AMPHICON Zwi\u0105z\u00adku Par\u00adk\u00f3w Naro\u00addo\u00adwych Doli\u00adny Dol\u00adnej Odry w Szko\u00adle Dzi\u00adkiej Przy\u00adro\u00addy Teerofenbr\u00fccke<\/strong><\/p>\n<p><em>Crie\u00adwen, 13 lip\u00adca 2023 r. \u2013 W ramach pro\u00adjek\u00adtu LIFE AMPHICON nie\u00addaw\u00adno odby\u00ad\u0142y si\u0119 dwa uda\u00adne warsz\u00adta\u00adty w Szko\u00adle Przy\u00adrod\u00adni\u00adczej Sto\u00adwa\u00adrzy\u00adsze\u00adnia Park Naro\u00addo\u00adwy Doli\u00adna Dol\u00adnej Odry. Wyda\u00adrze\u00adnia zaofe\u00adro\u00adwa\u00ad\u0142y r\u00f3\u017c\u00adnym kla\u00adsom szkol\u00adnym wyj\u0105t\u00adko\u00adw\u0105 oka\u00adzj\u0119 do aktyw\u00adne\u00adgo ucze\u00adnia si\u0119 o prak\u00adtycz\u00adnej ochro\u00adnie przy\u00adro\u00addy i do\u015bwiad\u00adcza\u00adnia natu\u00adry w zabaw\u00adny spos\u00f3b.<\/em><\/p>\n<p>LIFE AMPHICON, sze\u00adro\u00adko zakro\u00adjo\u00adny pro\u00adjekt ochro\u00adny przy\u00adro\u00addy reali\u00adzo\u00adwa\u00adny przez Sto\u00adwa\u00adrzy\u00adsze\u00adnie Park Naro\u00addo\u00adwy Doli\u00adna Dol\u00adnej Odry wraz z Uni\u0105 Euro\u00adpej\u00adsk\u0105, ma na celu ochro\u00adn\u0119 szcze\u00adg\u00f3l\u00adnie zagro\u00ad\u017co\u00adnych gatun\u00adk\u00f3w p\u0142a\u00adz\u00f3w, takich jak kumak nizin\u00adny i trasz\u00adka grze\u00adbie\u00adnia\u00adsta oraz ich sie\u00addlisk. R\u00f3w\u00adnie wa\u017c\u00adne jest wdro\u00ad\u017ce\u00adnie \u015brod\u00adk\u00f3w edu\u00adka\u00adcji eko\u00adlo\u00adgicz\u00adnej, aby uwra\u017c\u00adli\u00adwi\u0107 nast\u0119p\u00adne poko\u00adle\u00adnie na zna\u00adcze\u00adnie ochro\u00adny gatun\u00adk\u00f3w i zaan\u00adga\u00ad\u017co\u00adwa\u0107 je w aktyw\u00adn\u0105&nbsp;prac\u0119.<\/p>\n<p>Jed\u00adnym z naj\u00adwa\u017c\u00adniej\u00adszych punk\u00adt\u00f3w warsz\u00adta\u00adt\u00f3w by\u0142o moni\u00adto\u00adro\u00adwa\u00adnie roz\u00adwo\u00adju popu\u00adla\u00adcji p\u0142a\u00adz\u00f3w w rena\u00adtu\u00adra\u00adli\u00adzo\u00adwa\u00adnych ma\u0142ych zbior\u00adni\u00adkach wod\u00adnych w rejo\u00adnie Fel\u00adchow\u00adsee. Ucznio\u00adwie mie\u00adli oka\u00adzj\u0119 dowie\u00addzie\u0107 si\u0119 wi\u0119\u00adcej o wza\u00adjem\u00adnych powi\u0105\u00adza\u00adniach w naszych lokal\u00adnych wodach.<\/p>\n<p>Odby\u00ad\u0142a si\u0119 r\u00f3w\u00adnie\u017c eks\u00adcy\u00adtu\u00adj\u0105\u00adca wyciecz\u00adka pod\u00adbie\u00adra\u00adkiem do obsza\u00adr\u00f3w polde\u00adro\u00adwych Par\u00adku Naro\u00addo\u00adwe\u00adgo Doli\u00adny Dol\u00adnej Odry z ucznia\u00admi kla\u00adsy 3 ze szko\u00ad\u0142y pod\u00adsta\u00adwo\u00adwej Bru\u00adno H. B\u00fcr\u00adgel w Eber\u00adswal\u00adde. Po powro\u00adcie do szko\u00ad\u0142y, w sali labo\u00adra\u00adto\u00adryj\u00adnej ucznio\u00adwie bada\u00adli pod mikro\u00adsko\u00adpem r\u00f3\u017c\u00adne rodza\u00adje sta\u00adw\u00f3w i base\u00adn\u00f3w, co pozwo\u00adli\u00ad\u0142o im do\u015bwiad\u00adczy\u0107 r\u00f3\u017c\u00adno\u00adrod\u00adno\u00ad\u015bci eko\u00adsys\u00adte\u00admu z pierw\u00adszej&nbsp;r\u0119ki.<\/p>\n<p>\u201cWarsz\u00adta\u00adty w ramach pro\u00adjek\u00adtu LIFE AMPHICON pozwa\u00adla\u00adj\u0105 uczniom do\u015bwiad\u00adczy\u0107 prak\u00adtycz\u00adnej ochro\u00adny przy\u00adro\u00addy i aktyw\u00adnie zaan\u00adga\u00ad\u017co\u00adwa\u0107 si\u0119 w ochro\u00adn\u0119 zagro\u00ad\u017co\u00adnych gatun\u00adk\u00f3w p\u0142a\u00adz\u00f3w\u201d, wyja\u00ad\u015bnia Lars Schulz, kie\u00adrow\u00adnik pro\u00adjek\u00adtu AMPHICON. \u201cBar\u00addzo wa\u017c\u00adne jest dla nas, aby zain\u00adte\u00adre\u00adso\u00adwa\u0107 m\u0142o\u00addych ludzi ochro\u00adn\u0105 przy\u00adro\u00addy, ponie\u00adwa\u017c chro\u00adnisz tyl\u00adko to, co kochasz, a kochasz tyl\u00adko to, co&nbsp;znasz\u201d.<\/p>\n<p>Te uda\u00adne warsz\u00adta\u00adty pod\u00adkre\u00ad\u015bla\u00adj\u0105 zaan\u00adga\u00ad\u017co\u00adwa\u00adnie Sto\u00adwa\u00adrzy\u00adsze\u00adnia Park Naro\u00addo\u00adwy Doli\u00adna Dol\u00adnej Odry w ochro\u00adn\u0119 p\u0142a\u00adz\u00f3w i szko\u00adle\u00adnie kolej\u00adne\u00adgo poko\u00adle\u00adnia obro\u0144\u00adc\u00f3w przyrody.<\/p>\n<p><strong>Kon\u00adtakt dla&nbsp;prasy:<\/strong><br>\nLars Schulz<br>\nSto\u00adwa\u00adrzy\u00adsze\u00adnie Park Naro\u00addo\u00adwy Doli\u00adna Dol\u00adnej&nbsp;Odry<br>\nPark 3, Zamek Criewen<br>\n16303 Schwedt\/Oder<\/p>\n<p>Tele\u00adfon: +49 3332\u20132198-25<br>\nMail: <a href=\"mailto:l.schulz@nationalpark-unteres-odertal.de\">l.schulz@nationalpark-unteres-odertal.de<\/a><\/p>\n<p><strong>Zdj\u0119\u00adcia z moni\u00adto\u00adrin\u00adgu na obsza\u00adrze Felchowsee<\/strong><br>\nKla\u00adsa szko\u00ad\u0142y Mon\u00adtes\u00adso\u00adri w Berlinie<br>\nZdj\u0119\u00adcia: Lars Schulz<\/p>\n\n\t\t<style type=\"text\/css\">\n\t\t\t#gallery-1 {\n\t\t\t\tmargin: auto;\n\t\t\t}\n\t\t\t#gallery-1 .gallery-item {\n\t\t\t\tfloat: left;\n\t\t\t\tmargin-top: 10px;\n\t\t\t\ttext-align: center;\n\t\t\t\twidth: 16%;\n\t\t\t}\n\t\t\t#gallery-1 img {\n\t\t\t\tborder: 2px solid #cfcfcf;\n\t\t\t}\n\t\t\t#gallery-1 .gallery-caption {\n\t\t\t\tmargin-left: 0;\n\t\t\t}\n\t\t\t\/* see gallery_shortcode() in wp-includes\/media.php *\/\n\t\t<\/style>\n\t\t<div id=\"gallery-1\" class=\"gallery galleryid-11089 gallery-columns-6 gallery-size-thumbnail\"><dl class=\"gallery-item\">\n\t\t\t<dt class=\"gallery-icon landscape\">\n\t\t\t\t<a data-rel=\"iLightbox[postimages]\" data-title=\"D99DDB64-4B72-4EFD-B798-6390CD8AD9C3_1_105_c\" data-caption href=\"https:\/\/www.nationalpark-unteres-odertal.de\/pl\/komunikat-prasowy\/komunikat-prasowy-03-2023\/d99ddb64-4b72-4efd-b798-6390cd8ad9c3_1_105_c-2\/\"><img decoding=\"async\" width=\"150\" height=\"150\" src=\"https:\/\/www.nationalpark-unteres-odertal.de\/wp-content\/uploads\/D99DDB64-4B72-4EFD-B798-6390CD8AD9C3_1_105_c-150x150.jpeg\" class=\"attachment-thumbnail size-thumbnail lazyload\" alt srcset=\"data:image\/svg+xml,%3Csvg%20xmlns%3D%27http%3A%2F%2Fwww.w3.org%2F2000%2Fsvg%27%20width%3D%271024%27%20height%3D%27768%27%20viewBox%3D%270%200%201024%20768%27%3E%3Crect%20width%3D%271024%27%20height%3D%27768%27%20fill-opacity%3D%220%22%2F%3E%3C%2Fsvg%3E\" data-orig-src=\"https:\/\/www.nationalpark-unteres-odertal.de\/wp-content\/uploads\/D99DDB64-4B72-4EFD-B798-6390CD8AD9C3_1_105_c-150x150.jpeg\" data-srcset=\"https:\/\/www.nationalpark-unteres-odertal.de\/wp-content\/uploads\/D99DDB64-4B72-4EFD-B798-6390CD8AD9C3_1_105_c-66x66.jpeg 66w, https:\/\/www.nationalpark-unteres-odertal.de\/wp-content\/uploads\/D99DDB64-4B72-4EFD-B798-6390CD8AD9C3_1_105_c-150x150.jpeg 150w\" data-sizes=\"auto\"><\/a>\n\t\t\t<\/dt><\/dl><dl class=\"gallery-item\">\n\t\t\t<dt class=\"gallery-icon landscape\">\n\t\t\t\t<a data-rel=\"iLightbox[postimages]\" data-title=\"AF8727F3-5448\u20134277-B332-6A8263112361_1_105_c\" data-caption href=\"https:\/\/www.nationalpark-unteres-odertal.de\/pl\/komunikat-prasowy\/komunikat-prasowy-03-2023\/af8727f3-5448-4277-b332-6a8263112361_1_105_c-2\/\"><img decoding=\"async\" width=\"150\" height=\"150\" src=\"https:\/\/www.nationalpark-unteres-odertal.de\/wp-content\/uploads\/AF8727F3-5448-4277-B332-6A8263112361_1_105_c-150x150.jpeg\" class=\"attachment-thumbnail size-thumbnail lazyload\" alt srcset=\"data:image\/svg+xml,%3Csvg%20xmlns%3D%27http%3A%2F%2Fwww.w3.org%2F2000%2Fsvg%27%20width%3D%271024%27%20height%3D%27768%27%20viewBox%3D%270%200%201024%20768%27%3E%3Crect%20width%3D%271024%27%20height%3D%27768%27%20fill-opacity%3D%220%22%2F%3E%3C%2Fsvg%3E\" data-orig-src=\"https:\/\/www.nationalpark-unteres-odertal.de\/wp-content\/uploads\/AF8727F3-5448-4277-B332-6A8263112361_1_105_c-150x150.jpeg\" data-srcset=\"https:\/\/www.nationalpark-unteres-odertal.de\/wp-content\/uploads\/AF8727F3-5448-4277-B332-6A8263112361_1_105_c-66x66.jpeg 66w, https:\/\/www.nationalpark-unteres-odertal.de\/wp-content\/uploads\/AF8727F3-5448-4277-B332-6A8263112361_1_105_c-150x150.jpeg 150w\" data-sizes=\"auto\"><\/a>\n\t\t\t<\/dt><\/dl><dl class=\"gallery-item\">\n\t\t\t<dt class=\"gallery-icon landscape\">\n\t\t\t\t<a data-rel=\"iLightbox[postimages]\" data-title=\"AB70DD6E-D390-4371-B4AB-B9AF25B192BC_1_105_c\" data-caption href=\"https:\/\/www.nationalpark-unteres-odertal.de\/pl\/komunikat-prasowy\/komunikat-prasowy-03-2023\/ab70dd6e-d390-4371-b4ab-b9af25b192bc_1_105_c-2\/\"><img decoding=\"async\" width=\"150\" height=\"150\" src=\"https:\/\/www.nationalpark-unteres-odertal.de\/wp-content\/uploads\/AB70DD6E-D390-4371-B4AB-B9AF25B192BC_1_105_c-150x150.jpeg\" class=\"attachment-thumbnail size-thumbnail lazyload\" alt srcset=\"data:image\/svg+xml,%3Csvg%20xmlns%3D%27http%3A%2F%2Fwww.w3.org%2F2000%2Fsvg%27%20width%3D%271024%27%20height%3D%27768%27%20viewBox%3D%270%200%201024%20768%27%3E%3Crect%20width%3D%271024%27%20height%3D%27768%27%20fill-opacity%3D%220%22%2F%3E%3C%2Fsvg%3E\" data-orig-src=\"https:\/\/www.nationalpark-unteres-odertal.de\/wp-content\/uploads\/AB70DD6E-D390-4371-B4AB-B9AF25B192BC_1_105_c-150x150.jpeg\" data-srcset=\"https:\/\/www.nationalpark-unteres-odertal.de\/wp-content\/uploads\/AB70DD6E-D390-4371-B4AB-B9AF25B192BC_1_105_c-66x66.jpeg 66w, https:\/\/www.nationalpark-unteres-odertal.de\/wp-content\/uploads\/AB70DD6E-D390-4371-B4AB-B9AF25B192BC_1_105_c-150x150.jpeg 150w\" data-sizes=\"auto\"><\/a>\n\t\t\t<\/dt><\/dl><dl class=\"gallery-item\">\n\t\t\t<dt class=\"gallery-icon landscape\">\n\t\t\t\t<a data-rel=\"iLightbox[postimages]\" data-title=\"A563C354-89E5-4DBF-B3C1-C4F73FC21676_1_105_c\" data-caption href=\"https:\/\/www.nationalpark-unteres-odertal.de\/pl\/komunikat-prasowy\/komunikat-prasowy-03-2023\/a563c354-89e5-4dbf-b3c1-c4f73fc21676_1_105_c-2\/\"><img decoding=\"async\" width=\"150\" height=\"150\" src=\"https:\/\/www.nationalpark-unteres-odertal.de\/wp-content\/uploads\/A563C354-89E5-4DBF-B3C1-C4F73FC21676_1_105_c-150x150.jpeg\" class=\"attachment-thumbnail size-thumbnail lazyload\" alt srcset=\"data:image\/svg+xml,%3Csvg%20xmlns%3D%27http%3A%2F%2Fwww.w3.org%2F2000%2Fsvg%27%20width%3D%271024%27%20height%3D%27768%27%20viewBox%3D%270%200%201024%20768%27%3E%3Crect%20width%3D%271024%27%20height%3D%27768%27%20fill-opacity%3D%220%22%2F%3E%3C%2Fsvg%3E\" data-orig-src=\"https:\/\/www.nationalpark-unteres-odertal.de\/wp-content\/uploads\/A563C354-89E5-4DBF-B3C1-C4F73FC21676_1_105_c-150x150.jpeg\" data-srcset=\"https:\/\/www.nationalpark-unteres-odertal.de\/wp-content\/uploads\/A563C354-89E5-4DBF-B3C1-C4F73FC21676_1_105_c-66x66.jpeg 66w, https:\/\/www.nationalpark-unteres-odertal.de\/wp-content\/uploads\/A563C354-89E5-4DBF-B3C1-C4F73FC21676_1_105_c-150x150.jpeg 150w\" data-sizes=\"auto\"><\/a>\n\t\t\t<\/dt><\/dl><dl class=\"gallery-item\">\n\t\t\t<dt class=\"gallery-icon landscape\">\n\t\t\t\t<a data-rel=\"iLightbox[postimages]\" data-title=\"58624E12-F3B4-4C8F-8BA9-13BCFA821664_1_105_c\" data-caption href=\"https:\/\/www.nationalpark-unteres-odertal.de\/pl\/komunikat-prasowy\/komunikat-prasowy-03-2023\/58624e12-f3b4-4c8f-8ba9-13bcfa821664_1_105_c-2\/\"><img decoding=\"async\" width=\"150\" height=\"150\" src=\"https:\/\/www.nationalpark-unteres-odertal.de\/wp-content\/uploads\/58624E12-F3B4-4C8F-8BA9-13BCFA821664_1_105_c-150x150.jpeg\" class=\"attachment-thumbnail size-thumbnail lazyload\" alt srcset=\"data:image\/svg+xml,%3Csvg%20xmlns%3D%27http%3A%2F%2Fwww.w3.org%2F2000%2Fsvg%27%20width%3D%271024%27%20height%3D%27768%27%20viewBox%3D%270%200%201024%20768%27%3E%3Crect%20width%3D%271024%27%20height%3D%27768%27%20fill-opacity%3D%220%22%2F%3E%3C%2Fsvg%3E\" data-orig-src=\"https:\/\/www.nationalpark-unteres-odertal.de\/wp-content\/uploads\/58624E12-F3B4-4C8F-8BA9-13BCFA821664_1_105_c-150x150.jpeg\" data-srcset=\"https:\/\/www.nationalpark-unteres-odertal.de\/wp-content\/uploads\/58624E12-F3B4-4C8F-8BA9-13BCFA821664_1_105_c-66x66.jpeg 66w, https:\/\/www.nationalpark-unteres-odertal.de\/wp-content\/uploads\/58624E12-F3B4-4C8F-8BA9-13BCFA821664_1_105_c-150x150.jpeg 150w\" data-sizes=\"auto\"><\/a>\n\t\t\t<\/dt><\/dl><dl class=\"gallery-item\">\n\t\t\t<dt class=\"gallery-icon portrait\">\n\t\t\t\t<a data-rel=\"iLightbox[postimages]\" data-title=\"624F71F6-84E0-48BA-96C0-5369593204ED_1_105_c\" data-caption href=\"https:\/\/www.nationalpark-unteres-odertal.de\/pl\/komunikat-prasowy\/komunikat-prasowy-03-2023\/624f71f6-84e0-48ba-96c0-5369593204ed_1_105_c-2\/\"><img decoding=\"async\" width=\"150\" height=\"150\" src=\"https:\/\/www.nationalpark-unteres-odertal.de\/wp-content\/uploads\/624F71F6-84E0-48BA-96C0-5369593204ED_1_105_c-150x150.jpeg\" class=\"attachment-thumbnail size-thumbnail lazyload\" alt srcset=\"data:image\/svg+xml,%3Csvg%20xmlns%3D%27http%3A%2F%2Fwww.w3.org%2F2000%2Fsvg%27%20width%3D%27768%27%20height%3D%271024%27%20viewBox%3D%270%200%20768%201024%27%3E%3Crect%20width%3D%27768%27%20height%3D%271024%27%20fill-opacity%3D%220%22%2F%3E%3C%2Fsvg%3E\" data-orig-src=\"https:\/\/www.nationalpark-unteres-odertal.de\/wp-content\/uploads\/624F71F6-84E0-48BA-96C0-5369593204ED_1_105_c-150x150.jpeg\" data-srcset=\"https:\/\/www.nationalpark-unteres-odertal.de\/wp-content\/uploads\/624F71F6-84E0-48BA-96C0-5369593204ED_1_105_c-66x66.jpeg 66w, https:\/\/www.nationalpark-unteres-odertal.de\/wp-content\/uploads\/624F71F6-84E0-48BA-96C0-5369593204ED_1_105_c-150x150.jpeg 150w\" data-sizes=\"auto\"><\/a>\n\t\t\t<\/dt><\/dl><br style=\"clear: both\"><dl class=\"gallery-item\">\n\t\t\t<dt class=\"gallery-icon portrait\">\n\t\t\t\t<a data-rel=\"iLightbox[postimages]\" data-title=\"486C097B-2E9E-4DCB-A34C-2B4F2BD69956_1_105_c\" data-caption href=\"https:\/\/www.nationalpark-unteres-odertal.de\/pl\/komunikat-prasowy\/komunikat-prasowy-03-2023\/486c097b-2e9e-4dcb-a34c-2b4f2bd69956_1_105_c-2\/\"><img decoding=\"async\" width=\"150\" height=\"150\" src=\"https:\/\/www.nationalpark-unteres-odertal.de\/wp-content\/uploads\/486C097B-2E9E-4DCB-A34C-2B4F2BD69956_1_105_c-150x150.jpeg\" class=\"attachment-thumbnail size-thumbnail lazyload\" alt srcset=\"data:image\/svg+xml,%3Csvg%20xmlns%3D%27http%3A%2F%2Fwww.w3.org%2F2000%2Fsvg%27%20width%3D%27768%27%20height%3D%271024%27%20viewBox%3D%270%200%20768%201024%27%3E%3Crect%20width%3D%27768%27%20height%3D%271024%27%20fill-opacity%3D%220%22%2F%3E%3C%2Fsvg%3E\" data-orig-src=\"https:\/\/www.nationalpark-unteres-odertal.de\/wp-content\/uploads\/486C097B-2E9E-4DCB-A34C-2B4F2BD69956_1_105_c-150x150.jpeg\" data-srcset=\"https:\/\/www.nationalpark-unteres-odertal.de\/wp-content\/uploads\/486C097B-2E9E-4DCB-A34C-2B4F2BD69956_1_105_c-66x66.jpeg 66w, https:\/\/www.nationalpark-unteres-odertal.de\/wp-content\/uploads\/486C097B-2E9E-4DCB-A34C-2B4F2BD69956_1_105_c-150x150.jpeg 150w\" data-sizes=\"auto\"><\/a>\n\t\t\t<\/dt><\/dl><dl class=\"gallery-item\">\n\t\t\t<dt class=\"gallery-icon landscape\">\n\t\t\t\t<a data-rel=\"iLightbox[postimages]\" data-title=\"65E57B20-C688-4F0E-B251-87B88EA7D3F1_1_105_c\" data-caption href=\"https:\/\/www.nationalpark-unteres-odertal.de\/pl\/komunikat-prasowy\/komunikat-prasowy-03-2023\/65e57b20-c688-4f0e-b251-87b88ea7d3f1_1_105_c-2\/\"><img decoding=\"async\" width=\"150\" height=\"150\" src=\"https:\/\/www.nationalpark-unteres-odertal.de\/wp-content\/uploads\/65E57B20-C688-4F0E-B251-87B88EA7D3F1_1_105_c-150x150.jpeg\" class=\"attachment-thumbnail size-thumbnail lazyload\" alt srcset=\"data:image\/svg+xml,%3Csvg%20xmlns%3D%27http%3A%2F%2Fwww.w3.org%2F2000%2Fsvg%27%20width%3D%271024%27%20height%3D%27768%27%20viewBox%3D%270%200%201024%20768%27%3E%3Crect%20width%3D%271024%27%20height%3D%27768%27%20fill-opacity%3D%220%22%2F%3E%3C%2Fsvg%3E\" data-orig-src=\"https:\/\/www.nationalpark-unteres-odertal.de\/wp-content\/uploads\/65E57B20-C688-4F0E-B251-87B88EA7D3F1_1_105_c-150x150.jpeg\" data-srcset=\"https:\/\/www.nationalpark-unteres-odertal.de\/wp-content\/uploads\/65E57B20-C688-4F0E-B251-87B88EA7D3F1_1_105_c-66x66.jpeg 66w, https:\/\/www.nationalpark-unteres-odertal.de\/wp-content\/uploads\/65E57B20-C688-4F0E-B251-87B88EA7D3F1_1_105_c-150x150.jpeg 150w\" data-sizes=\"auto\"><\/a>\n\t\t\t<\/dt><\/dl><dl class=\"gallery-item\">\n\t\t\t<dt class=\"gallery-icon landscape\">\n\t\t\t\t<a data-rel=\"iLightbox[postimages]\" data-title=\"61E549D2-783F-4D91-A68D-697ACD0BFC30_1_105_c\" data-caption href=\"https:\/\/www.nationalpark-unteres-odertal.de\/pl\/komunikat-prasowy\/komunikat-prasowy-03-2023\/61e549d2-783f-4d91-a68d-697acd0bfc30_1_105_c-2\/\"><img decoding=\"async\" width=\"150\" height=\"150\" src=\"https:\/\/www.nationalpark-unteres-odertal.de\/wp-content\/uploads\/61E549D2-783F-4D91-A68D-697ACD0BFC30_1_105_c-150x150.jpeg\" class=\"attachment-thumbnail size-thumbnail lazyload\" alt srcset=\"data:image\/svg+xml,%3Csvg%20xmlns%3D%27http%3A%2F%2Fwww.w3.org%2F2000%2Fsvg%27%20width%3D%271024%27%20height%3D%27768%27%20viewBox%3D%270%200%201024%20768%27%3E%3Crect%20width%3D%271024%27%20height%3D%27768%27%20fill-opacity%3D%220%22%2F%3E%3C%2Fsvg%3E\" data-orig-src=\"https:\/\/www.nationalpark-unteres-odertal.de\/wp-content\/uploads\/61E549D2-783F-4D91-A68D-697ACD0BFC30_1_105_c-150x150.jpeg\" data-srcset=\"https:\/\/www.nationalpark-unteres-odertal.de\/wp-content\/uploads\/61E549D2-783F-4D91-A68D-697ACD0BFC30_1_105_c-66x66.jpeg 66w, https:\/\/www.nationalpark-unteres-odertal.de\/wp-content\/uploads\/61E549D2-783F-4D91-A68D-697ACD0BFC30_1_105_c-150x150.jpeg 150w\" data-sizes=\"auto\"><\/a>\n\t\t\t<\/dt><\/dl><dl class=\"gallery-item\">\n\t\t\t<dt class=\"gallery-icon portrait\">\n\t\t\t\t<a data-rel=\"iLightbox[postimages]\" data-title=\"56CE9C0A-0E63-46D2-8CC1-A436FBBC0AE5_1_105_c\" data-caption href=\"https:\/\/www.nationalpark-unteres-odertal.de\/pl\/komunikat-prasowy\/komunikat-prasowy-03-2023\/56ce9c0a-0e63-46d2-8cc1-a436fbbc0ae5_1_105_c-2\/\"><img decoding=\"async\" width=\"150\" height=\"150\" src=\"https:\/\/www.nationalpark-unteres-odertal.de\/wp-content\/uploads\/56CE9C0A-0E63-46D2-8CC1-A436FBBC0AE5_1_105_c-150x150.jpeg\" class=\"attachment-thumbnail size-thumbnail lazyload\" alt srcset=\"data:image\/svg+xml,%3Csvg%20xmlns%3D%27http%3A%2F%2Fwww.w3.org%2F2000%2Fsvg%27%20width%3D%27768%27%20height%3D%271024%27%20viewBox%3D%270%200%20768%201024%27%3E%3Crect%20width%3D%27768%27%20height%3D%271024%27%20fill-opacity%3D%220%22%2F%3E%3C%2Fsvg%3E\" data-orig-src=\"https:\/\/www.nationalpark-unteres-odertal.de\/wp-content\/uploads\/56CE9C0A-0E63-46D2-8CC1-A436FBBC0AE5_1_105_c-150x150.jpeg\" data-srcset=\"https:\/\/www.nationalpark-unteres-odertal.de\/wp-content\/uploads\/56CE9C0A-0E63-46D2-8CC1-A436FBBC0AE5_1_105_c-66x66.jpeg 66w, https:\/\/www.nationalpark-unteres-odertal.de\/wp-content\/uploads\/56CE9C0A-0E63-46D2-8CC1-A436FBBC0AE5_1_105_c-150x150.jpeg 150w\" data-sizes=\"auto\"><\/a>\n\t\t\t<\/dt><\/dl><dl class=\"gallery-item\">\n\t\t\t<dt class=\"gallery-icon portrait\">\n\t\t\t\t<a data-rel=\"iLightbox[postimages]\" data-title=\"31F84BBC-3E7C-4CC4-93A6-C8D6545C2D07_1_105_c\" data-caption href=\"https:\/\/www.nationalpark-unteres-odertal.de\/pl\/komunikat-prasowy\/komunikat-prasowy-03-2023\/31f84bbc-3e7c-4cc4-93a6-c8d6545c2d07_1_105_c-2\/\"><img decoding=\"async\" width=\"150\" height=\"150\" src=\"https:\/\/www.nationalpark-unteres-odertal.de\/wp-content\/uploads\/31F84BBC-3E7C-4CC4-93A6-C8D6545C2D07_1_105_c-150x150.jpeg\" class=\"attachment-thumbnail size-thumbnail lazyload\" alt srcset=\"data:image\/svg+xml,%3Csvg%20xmlns%3D%27http%3A%2F%2Fwww.w3.org%2F2000%2Fsvg%27%20width%3D%27769%27%20height%3D%271024%27%20viewBox%3D%270%200%20769%201024%27%3E%3Crect%20width%3D%27769%27%20height%3D%271024%27%20fill-opacity%3D%220%22%2F%3E%3C%2Fsvg%3E\" data-orig-src=\"https:\/\/www.nationalpark-unteres-odertal.de\/wp-content\/uploads\/31F84BBC-3E7C-4CC4-93A6-C8D6545C2D07_1_105_c-150x150.jpeg\" data-srcset=\"https:\/\/www.nationalpark-unteres-odertal.de\/wp-content\/uploads\/31F84BBC-3E7C-4CC4-93A6-C8D6545C2D07_1_105_c-66x66.jpeg 66w, https:\/\/www.nationalpark-unteres-odertal.de\/wp-content\/uploads\/31F84BBC-3E7C-4CC4-93A6-C8D6545C2D07_1_105_c-150x150.jpeg 150w\" data-sizes=\"auto\"><\/a>\n\t\t\t<\/dt><\/dl><dl class=\"gallery-item\">\n\t\t\t<dt class=\"gallery-icon portrait\">\n\t\t\t\t<a data-rel=\"iLightbox[postimages]\" data-title=\"26BBAC38-ECC0-44F7-ABB0-5F16C33936C1_1_105_c\" data-caption href=\"https:\/\/www.nationalpark-unteres-odertal.de\/pl\/komunikat-prasowy\/komunikat-prasowy-03-2023\/26bbac38-ecc0-44f7-abb0-5f16c33936c1_1_105_c-2-2\/\"><img decoding=\"async\" width=\"150\" height=\"150\" src=\"https:\/\/www.nationalpark-unteres-odertal.de\/wp-content\/uploads\/26BBAC38-ECC0-44F7-ABB0-5F16C33936C1_1_105_c-1-150x150.jpeg\" class=\"attachment-thumbnail size-thumbnail lazyload\" alt srcset=\"data:image\/svg+xml,%3Csvg%20xmlns%3D%27http%3A%2F%2Fwww.w3.org%2F2000%2Fsvg%27%20width%3D%27768%27%20height%3D%271024%27%20viewBox%3D%270%200%20768%201024%27%3E%3Crect%20width%3D%27768%27%20height%3D%271024%27%20fill-opacity%3D%220%22%2F%3E%3C%2Fsvg%3E\" data-orig-src=\"https:\/\/www.nationalpark-unteres-odertal.de\/wp-content\/uploads\/26BBAC38-ECC0-44F7-ABB0-5F16C33936C1_1_105_c-1-150x150.jpeg\" data-srcset=\"https:\/\/www.nationalpark-unteres-odertal.de\/wp-content\/uploads\/26BBAC38-ECC0-44F7-ABB0-5F16C33936C1_1_105_c-1-66x66.jpeg 66w, https:\/\/www.nationalpark-unteres-odertal.de\/wp-content\/uploads\/26BBAC38-ECC0-44F7-ABB0-5F16C33936C1_1_105_c-1-150x150.jpeg 150w\" data-sizes=\"auto\"><\/a>\n\t\t\t<\/dt><\/dl><br style=\"clear: both\"><dl class=\"gallery-item\">\n\t\t\t<dt class=\"gallery-icon landscape\">\n\t\t\t\t<a data-rel=\"iLightbox[postimages]\" data-title=\"9FDD0A5F-0897\u20134FF1-BF54-BA5FD90E5D94_1_105_c\" data-caption href=\"https:\/\/www.nationalpark-unteres-odertal.de\/pl\/komunikat-prasowy\/komunikat-prasowy-03-2023\/9fdd0a5f-0897-4ff1-bf54-ba5fd90e5d94_1_105_c-2-2\/\"><img decoding=\"async\" width=\"150\" height=\"150\" src=\"https:\/\/www.nationalpark-unteres-odertal.de\/wp-content\/uploads\/9FDD0A5F-0897-4FF1-BF54-BA5FD90E5D94_1_105_c-1-150x150.jpeg\" class=\"attachment-thumbnail size-thumbnail lazyload\" alt srcset=\"data:image\/svg+xml,%3Csvg%20xmlns%3D%27http%3A%2F%2Fwww.w3.org%2F2000%2Fsvg%27%20width%3D%271182%27%20height%3D%27665%27%20viewBox%3D%270%200%201182%20665%27%3E%3Crect%20width%3D%271182%27%20height%3D%27665%27%20fill-opacity%3D%220%22%2F%3E%3C%2Fsvg%3E\" data-orig-src=\"https:\/\/www.nationalpark-unteres-odertal.de\/wp-content\/uploads\/9FDD0A5F-0897-4FF1-BF54-BA5FD90E5D94_1_105_c-1-150x150.jpeg\" data-srcset=\"https:\/\/www.nationalpark-unteres-odertal.de\/wp-content\/uploads\/9FDD0A5F-0897-4FF1-BF54-BA5FD90E5D94_1_105_c-1-66x66.jpeg 66w, https:\/\/www.nationalpark-unteres-odertal.de\/wp-content\/uploads\/9FDD0A5F-0897-4FF1-BF54-BA5FD90E5D94_1_105_c-1-150x150.jpeg 150w\" data-sizes=\"auto\"><\/a>\n\t\t\t<\/dt><\/dl><dl class=\"gallery-item\">\n\t\t\t<dt class=\"gallery-icon landscape\">\n\t\t\t\t<a data-rel=\"iLightbox[postimages]\" data-title=\"8BC5F447-5616\u201346FF-8F6D-D2E66F0F6E21_1_105_c\" data-caption href=\"https:\/\/www.nationalpark-unteres-odertal.de\/pl\/komunikat-prasowy\/komunikat-prasowy-03-2023\/8bc5f447-5616-46ff-8f6d-d2e66f0f6e21_1_105_c-2-2\/\"><img decoding=\"async\" width=\"150\" height=\"150\" src=\"https:\/\/www.nationalpark-unteres-odertal.de\/wp-content\/uploads\/8BC5F447-5616-46FF-8F6D-D2E66F0F6E21_1_105_c-1-150x150.jpeg\" class=\"attachment-thumbnail size-thumbnail lazyload\" alt srcset=\"data:image\/svg+xml,%3Csvg%20xmlns%3D%27http%3A%2F%2Fwww.w3.org%2F2000%2Fsvg%27%20width%3D%271024%27%20height%3D%27768%27%20viewBox%3D%270%200%201024%20768%27%3E%3Crect%20width%3D%271024%27%20height%3D%27768%27%20fill-opacity%3D%220%22%2F%3E%3C%2Fsvg%3E\" data-orig-src=\"https:\/\/www.nationalpark-unteres-odertal.de\/wp-content\/uploads\/8BC5F447-5616-46FF-8F6D-D2E66F0F6E21_1_105_c-1-150x150.jpeg\" data-srcset=\"https:\/\/www.nationalpark-unteres-odertal.de\/wp-content\/uploads\/8BC5F447-5616-46FF-8F6D-D2E66F0F6E21_1_105_c-1-66x66.jpeg 66w, https:\/\/www.nationalpark-unteres-odertal.de\/wp-content\/uploads\/8BC5F447-5616-46FF-8F6D-D2E66F0F6E21_1_105_c-1-150x150.jpeg 150w\" data-sizes=\"auto\"><\/a>\n\t\t\t<\/dt><\/dl><dl class=\"gallery-item\">\n\t\t\t<dt class=\"gallery-icon landscape\">\n\t\t\t\t<a data-rel=\"iLightbox[postimages]\" data-title=\"7F7797C4-E529-4F46-AE53-F13DF3B559AB_1_105_c\" data-caption href=\"https:\/\/www.nationalpark-unteres-odertal.de\/pl\/komunikat-prasowy\/komunikat-prasowy-03-2023\/7f7797c4-e529-4f46-ae53-f13df3b559ab_1_105_c-2-2-2\/\"><img decoding=\"async\" width=\"150\" height=\"150\" src=\"https:\/\/www.nationalpark-unteres-odertal.de\/wp-content\/uploads\/7F7797C4-E529-4F46-AE53-F13DF3B559AB_1_105_c-2-150x150.jpeg\" class=\"attachment-thumbnail size-thumbnail lazyload\" alt srcset=\"data:image\/svg+xml,%3Csvg%20xmlns%3D%27http%3A%2F%2Fwww.w3.org%2F2000%2Fsvg%27%20width%3D%271024%27%20height%3D%27768%27%20viewBox%3D%270%200%201024%20768%27%3E%3Crect%20width%3D%271024%27%20height%3D%27768%27%20fill-opacity%3D%220%22%2F%3E%3C%2Fsvg%3E\" data-orig-src=\"https:\/\/www.nationalpark-unteres-odertal.de\/wp-content\/uploads\/7F7797C4-E529-4F46-AE53-F13DF3B559AB_1_105_c-2-150x150.jpeg\" data-srcset=\"https:\/\/www.nationalpark-unteres-odertal.de\/wp-content\/uploads\/7F7797C4-E529-4F46-AE53-F13DF3B559AB_1_105_c-2-66x66.jpeg 66w, https:\/\/www.nationalpark-unteres-odertal.de\/wp-content\/uploads\/7F7797C4-E529-4F46-AE53-F13DF3B559AB_1_105_c-2-150x150.jpeg 150w\" data-sizes=\"auto\"><\/a>\n\t\t\t<\/dt><\/dl><dl class=\"gallery-item\">\n\t\t\t<dt class=\"gallery-icon landscape\">\n\t\t\t\t<a data-rel=\"iLightbox[postimages]\" data-title=\"6DD24DBF-B0D8-49C3-979E-FDD86E57A936_1_105_c\" data-caption href=\"https:\/\/www.nationalpark-unteres-odertal.de\/pl\/komunikat-prasowy\/komunikat-prasowy-03-2023\/6dd24dbf-b0d8-49c3-979e-fdd86e57a936_1_105_c-2-2-2\/\"><img decoding=\"async\" width=\"150\" height=\"150\" src=\"https:\/\/www.nationalpark-unteres-odertal.de\/wp-content\/uploads\/6DD24DBF-B0D8-49C3-979E-FDD86E57A936_1_105_c-3-150x150.jpeg\" class=\"attachment-thumbnail size-thumbnail lazyload\" alt srcset=\"data:image\/svg+xml,%3Csvg%20xmlns%3D%27http%3A%2F%2Fwww.w3.org%2F2000%2Fsvg%27%20width%3D%271024%27%20height%3D%27768%27%20viewBox%3D%270%200%201024%20768%27%3E%3Crect%20width%3D%271024%27%20height%3D%27768%27%20fill-opacity%3D%220%22%2F%3E%3C%2Fsvg%3E\" data-orig-src=\"https:\/\/www.nationalpark-unteres-odertal.de\/wp-content\/uploads\/6DD24DBF-B0D8-49C3-979E-FDD86E57A936_1_105_c-3-150x150.jpeg\" data-srcset=\"https:\/\/www.nationalpark-unteres-odertal.de\/wp-content\/uploads\/6DD24DBF-B0D8-49C3-979E-FDD86E57A936_1_105_c-3-66x66.jpeg 66w, https:\/\/www.nationalpark-unteres-odertal.de\/wp-content\/uploads\/6DD24DBF-B0D8-49C3-979E-FDD86E57A936_1_105_c-3-150x150.jpeg 150w\" data-sizes=\"auto\"><\/a>\n\t\t\t<\/dt><\/dl>\n\t\t\t<br style=\"clear: both\">\n\t\t<\/div>\n\n<p><strong>Zdj\u0119\u00adcia Wil\u00adder\u00adness Scho\u00adol Teerofenbr\u00fccke<\/strong><br>\nSzko\u00ad\u0142a Pod\u00adsta\u00adwo\u00adwa Bru\u00adno H. B\u00fcrgel<br>\nZdj\u0119\u00adcia: Lars Schulz et&nbsp;al.<\/p>\n\n\t\t<style type=\"text\/css\">\n\t\t\t#gallery-2 {\n\t\t\t\tmargin: auto;\n\t\t\t}\n\t\t\t#gallery-2 .gallery-item {\n\t\t\t\tfloat: left;\n\t\t\t\tmargin-top: 10px;\n\t\t\t\ttext-align: center;\n\t\t\t\twidth: 16%;\n\t\t\t}\n\t\t\t#gallery-2 img {\n\t\t\t\tborder: 2px solid #cfcfcf;\n\t\t\t}\n\t\t\t#gallery-2 .gallery-caption {\n\t\t\t\tmargin-left: 0;\n\t\t\t}\n\t\t\t\/* see gallery_shortcode() in wp-includes\/media.php *\/\n\t\t<\/style>\n\t\t<div id=\"gallery-2\" class=\"gallery galleryid-11089 gallery-columns-6 gallery-size-thumbnail\"><dl class=\"gallery-item\">\n\t\t\t<dt class=\"gallery-icon portrait\">\n\t\t\t\t<a data-rel=\"iLightbox[postimages]\" data-title=\"WhatsApp Image 2023-06-29 at 12.01.58\" data-caption href=\"https:\/\/www.nationalpark-unteres-odertal.de\/pl\/komunikat-prasowy\/komunikat-prasowy-03-2023\/whatsapp-image-2023-06-29-at-12-01-58-2\/\"><img decoding=\"async\" width=\"150\" height=\"150\" src=\"https:\/\/www.nationalpark-unteres-odertal.de\/wp-content\/uploads\/WhatsApp-Image-2023-06-29-at-12.01.58-150x150.jpeg\" class=\"attachment-thumbnail size-thumbnail lazyload\" alt srcset=\"data:image\/svg+xml,%3Csvg%20xmlns%3D%27http%3A%2F%2Fwww.w3.org%2F2000%2Fsvg%27%20width%3D%271200%27%20height%3D%271600%27%20viewBox%3D%270%200%201200%201600%27%3E%3Crect%20width%3D%271200%27%20height%3D%271600%27%20fill-opacity%3D%220%22%2F%3E%3C%2Fsvg%3E\" data-orig-src=\"https:\/\/www.nationalpark-unteres-odertal.de\/wp-content\/uploads\/WhatsApp-Image-2023-06-29-at-12.01.58-150x150.jpeg\" data-srcset=\"https:\/\/www.nationalpark-unteres-odertal.de\/wp-content\/uploads\/WhatsApp-Image-2023-06-29-at-12.01.58-66x66.jpeg 66w, https:\/\/www.nationalpark-unteres-odertal.de\/wp-content\/uploads\/WhatsApp-Image-2023-06-29-at-12.01.58-150x150.jpeg 150w\" data-sizes=\"auto\"><\/a>\n\t\t\t<\/dt><\/dl><dl class=\"gallery-item\">\n\t\t\t<dt class=\"gallery-icon portrait\">\n\t\t\t\t<a data-rel=\"iLightbox[postimages]\" data-title=\"WhatsApp Image 2023-06-29 at 12.02.14 (1)\" data-caption href=\"https:\/\/www.nationalpark-unteres-odertal.de\/pl\/komunikat-prasowy\/komunikat-prasowy-03-2023\/whatsapp-image-2023-06-29-at-12-02-14-1-2\/\"><img decoding=\"async\" width=\"150\" height=\"150\" src=\"https:\/\/www.nationalpark-unteres-odertal.de\/wp-content\/uploads\/WhatsApp-Image-2023-06-29-at-12.02.14-1-150x150.jpeg\" class=\"attachment-thumbnail size-thumbnail lazyload\" alt srcset=\"data:image\/svg+xml,%3Csvg%20xmlns%3D%27http%3A%2F%2Fwww.w3.org%2F2000%2Fsvg%27%20width%3D%271200%27%20height%3D%271600%27%20viewBox%3D%270%200%201200%201600%27%3E%3Crect%20width%3D%271200%27%20height%3D%271600%27%20fill-opacity%3D%220%22%2F%3E%3C%2Fsvg%3E\" data-orig-src=\"https:\/\/www.nationalpark-unteres-odertal.de\/wp-content\/uploads\/WhatsApp-Image-2023-06-29-at-12.02.14-1-150x150.jpeg\" data-srcset=\"https:\/\/www.nationalpark-unteres-odertal.de\/wp-content\/uploads\/WhatsApp-Image-2023-06-29-at-12.02.14-1-66x66.jpeg 66w, https:\/\/www.nationalpark-unteres-odertal.de\/wp-content\/uploads\/WhatsApp-Image-2023-06-29-at-12.02.14-1-150x150.jpeg 150w\" data-sizes=\"auto\"><\/a>\n\t\t\t<\/dt><\/dl><dl class=\"gallery-item\">\n\t\t\t<dt class=\"gallery-icon landscape\">\n\t\t\t\t<a data-rel=\"iLightbox[postimages]\" data-title=\"WhatsApp Image 2023-06-29 at 12.02.14\" data-caption href=\"https:\/\/www.nationalpark-unteres-odertal.de\/pl\/komunikat-prasowy\/komunikat-prasowy-03-2023\/whatsapp-image-2023-06-29-at-12-02-14-2\/\"><img decoding=\"async\" width=\"150\" height=\"150\" src=\"https:\/\/www.nationalpark-unteres-odertal.de\/wp-content\/uploads\/WhatsApp-Image-2023-06-29-at-12.02.14-150x150.jpeg\" class=\"attachment-thumbnail size-thumbnail lazyload\" alt srcset=\"data:image\/svg+xml,%3Csvg%20xmlns%3D%27http%3A%2F%2Fwww.w3.org%2F2000%2Fsvg%27%20width%3D%271600%27%20height%3D%271200%27%20viewBox%3D%270%200%201600%201200%27%3E%3Crect%20width%3D%271600%27%20height%3D%271200%27%20fill-opacity%3D%220%22%2F%3E%3C%2Fsvg%3E\" data-orig-src=\"https:\/\/www.nationalpark-unteres-odertal.de\/wp-content\/uploads\/WhatsApp-Image-2023-06-29-at-12.02.14-150x150.jpeg\" data-srcset=\"https:\/\/www.nationalpark-unteres-odertal.de\/wp-content\/uploads\/WhatsApp-Image-2023-06-29-at-12.02.14-66x66.jpeg 66w, https:\/\/www.nationalpark-unteres-odertal.de\/wp-content\/uploads\/WhatsApp-Image-2023-06-29-at-12.02.14-150x150.jpeg 150w\" data-sizes=\"auto\"><\/a>\n\t\t\t<\/dt><\/dl><dl class=\"gallery-item\">\n\t\t\t<dt class=\"gallery-icon portrait\">\n\t\t\t\t<a data-rel=\"iLightbox[postimages]\" data-title=\"WhatsApp Image 2023-06-29 at 12.08.40\" data-caption href=\"https:\/\/www.nationalpark-unteres-odertal.de\/pl\/komunikat-prasowy\/komunikat-prasowy-03-2023\/whatsapp-image-2023-06-29-at-12-08-40-2\/\"><img decoding=\"async\" width=\"150\" height=\"150\" src=\"https:\/\/www.nationalpark-unteres-odertal.de\/wp-content\/uploads\/WhatsApp-Image-2023-06-29-at-12.08.40-150x150.jpeg\" class=\"attachment-thumbnail size-thumbnail lazyload\" alt srcset=\"data:image\/svg+xml,%3Csvg%20xmlns%3D%27http%3A%2F%2Fwww.w3.org%2F2000%2Fsvg%27%20width%3D%271200%27%20height%3D%271600%27%20viewBox%3D%270%200%201200%201600%27%3E%3Crect%20width%3D%271200%27%20height%3D%271600%27%20fill-opacity%3D%220%22%2F%3E%3C%2Fsvg%3E\" data-orig-src=\"https:\/\/www.nationalpark-unteres-odertal.de\/wp-content\/uploads\/WhatsApp-Image-2023-06-29-at-12.08.40-150x150.jpeg\" data-srcset=\"https:\/\/www.nationalpark-unteres-odertal.de\/wp-content\/uploads\/WhatsApp-Image-2023-06-29-at-12.08.40-66x66.jpeg 66w, https:\/\/www.nationalpark-unteres-odertal.de\/wp-content\/uploads\/WhatsApp-Image-2023-06-29-at-12.08.40-150x150.jpeg 150w\" data-sizes=\"auto\"><\/a>\n\t\t\t<\/dt><\/dl><dl class=\"gallery-item\">\n\t\t\t<dt class=\"gallery-icon portrait\">\n\t\t\t\t<a data-rel=\"iLightbox[postimages]\" data-title=\"WhatsApp Image 2023-06-29 at 12.08.46 (1)\" data-caption href=\"https:\/\/www.nationalpark-unteres-odertal.de\/pl\/komunikat-prasowy\/komunikat-prasowy-03-2023\/whatsapp-image-2023-06-29-at-12-08-46-1-2\/\"><img decoding=\"async\" width=\"150\" height=\"150\" src=\"https:\/\/www.nationalpark-unteres-odertal.de\/wp-content\/uploads\/WhatsApp-Image-2023-06-29-at-12.08.46-1-150x150.jpeg\" class=\"attachment-thumbnail size-thumbnail lazyload\" alt srcset=\"data:image\/svg+xml,%3Csvg%20xmlns%3D%27http%3A%2F%2Fwww.w3.org%2F2000%2Fsvg%27%20width%3D%271200%27%20height%3D%271600%27%20viewBox%3D%270%200%201200%201600%27%3E%3Crect%20width%3D%271200%27%20height%3D%271600%27%20fill-opacity%3D%220%22%2F%3E%3C%2Fsvg%3E\" data-orig-src=\"https:\/\/www.nationalpark-unteres-odertal.de\/wp-content\/uploads\/WhatsApp-Image-2023-06-29-at-12.08.46-1-150x150.jpeg\" data-srcset=\"https:\/\/www.nationalpark-unteres-odertal.de\/wp-content\/uploads\/WhatsApp-Image-2023-06-29-at-12.08.46-1-66x66.jpeg 66w, https:\/\/www.nationalpark-unteres-odertal.de\/wp-content\/uploads\/WhatsApp-Image-2023-06-29-at-12.08.46-1-150x150.jpeg 150w\" data-sizes=\"auto\"><\/a>\n\t\t\t<\/dt><\/dl><dl class=\"gallery-item\">\n\t\t\t<dt class=\"gallery-icon portrait\">\n\t\t\t\t<a data-rel=\"iLightbox[postimages]\" data-title=\"WhatsApp Image 2023-06-29 at 12.08.46\" data-caption href=\"https:\/\/www.nationalpark-unteres-odertal.de\/pl\/komunikat-prasowy\/komunikat-prasowy-03-2023\/whatsapp-image-2023-06-29-at-12-08-46-2\/\"><img decoding=\"async\" width=\"150\" height=\"150\" src=\"https:\/\/www.nationalpark-unteres-odertal.de\/wp-content\/uploads\/WhatsApp-Image-2023-06-29-at-12.08.46-150x150.jpeg\" class=\"attachment-thumbnail size-thumbnail lazyload\" alt srcset=\"data:image\/svg+xml,%3Csvg%20xmlns%3D%27http%3A%2F%2Fwww.w3.org%2F2000%2Fsvg%27%20width%3D%271200%27%20height%3D%271600%27%20viewBox%3D%270%200%201200%201600%27%3E%3Crect%20width%3D%271200%27%20height%3D%271600%27%20fill-opacity%3D%220%22%2F%3E%3C%2Fsvg%3E\" data-orig-src=\"https:\/\/www.nationalpark-unteres-odertal.de\/wp-content\/uploads\/WhatsApp-Image-2023-06-29-at-12.08.46-150x150.jpeg\" data-srcset=\"https:\/\/www.nationalpark-unteres-odertal.de\/wp-content\/uploads\/WhatsApp-Image-2023-06-29-at-12.08.46-66x66.jpeg 66w, https:\/\/www.nationalpark-unteres-odertal.de\/wp-content\/uploads\/WhatsApp-Image-2023-06-29-at-12.08.46-150x150.jpeg 150w\" data-sizes=\"auto\"><\/a>\n\t\t\t<\/dt><\/dl><br style=\"clear: both\"><dl class=\"gallery-item\">\n\t\t\t<dt class=\"gallery-icon landscape\">\n\t\t\t\t<a data-rel=\"iLightbox[postimages]\" data-title=\"WhatsApp Image 2023-06-29 at 12.08.47\" data-caption href=\"https:\/\/www.nationalpark-unteres-odertal.de\/pl\/komunikat-prasowy\/komunikat-prasowy-03-2023\/whatsapp-image-2023-06-29-at-12-08-47-2\/\"><img decoding=\"async\" width=\"150\" height=\"150\" src=\"https:\/\/www.nationalpark-unteres-odertal.de\/wp-content\/uploads\/WhatsApp-Image-2023-06-29-at-12.08.47-150x150.jpeg\" class=\"attachment-thumbnail size-thumbnail lazyload\" alt srcset=\"data:image\/svg+xml,%3Csvg%20xmlns%3D%27http%3A%2F%2Fwww.w3.org%2F2000%2Fsvg%27%20width%3D%271600%27%20height%3D%271200%27%20viewBox%3D%270%200%201600%201200%27%3E%3Crect%20width%3D%271600%27%20height%3D%271200%27%20fill-opacity%3D%220%22%2F%3E%3C%2Fsvg%3E\" data-orig-src=\"https:\/\/www.nationalpark-unteres-odertal.de\/wp-content\/uploads\/WhatsApp-Image-2023-06-29-at-12.08.47-150x150.jpeg\" data-srcset=\"https:\/\/www.nationalpark-unteres-odertal.de\/wp-content\/uploads\/WhatsApp-Image-2023-06-29-at-12.08.47-66x66.jpeg 66w, https:\/\/www.nationalpark-unteres-odertal.de\/wp-content\/uploads\/WhatsApp-Image-2023-06-29-at-12.08.47-150x150.jpeg 150w\" data-sizes=\"auto\"><\/a>\n\t\t\t<\/dt><\/dl><dl class=\"gallery-item\">\n\t\t\t<dt class=\"gallery-icon landscape\">\n\t\t\t\t<a data-rel=\"iLightbox[postimages]\" data-title=\"WhatsApp Image 2023-06-29 at 12.08.49\" data-caption href=\"https:\/\/www.nationalpark-unteres-odertal.de\/pl\/komunikat-prasowy\/komunikat-prasowy-03-2023\/whatsapp-image-2023-06-29-at-12-08-49-2\/\"><img decoding=\"async\" width=\"150\" height=\"150\" src=\"https:\/\/www.nationalpark-unteres-odertal.de\/wp-content\/uploads\/WhatsApp-Image-2023-06-29-at-12.08.49-150x150.jpeg\" class=\"attachment-thumbnail size-thumbnail lazyload\" alt srcset=\"data:image\/svg+xml,%3Csvg%20xmlns%3D%27http%3A%2F%2Fwww.w3.org%2F2000%2Fsvg%27%20width%3D%271600%27%20height%3D%271200%27%20viewBox%3D%270%200%201600%201200%27%3E%3Crect%20width%3D%271600%27%20height%3D%271200%27%20fill-opacity%3D%220%22%2F%3E%3C%2Fsvg%3E\" data-orig-src=\"https:\/\/www.nationalpark-unteres-odertal.de\/wp-content\/uploads\/WhatsApp-Image-2023-06-29-at-12.08.49-150x150.jpeg\" data-srcset=\"https:\/\/www.nationalpark-unteres-odertal.de\/wp-content\/uploads\/WhatsApp-Image-2023-06-29-at-12.08.49-66x66.jpeg 66w, https:\/\/www.nationalpark-unteres-odertal.de\/wp-content\/uploads\/WhatsApp-Image-2023-06-29-at-12.08.49-150x150.jpeg 150w\" data-sizes=\"auto\"><\/a>\n\t\t\t<\/dt><\/dl><dl class=\"gallery-item\">\n\t\t\t<dt class=\"gallery-icon landscape\">\n\t\t\t\t<a data-rel=\"iLightbox[postimages]\" data-title=\"WhatsApp Image 2023-06-29 at 12.08.50\" data-caption href=\"https:\/\/www.nationalpark-unteres-odertal.de\/pl\/komunikat-prasowy\/komunikat-prasowy-03-2023\/whatsapp-image-2023-06-29-at-12-08-50-2\/\"><img decoding=\"async\" width=\"150\" height=\"150\" src=\"https:\/\/www.nationalpark-unteres-odertal.de\/wp-content\/uploads\/WhatsApp-Image-2023-06-29-at-12.08.50-150x150.jpeg\" class=\"attachment-thumbnail size-thumbnail lazyload\" alt srcset=\"data:image\/svg+xml,%3Csvg%20xmlns%3D%27http%3A%2F%2Fwww.w3.org%2F2000%2Fsvg%27%20width%3D%271600%27%20height%3D%271200%27%20viewBox%3D%270%200%201600%201200%27%3E%3Crect%20width%3D%271600%27%20height%3D%271200%27%20fill-opacity%3D%220%22%2F%3E%3C%2Fsvg%3E\" data-orig-src=\"https:\/\/www.nationalpark-unteres-odertal.de\/wp-content\/uploads\/WhatsApp-Image-2023-06-29-at-12.08.50-150x150.jpeg\" data-srcset=\"https:\/\/www.nationalpark-unteres-odertal.de\/wp-content\/uploads\/WhatsApp-Image-2023-06-29-at-12.08.50-66x66.jpeg 66w, https:\/\/www.nationalpark-unteres-odertal.de\/wp-content\/uploads\/WhatsApp-Image-2023-06-29-at-12.08.50-150x150.jpeg 150w\" data-sizes=\"auto\"><\/a>\n\t\t\t<\/dt><\/dl><dl class=\"gallery-item\">\n\t\t\t<dt class=\"gallery-icon portrait\">\n\t\t\t\t<a data-rel=\"iLightbox[postimages]\" data-title=\"WhatsApp Image 2023-06-29 at 12.08.51\" data-caption href=\"https:\/\/www.nationalpark-unteres-odertal.de\/pl\/komunikat-prasowy\/komunikat-prasowy-03-2023\/whatsapp-image-2023-06-29-at-12-08-51-2\/\"><img decoding=\"async\" width=\"150\" height=\"150\" src=\"https:\/\/www.nationalpark-unteres-odertal.de\/wp-content\/uploads\/WhatsApp-Image-2023-06-29-at-12.08.51-150x150.jpeg\" class=\"attachment-thumbnail size-thumbnail lazyload\" alt srcset=\"data:image\/svg+xml,%3Csvg%20xmlns%3D%27http%3A%2F%2Fwww.w3.org%2F2000%2Fsvg%27%20width%3D%271200%27%20height%3D%271600%27%20viewBox%3D%270%200%201200%201600%27%3E%3Crect%20width%3D%271200%27%20height%3D%271600%27%20fill-opacity%3D%220%22%2F%3E%3C%2Fsvg%3E\" data-orig-src=\"https:\/\/www.nationalpark-unteres-odertal.de\/wp-content\/uploads\/WhatsApp-Image-2023-06-29-at-12.08.51-150x150.jpeg\" data-srcset=\"https:\/\/www.nationalpark-unteres-odertal.de\/wp-content\/uploads\/WhatsApp-Image-2023-06-29-at-12.08.51-66x66.jpeg 66w, https:\/\/www.nationalpark-unteres-odertal.de\/wp-content\/uploads\/WhatsApp-Image-2023-06-29-at-12.08.51-150x150.jpeg 150w\" data-sizes=\"auto\"><\/a>\n\t\t\t<\/dt><\/dl><dl class=\"gallery-item\">\n\t\t\t<dt class=\"gallery-icon landscape\">\n\t\t\t\t<a data-rel=\"iLightbox[postimages]\" data-title=\"WhatsApp Image 2023-06-29 at 12.08.52 (2)\" data-caption href=\"https:\/\/www.nationalpark-unteres-odertal.de\/pl\/komunikat-prasowy\/komunikat-prasowy-03-2023\/whatsapp-image-2023-06-29-at-12-08-52-2-2\/\"><img decoding=\"async\" width=\"150\" height=\"150\" src=\"https:\/\/www.nationalpark-unteres-odertal.de\/wp-content\/uploads\/WhatsApp-Image-2023-06-29-at-12.08.52-2-150x150.jpeg\" class=\"attachment-thumbnail size-thumbnail lazyload\" alt srcset=\"data:image\/svg+xml,%3Csvg%20xmlns%3D%27http%3A%2F%2Fwww.w3.org%2F2000%2Fsvg%27%20width%3D%271600%27%20height%3D%271200%27%20viewBox%3D%270%200%201600%201200%27%3E%3Crect%20width%3D%271600%27%20height%3D%271200%27%20fill-opacity%3D%220%22%2F%3E%3C%2Fsvg%3E\" data-orig-src=\"https:\/\/www.nationalpark-unteres-odertal.de\/wp-content\/uploads\/WhatsApp-Image-2023-06-29-at-12.08.52-2-150x150.jpeg\" data-srcset=\"https:\/\/www.nationalpark-unteres-odertal.de\/wp-content\/uploads\/WhatsApp-Image-2023-06-29-at-12.08.52-2-66x66.jpeg 66w, https:\/\/www.nationalpark-unteres-odertal.de\/wp-content\/uploads\/WhatsApp-Image-2023-06-29-at-12.08.52-2-150x150.jpeg 150w\" data-sizes=\"auto\"><\/a>\n\t\t\t<\/dt><\/dl><dl class=\"gallery-item\">\n\t\t\t<dt class=\"gallery-icon portrait\">\n\t\t\t\t<a data-rel=\"iLightbox[postimages]\" data-title=\"WhatsApp Image 2023-06-29 at 17.15.08\" data-caption href=\"https:\/\/www.nationalpark-unteres-odertal.de\/pl\/komunikat-prasowy\/komunikat-prasowy-03-2023\/whatsapp-image-2023-06-29-at-17-15-08-2\/\"><img decoding=\"async\" width=\"150\" height=\"150\" src=\"https:\/\/www.nationalpark-unteres-odertal.de\/wp-content\/uploads\/WhatsApp-Image-2023-06-29-at-17.15.08-150x150.jpeg\" class=\"attachment-thumbnail size-thumbnail lazyload\" alt srcset=\"data:image\/svg+xml,%3Csvg%20xmlns%3D%27http%3A%2F%2Fwww.w3.org%2F2000%2Fsvg%27%20width%3D%271500%27%20height%3D%272000%27%20viewBox%3D%270%200%201500%202000%27%3E%3Crect%20width%3D%271500%27%20height%3D%272000%27%20fill-opacity%3D%220%22%2F%3E%3C%2Fsvg%3E\" data-orig-src=\"https:\/\/www.nationalpark-unteres-odertal.de\/wp-content\/uploads\/WhatsApp-Image-2023-06-29-at-17.15.08-150x150.jpeg\" data-srcset=\"https:\/\/www.nationalpark-unteres-odertal.de\/wp-content\/uploads\/WhatsApp-Image-2023-06-29-at-17.15.08-66x66.jpeg 66w, https:\/\/www.nationalpark-unteres-odertal.de\/wp-content\/uploads\/WhatsApp-Image-2023-06-29-at-17.15.08-150x150.jpeg 150w\" data-sizes=\"auto\"><\/a>\n\t\t\t<\/dt><\/dl><br style=\"clear: both\"><dl class=\"gallery-item\">\n\t\t\t<dt class=\"gallery-icon portrait\">\n\t\t\t\t<a data-rel=\"iLightbox[postimages]\" data-title=\"WhatsApp Image 2023-06-29 at 17.15.34\" data-caption href=\"https:\/\/www.nationalpark-unteres-odertal.de\/pl\/komunikat-prasowy\/komunikat-prasowy-03-2023\/whatsapp-image-2023-06-29-at-17-15-34-2\/\"><img decoding=\"async\" width=\"150\" height=\"150\" src=\"https:\/\/www.nationalpark-unteres-odertal.de\/wp-content\/uploads\/WhatsApp-Image-2023-06-29-at-17.15.34-150x150.jpeg\" class=\"attachment-thumbnail size-thumbnail lazyload\" alt srcset=\"data:image\/svg+xml,%3Csvg%20xmlns%3D%27http%3A%2F%2Fwww.w3.org%2F2000%2Fsvg%27%20width%3D%271500%27%20height%3D%272000%27%20viewBox%3D%270%200%201500%202000%27%3E%3Crect%20width%3D%271500%27%20height%3D%272000%27%20fill-opacity%3D%220%22%2F%3E%3C%2Fsvg%3E\" data-orig-src=\"https:\/\/www.nationalpark-unteres-odertal.de\/wp-content\/uploads\/WhatsApp-Image-2023-06-29-at-17.15.34-150x150.jpeg\" data-srcset=\"https:\/\/www.nationalpark-unteres-odertal.de\/wp-content\/uploads\/WhatsApp-Image-2023-06-29-at-17.15.34-66x66.jpeg 66w, https:\/\/www.nationalpark-unteres-odertal.de\/wp-content\/uploads\/WhatsApp-Image-2023-06-29-at-17.15.34-150x150.jpeg 150w\" data-sizes=\"auto\"><\/a>\n\t\t\t<\/dt><\/dl><dl class=\"gallery-item\">\n\t\t\t<dt class=\"gallery-icon portrait\">\n\t\t\t\t<a data-rel=\"iLightbox[postimages]\" data-title=\"WhatsApp Image 2023-06-29 at 17.16.39\" data-caption href=\"https:\/\/www.nationalpark-unteres-odertal.de\/pl\/komunikat-prasowy\/komunikat-prasowy-03-2023\/whatsapp-image-2023-06-29-at-17-16-39-2\/\"><img decoding=\"async\" width=\"150\" height=\"150\" src=\"https:\/\/www.nationalpark-unteres-odertal.de\/wp-content\/uploads\/WhatsApp-Image-2023-06-29-at-17.16.39-150x150.jpeg\" class=\"attachment-thumbnail size-thumbnail lazyload\" alt srcset=\"data:image\/svg+xml,%3Csvg%20xmlns%3D%27http%3A%2F%2Fwww.w3.org%2F2000%2Fsvg%27%20width%3D%271500%27%20height%3D%272000%27%20viewBox%3D%270%200%201500%202000%27%3E%3Crect%20width%3D%271500%27%20height%3D%272000%27%20fill-opacity%3D%220%22%2F%3E%3C%2Fsvg%3E\" data-orig-src=\"https:\/\/www.nationalpark-unteres-odertal.de\/wp-content\/uploads\/WhatsApp-Image-2023-06-29-at-17.16.39-150x150.jpeg\" data-srcset=\"https:\/\/www.nationalpark-unteres-odertal.de\/wp-content\/uploads\/WhatsApp-Image-2023-06-29-at-17.16.39-66x66.jpeg 66w, https:\/\/www.nationalpark-unteres-odertal.de\/wp-content\/uploads\/WhatsApp-Image-2023-06-29-at-17.16.39-150x150.jpeg 150w\" data-sizes=\"auto\"><\/a>\n\t\t\t<\/dt><\/dl><dl class=\"gallery-item\">\n\t\t\t<dt class=\"gallery-icon landscape\">\n\t\t\t\t<a data-rel=\"iLightbox[postimages]\" data-title=\"WhatsApp Image 2023-06-30 at 11.52.13\" data-caption href=\"https:\/\/www.nationalpark-unteres-odertal.de\/pl\/komunikat-prasowy\/komunikat-prasowy-03-2023\/whatsapp-image-2023-06-30-at-11-52-13-2\/\"><img decoding=\"async\" width=\"150\" height=\"150\" src=\"https:\/\/www.nationalpark-unteres-odertal.de\/wp-content\/uploads\/WhatsApp-Image-2023-06-30-at-11.52.13-150x150.jpeg\" class=\"attachment-thumbnail size-thumbnail lazyload\" alt srcset=\"data:image\/svg+xml,%3Csvg%20xmlns%3D%27http%3A%2F%2Fwww.w3.org%2F2000%2Fsvg%27%20width%3D%271600%27%20height%3D%271200%27%20viewBox%3D%270%200%201600%201200%27%3E%3Crect%20width%3D%271600%27%20height%3D%271200%27%20fill-opacity%3D%220%22%2F%3E%3C%2Fsvg%3E\" data-orig-src=\"https:\/\/www.nationalpark-unteres-odertal.de\/wp-content\/uploads\/WhatsApp-Image-2023-06-30-at-11.52.13-150x150.jpeg\" data-srcset=\"https:\/\/www.nationalpark-unteres-odertal.de\/wp-content\/uploads\/WhatsApp-Image-2023-06-30-at-11.52.13-66x66.jpeg 66w, https:\/\/www.nationalpark-unteres-odertal.de\/wp-content\/uploads\/WhatsApp-Image-2023-06-30-at-11.52.13-150x150.jpeg 150w\" data-sizes=\"auto\"><\/a>\n\t\t\t<\/dt><\/dl><dl class=\"gallery-item\">\n\t\t\t<dt class=\"gallery-icon portrait\">\n\t\t\t\t<a data-rel=\"iLightbox[postimages]\" data-title=\"WhatsApp Image 2023-06-30 at 11.52.14 (1)\" data-caption href=\"https:\/\/www.nationalpark-unteres-odertal.de\/pl\/komunikat-prasowy\/komunikat-prasowy-03-2023\/whatsapp-image-2023-06-30-at-11-52-14-1-2\/\"><img decoding=\"async\" width=\"150\" height=\"150\" src=\"https:\/\/www.nationalpark-unteres-odertal.de\/wp-content\/uploads\/WhatsApp-Image-2023-06-30-at-11.52.14-1-150x150.jpeg\" class=\"attachment-thumbnail size-thumbnail lazyload\" alt srcset=\"data:image\/svg+xml,%3Csvg%20xmlns%3D%27http%3A%2F%2Fwww.w3.org%2F2000%2Fsvg%27%20width%3D%271200%27%20height%3D%271600%27%20viewBox%3D%270%200%201200%201600%27%3E%3Crect%20width%3D%271200%27%20height%3D%271600%27%20fill-opacity%3D%220%22%2F%3E%3C%2Fsvg%3E\" data-orig-src=\"https:\/\/www.nationalpark-unteres-odertal.de\/wp-content\/uploads\/WhatsApp-Image-2023-06-30-at-11.52.14-1-150x150.jpeg\" data-srcset=\"https:\/\/www.nationalpark-unteres-odertal.de\/wp-content\/uploads\/WhatsApp-Image-2023-06-30-at-11.52.14-1-66x66.jpeg 66w, https:\/\/www.nationalpark-unteres-odertal.de\/wp-content\/uploads\/WhatsApp-Image-2023-06-30-at-11.52.14-1-150x150.jpeg 150w\" data-sizes=\"auto\"><\/a>\n\t\t\t<\/dt><\/dl><dl class=\"gallery-item\">\n\t\t\t<dt class=\"gallery-icon landscape\">\n\t\t\t\t<a data-rel=\"iLightbox[postimages]\" data-title=\"WhatsApp Image 2023-06-30 at 11.52.16 (2)\" data-caption href=\"https:\/\/www.nationalpark-unteres-odertal.de\/pl\/komunikat-prasowy\/komunikat-prasowy-03-2023\/whatsapp-image-2023-06-30-at-11-52-16-2-2\/\"><img decoding=\"async\" width=\"150\" height=\"150\" src=\"https:\/\/www.nationalpark-unteres-odertal.de\/wp-content\/uploads\/WhatsApp-Image-2023-06-30-at-11.52.16-2-150x150.jpeg\" class=\"attachment-thumbnail size-thumbnail lazyload\" alt srcset=\"data:image\/svg+xml,%3Csvg%20xmlns%3D%27http%3A%2F%2Fwww.w3.org%2F2000%2Fsvg%27%20width%3D%271600%27%20height%3D%271200%27%20viewBox%3D%270%200%201600%201200%27%3E%3Crect%20width%3D%271600%27%20height%3D%271200%27%20fill-opacity%3D%220%22%2F%3E%3C%2Fsvg%3E\" data-orig-src=\"https:\/\/www.nationalpark-unteres-odertal.de\/wp-content\/uploads\/WhatsApp-Image-2023-06-30-at-11.52.16-2-150x150.jpeg\" data-srcset=\"https:\/\/www.nationalpark-unteres-odertal.de\/wp-content\/uploads\/WhatsApp-Image-2023-06-30-at-11.52.16-2-66x66.jpeg 66w, https:\/\/www.nationalpark-unteres-odertal.de\/wp-content\/uploads\/WhatsApp-Image-2023-06-30-at-11.52.16-2-150x150.jpeg 150w\" data-sizes=\"auto\"><\/a>\n\t\t\t<\/dt><\/dl>\n\t\t\t<br style=\"clear: both\">\n\t\t<\/div>\n\n","protected":false},"featured_media":0,"template":"","categories":[816],"class_list":["post-11089","presseerklaerung","type-presseerklaerung","status-publish","hentry","category-komunikaty-prasowe-stowarzyszenia-parkow-narodowych"],"yoast_head":"<title>Komunikat prasowy 03\/2023 - Nationalpark Unteres Odertal<\/title>\n<meta name=\"robots\" content=\"index, follow, max-snippet:-1, max-image-preview:large, max-video-preview:-1\" \/>\n<link rel=\"canonical\" href=\"https:\/\/www.nationalpark-unteres-odertal.de\/pl\/komunikat-prasowy\/komunikat-prasowy-03-2023\/\" \/>\n<meta property=\"og:locale\" content=\"pl_PL\" \/>\n<meta property=\"og:type\" content=\"article\" \/>\n<meta property=\"og:title\" content=\"Komunikat prasowy 03\/2023 - Nationalpark Unteres Odertal\" \/>\n<meta property=\"og:description\" content=\"Uda\u00adne warsz\u00adta\u00adty pro\u00adjek\u00adtu LIFE AMPHICON Zwi\u0105z\u00adku Par\u00adk\u00f3w Naro\u00addo\u00adwych Doli\u00adny Dol\u00adnej [&hellip;]\" \/>\n<meta property=\"og:url\" content=\"https:\/\/www.nationalpark-unteres-odertal.de\/pl\/komunikat-prasowy\/komunikat-prasowy-03-2023\/\" \/>\n<meta property=\"og:site_name\" content=\"Nationalpark Unteres Odertal\" \/>\n<meta property=\"og:image\" content=\"https:\/\/www.nationalpark-unteres-odertal.de\/wp-content\/uploads\/D99DDB64-4B72-4EFD-B798-6390CD8AD9C3_1_105_c-150x150.jpeg\" \/>\n<meta name=\"twitter:card\" content=\"summary_large_image\" \/>\n<script type=\"application\/ld+json\" class=\"yoast-schema-graph\">{\"@context\":\"https:\/\/schema.org\",\"@graph\":[{\"@type\":\"WebPage\",\"@id\":\"https:\/\/www.nationalpark-unteres-odertal.de\/pl\/komunikat-prasowy\/komunikat-prasowy-03-2023\/\",\"url\":\"https:\/\/www.nationalpark-unteres-odertal.de\/pl\/komunikat-prasowy\/komunikat-prasowy-03-2023\/\",\"name\":\"Komunikat prasowy 03\/2023 - Nationalpark Unteres Odertal\",\"isPartOf\":{\"@id\":\"https:\/\/www.nationalpark-unteres-odertal.de\/pl\/#website\"},\"datePublished\":\"2023-07-26T10:35:59+00:00\",\"dateModified\":\"2023-07-26T10:35:59+00:00\",\"breadcrumb\":{\"@id\":\"https:\/\/www.nationalpark-unteres-odertal.de\/pl\/komunikat-prasowy\/komunikat-prasowy-03-2023\/#breadcrumb\"},\"inLanguage\":\"pl-PL\",\"potentialAction\":[{\"@type\":\"ReadAction\",\"target\":[\"https:\/\/www.nationalpark-unteres-odertal.de\/pl\/komunikat-prasowy\/komunikat-prasowy-03-2023\/\"]}]},{\"@type\":\"BreadcrumbList\",\"@id\":\"https:\/\/www.nationalpark-unteres-odertal.de\/pl\/komunikat-prasowy\/komunikat-prasowy-03-2023\/#breadcrumb\",\"itemListElement\":[{\"@type\":\"ListItem\",\"position\":1,\"name\":\"Strona g\u0142\u00f3wna\",\"item\":\"https:\/\/www.nationalpark-unteres-odertal.de\/pl\/\"},{\"@type\":\"ListItem\",\"position\":2,\"name\":\"Komunikaty prasowe\",\"item\":\"https:\/\/www.nationalpark-unteres-odertal.de\/pl\/komunikat-prasowy\/\"},{\"@type\":\"ListItem\",\"position\":3,\"name\":\"Komunikat prasowy 03\/2023\"}]},{\"@type\":\"WebSite\",\"@id\":\"https:\/\/www.nationalpark-unteres-odertal.de\/pl\/#website\",\"url\":\"https:\/\/www.nationalpark-unteres-odertal.de\/pl\/\",\"name\":\"Nationalpark Unteres Odertal\",\"description\":\"Verein der Freunde des Deutsch-Polnischen Europa-Nationalparks Unteres Odertal e.V. &amp; Nationalparkstiftung Unteres Odertal\",\"publisher\":{\"@id\":\"https:\/\/www.nationalpark-unteres-odertal.de\/pl\/#organization\"},\"potentialAction\":[{\"@type\":\"SearchAction\",\"target\":{\"@type\":\"EntryPoint\",\"urlTemplate\":\"https:\/\/www.nationalpark-unteres-odertal.de\/pl\/?s={search_term_string}\"},\"query-input\":{\"@type\":\"PropertyValueSpecification\",\"valueRequired\":true,\"valueName\":\"search_term_string\"}}],\"inLanguage\":\"pl-PL\"},{\"@type\":\"Organization\",\"@id\":\"https:\/\/www.nationalpark-unteres-odertal.de\/pl\/#organization\",\"name\":\"Verein der Freunde des Deutsch-Polnischen Europa-Nationalparks Unteres Odertal e.V. & Nationalparkstiftung Unteres Odertal\",\"url\":\"https:\/\/www.nationalpark-unteres-odertal.de\/pl\/\",\"logo\":{\"@type\":\"ImageObject\",\"inLanguage\":\"pl-PL\",\"@id\":\"https:\/\/www.nationalpark-unteres-odertal.de\/pl\/#\/schema\/logo\/image\/\",\"url\":\"https:\/\/www.nationalpark-unteres-odertal.de\/wp-content\/uploads\/logos-google.png\",\"contentUrl\":\"https:\/\/www.nationalpark-unteres-odertal.de\/wp-content\/uploads\/logos-google.png\",\"width\":800,\"height\":344,\"caption\":\"Verein der Freunde des Deutsch-Polnischen Europa-Nationalparks Unteres Odertal e.V. & Nationalparkstiftung Unteres Odertal\"},\"image\":{\"@id\":\"https:\/\/www.nationalpark-unteres-odertal.de\/pl\/#\/schema\/logo\/image\/\"}}]}<\/script>","yoast_head_json":{"title":"Komunikat prasowy 03\/2023 - Nationalpark Unteres Odertal","robots":{"index":"index","follow":"follow","max-snippet":"max-snippet:-1","max-image-preview":"max-image-preview:large","max-video-preview":"max-video-preview:-1"},"canonical":"https:\/\/www.nationalpark-unteres-odertal.de\/pl\/komunikat-prasowy\/komunikat-prasowy-03-2023\/","og_locale":"pl_PL","og_type":"article","og_title":"Komunikat prasowy 03\/2023 - Nationalpark Unteres Odertal","og_description":"Uda\u00adne warsz\u00adta\u00adty pro\u00adjek\u00adtu LIFE AMPHICON Zwi\u0105z\u00adku Par\u00adk\u00f3w Naro\u00addo\u00adwych Doli\u00adny Dol\u00adnej [&hellip;]","og_url":"https:\/\/www.nationalpark-unteres-odertal.de\/pl\/komunikat-prasowy\/komunikat-prasowy-03-2023\/","og_site_name":"Nationalpark Unteres Odertal","og_image":[{"url":"https:\/\/www.nationalpark-unteres-odertal.de\/wp-content\/uploads\/D99DDB64-4B72-4EFD-B798-6390CD8AD9C3_1_105_c-150x150.jpeg","type":"","width":"","height":""}],"twitter_card":"summary_large_image","schema":{"@context":"https:\/\/schema.org","@graph":[{"@type":"WebPage","@id":"https:\/\/www.nationalpark-unteres-odertal.de\/pl\/komunikat-prasowy\/komunikat-prasowy-03-2023\/","url":"https:\/\/www.nationalpark-unteres-odertal.de\/pl\/komunikat-prasowy\/komunikat-prasowy-03-2023\/","name":"Komunikat prasowy 03\/2023 - Nationalpark Unteres Odertal","isPartOf":{"@id":"https:\/\/www.nationalpark-unteres-odertal.de\/pl\/#website"},"datePublished":"2023-07-26T10:35:59+00:00","dateModified":"2023-07-26T10:35:59+00:00","breadcrumb":{"@id":"https:\/\/www.nationalpark-unteres-odertal.de\/pl\/komunikat-prasowy\/komunikat-prasowy-03-2023\/#breadcrumb"},"inLanguage":"pl-PL","potentialAction":[{"@type":"ReadAction","target":["https:\/\/www.nationalpark-unteres-odertal.de\/pl\/komunikat-prasowy\/komunikat-prasowy-03-2023\/"]}]},{"@type":"BreadcrumbList","@id":"https:\/\/www.nationalpark-unteres-odertal.de\/pl\/komunikat-prasowy\/komunikat-prasowy-03-2023\/#breadcrumb","itemListElement":[{"@type":"ListItem","position":1,"name":"Strona g\u0142\u00f3wna","item":"https:\/\/www.nationalpark-unteres-odertal.de\/pl\/"},{"@type":"ListItem","position":2,"name":"Komunikaty prasowe","item":"https:\/\/www.nationalpark-unteres-odertal.de\/pl\/komunikat-prasowy\/"},{"@type":"ListItem","position":3,"name":"Komunikat prasowy 03\/2023"}]},{"@type":"WebSite","@id":"https:\/\/www.nationalpark-unteres-odertal.de\/pl\/#website","url":"https:\/\/www.nationalpark-unteres-odertal.de\/pl\/","name":"Nationalpark Unteres Odertal","description":"Verein der Freunde des Deutsch-Polnischen Europa-Nationalparks Unteres Odertal e.V. &amp; Nationalparkstiftung Unteres Odertal","publisher":{"@id":"https:\/\/www.nationalpark-unteres-odertal.de\/pl\/#organization"},"potentialAction":[{"@type":"SearchAction","target":{"@type":"EntryPoint","urlTemplate":"https:\/\/www.nationalpark-unteres-odertal.de\/pl\/?s={search_term_string}"},"query-input":{"@type":"PropertyValueSpecification","valueRequired":true,"valueName":"search_term_string"}}],"inLanguage":"pl-PL"},{"@type":"Organization","@id":"https:\/\/www.nationalpark-unteres-odertal.de\/pl\/#organization","name":"Verein der Freunde des Deutsch-Polnischen Europa-Nationalparks Unteres Odertal e.V. & Nationalparkstiftung Unteres Odertal","url":"https:\/\/www.nationalpark-unteres-odertal.de\/pl\/","logo":{"@type":"ImageObject","inLanguage":"pl-PL","@id":"https:\/\/www.nationalpark-unteres-odertal.de\/pl\/#\/schema\/logo\/image\/","url":"https:\/\/www.nationalpark-unteres-odertal.de\/wp-content\/uploads\/logos-google.png","contentUrl":"https:\/\/www.nationalpark-unteres-odertal.de\/wp-content\/uploads\/logos-google.png","width":800,"height":344,"caption":"Verein der Freunde des Deutsch-Polnischen Europa-Nationalparks Unteres Odertal e.V. & Nationalparkstiftung Unteres Odertal"},"image":{"@id":"https:\/\/www.nationalpark-unteres-odertal.de\/pl\/#\/schema\/logo\/image\/"}}]}},"_links":{"self":[{"href":"https:\/\/www.nationalpark-unteres-odertal.de\/pl\/wp-json\/wp\/v2\/presseerklaerung\/11089","targetHints":{"allow":["GET"]}}],"collection":[{"href":"https:\/\/www.nationalpark-unteres-odertal.de\/pl\/wp-json\/wp\/v2\/presseerklaerung"}],"about":[{"href":"https:\/\/www.nationalpark-unteres-odertal.de\/pl\/wp-json\/wp\/v2\/types\/presseerklaerung"}],"wp:attachment":[{"href":"https:\/\/www.nationalpark-unteres-odertal.de\/pl\/wp-json\/wp\/v2\/media?parent=11089"}],"wp:term":[{"taxonomy":"category","embeddable":true,"href":"https:\/\/www.nationalpark-unteres-odertal.de\/pl\/wp-json\/wp\/v2\/categories?post=11089"}],"curies":[{"name":"wp","href":"https:\/\/api.w.org\/{rel}","templated":true}]}}