{"id":8812,"date":"2005-04-04T16:11:29","date_gmt":"2005-04-04T14:11:29","guid":{"rendered":"https:\/\/2021.nationalpark-unteres-odertal.de\/presseerklaerung\/komunikat-prasowy-iii-2005\/"},"modified":"2005-04-04T16:11:29","modified_gmt":"2005-04-04T14:11:29","slug":"komunikat-prasowy-iii-2005","status":"publish","type":"presseerklaerung","link":"https:\/\/www.nationalpark-unteres-odertal.de\/pl\/komunikat-prasowy\/komunikat-prasowy-iii-2005\/","title":{"rendered":"Komunikat prasowy III \/&nbsp;2005"},"content":{"rendered":"<p>\n\t<strong>Fau\u00adna w sta\u00adwie przed wypom\u00adpo\u00adwa\u00adniem&nbsp;wody<\/strong><\/p>\n<p> W nie\u00addzie\u00adl\u0119 17 kwiet\u00adnia 2005 Fun\u00adda\u00adcja Park Naro\u00addo\u00adwy zapra\u00adsza na pierw\u00adsz\u0105 wyciecz\u00adk\u0119 do Doli\u00adny Dol\u00adnej Odry. Prof. Dr. Wol\u00adfgang Dohle z Wol\u00adne\u00adgo Uni\u00adwer\u00adsy\u00adte\u00adtu w Ber\u00adli\u00adnie pro\u00adwa\u00addzi przez polder Fid\u00addi\u00adcho\u00adwa (10), kt\u00f3\u00adry w tam\u00adtych cza\u00adsach praw\u00addo\u00adpo\u00addob\u00adnie by\u0142 jesz\u00adcze zale\u00adwa\u00adny przez zimo\u00adwe powo\u00addzie. Miej\u00adscem spo\u00adtka\u00adnia jest Szko\u00ad\u0142a Teero\u00adfen\u00adbr\u00fcc\u00adke Wil\u00adder\u00adness, o godzi\u00adnie 10:00 na par\u00adkin\u00adgu. Przy\u00adnie\u015b dobre buty, odzie\u017c odpor\u00adn\u0105 na warun\u00adki atmos\u00adfe\u00adrycz\u00adne i, je\u015bli to koniecz\u00adne, lornetk\u0119.<\/p>\n<p> Doli\u00adna Dol\u00adnej Odry jest tra\u00addy\u00adcyj\u00adnie jed\u00adnym z nie\u00adlicz\u00adnych pozo\u00adsta\u00ad\u0142ych obsza\u00adr\u00f3w zale\u00adwo\u00adwych w Euro\u00adpie \u015arod\u00adko\u00adwej. Jest to jedy\u00adny park naro\u00addo\u00adwy na tere\u00adnach zale\u00adwo\u00adwych w Niem\u00adczech. Szcze\u00adg\u00f3l\u00adnie inte\u00adre\u00adsu\u00adj\u0105\u00adce jest zatem pozna\u00adnie \u015bwia\u00adta zwie\u00adrz\u0105t w cza\u00adsach, gdy nie\u00adzwy\u00adkle nie\u00adko\u00adrzyst\u00adne z eko\u00adlo\u00adgicz\u00adne\u00adgo punk\u00adtu widze\u00adnia pom\u00adpo\u00adwa\u00adnie polde\u00adr\u00f3w jesz\u00adcze si\u0119 nie rozpocz\u0119\u0142o.<\/p>\n<p> Wyciecz\u00adka jest bez\u00adp\u0142at\u00adna, pro\u00adsi\u00admy o daro\u00adwi\u00adzny i wcze\u00ad\u015bniej\u00adsz\u0105 reje\u00adstra\u00adcj\u0119 tele\u00adfo\u00adnicz\u00adn\u0105 pod nr tel.: 03332\/219822.<\/p>\n<p> Rada dyrektor\u00f3w<\/p>\n","protected":false},"featured_media":0,"template":"","categories":[813],"class_list":["post-8812","presseerklaerung","type-presseerklaerung","status-publish","hentry","category-komunikaty-prasowe-fundacji-park-narodowy"],"yoast_head":"<title>Komunikat prasowy III \/ 2005 - Nationalpark Unteres Odertal<\/title>\n<meta name=\"robots\" content=\"index, follow, max-snippet:-1, max-image-preview:large, max-video-preview:-1\" \/>\n<link rel=\"canonical\" href=\"https:\/\/www.nationalpark-unteres-odertal.de\/pl\/komunikat-prasowy\/komunikat-prasowy-iii-2005\/\" \/>\n<meta property=\"og:locale\" content=\"pl_PL\" \/>\n<meta property=\"og:type\" content=\"article\" \/>\n<meta property=\"og:title\" content=\"Komunikat prasowy III \/ 2005 - Nationalpark Unteres Odertal\" \/>\n<meta property=\"og:description\" content=\"Fau\u00adna w sta\u00adwie przed wypom\u00adpo\u00adwa\u00adniem&nbsp;wody W nie\u00addzie\u00adl\u0119 17 kwiet\u00adnia 2005 [&hellip;]\" \/>\n<meta property=\"og:url\" content=\"https:\/\/www.nationalpark-unteres-odertal.de\/pl\/komunikat-prasowy\/komunikat-prasowy-iii-2005\/\" \/>\n<meta property=\"og:site_name\" content=\"Nationalpark Unteres Odertal\" \/>\n<meta name=\"twitter:card\" content=\"summary_large_image\" \/>\n<script type=\"application\/ld+json\" class=\"yoast-schema-graph\">{\"@context\":\"https:\/\/schema.org\",\"@graph\":[{\"@type\":\"WebPage\",\"@id\":\"https:\/\/www.nationalpark-unteres-odertal.de\/pl\/komunikat-prasowy\/komunikat-prasowy-iii-2005\/\",\"url\":\"https:\/\/www.nationalpark-unteres-odertal.de\/pl\/komunikat-prasowy\/komunikat-prasowy-iii-2005\/\",\"name\":\"Komunikat prasowy III \/ 2005 - Nationalpark Unteres Odertal\",\"isPartOf\":{\"@id\":\"https:\/\/www.nationalpark-unteres-odertal.de\/pl\/#website\"},\"datePublished\":\"2005-04-04T14:11:29+00:00\",\"dateModified\":\"2005-04-04T14:11:29+00:00\",\"breadcrumb\":{\"@id\":\"https:\/\/www.nationalpark-unteres-odertal.de\/pl\/komunikat-prasowy\/komunikat-prasowy-iii-2005\/#breadcrumb\"},\"inLanguage\":\"pl-PL\",\"potentialAction\":[{\"@type\":\"ReadAction\",\"target\":[\"https:\/\/www.nationalpark-unteres-odertal.de\/pl\/komunikat-prasowy\/komunikat-prasowy-iii-2005\/\"]}]},{\"@type\":\"BreadcrumbList\",\"@id\":\"https:\/\/www.nationalpark-unteres-odertal.de\/pl\/komunikat-prasowy\/komunikat-prasowy-iii-2005\/#breadcrumb\",\"itemListElement\":[{\"@type\":\"ListItem\",\"position\":1,\"name\":\"Strona g\u0142\u00f3wna\",\"item\":\"https:\/\/www.nationalpark-unteres-odertal.de\/pl\/\"},{\"@type\":\"ListItem\",\"position\":2,\"name\":\"Komunikaty prasowe\",\"item\":\"https:\/\/www.nationalpark-unteres-odertal.de\/pl\/komunikat-prasowy\/\"},{\"@type\":\"ListItem\",\"position\":3,\"name\":\"Komunikat prasowy III \/&nbsp;2005\"}]},{\"@type\":\"WebSite\",\"@id\":\"https:\/\/www.nationalpark-unteres-odertal.de\/pl\/#website\",\"url\":\"https:\/\/www.nationalpark-unteres-odertal.de\/pl\/\",\"name\":\"Nationalpark Unteres Odertal\",\"description\":\"Verein der Freunde des Deutsch-Polnischen Europa-Nationalparks Unteres Odertal e.V. &amp; Nationalparkstiftung Unteres Odertal\",\"publisher\":{\"@id\":\"https:\/\/www.nationalpark-unteres-odertal.de\/pl\/#organization\"},\"potentialAction\":[{\"@type\":\"SearchAction\",\"target\":{\"@type\":\"EntryPoint\",\"urlTemplate\":\"https:\/\/www.nationalpark-unteres-odertal.de\/pl\/?s={search_term_string}\"},\"query-input\":{\"@type\":\"PropertyValueSpecification\",\"valueRequired\":true,\"valueName\":\"search_term_string\"}}],\"inLanguage\":\"pl-PL\"},{\"@type\":\"Organization\",\"@id\":\"https:\/\/www.nationalpark-unteres-odertal.de\/pl\/#organization\",\"name\":\"Verein der Freunde des Deutsch-Polnischen Europa-Nationalparks Unteres Odertal e.V. & Nationalparkstiftung Unteres Odertal\",\"url\":\"https:\/\/www.nationalpark-unteres-odertal.de\/pl\/\",\"logo\":{\"@type\":\"ImageObject\",\"inLanguage\":\"pl-PL\",\"@id\":\"https:\/\/www.nationalpark-unteres-odertal.de\/pl\/#\/schema\/logo\/image\/\",\"url\":\"https:\/\/www.nationalpark-unteres-odertal.de\/wp-content\/uploads\/logos-google.png\",\"contentUrl\":\"https:\/\/www.nationalpark-unteres-odertal.de\/wp-content\/uploads\/logos-google.png\",\"width\":800,\"height\":344,\"caption\":\"Verein der Freunde des Deutsch-Polnischen Europa-Nationalparks Unteres Odertal e.V. & Nationalparkstiftung Unteres Odertal\"},\"image\":{\"@id\":\"https:\/\/www.nationalpark-unteres-odertal.de\/pl\/#\/schema\/logo\/image\/\"}}]}<\/script>","yoast_head_json":{"title":"Komunikat prasowy III \/ 2005 - Nationalpark Unteres Odertal","robots":{"index":"index","follow":"follow","max-snippet":"max-snippet:-1","max-image-preview":"max-image-preview:large","max-video-preview":"max-video-preview:-1"},"canonical":"https:\/\/www.nationalpark-unteres-odertal.de\/pl\/komunikat-prasowy\/komunikat-prasowy-iii-2005\/","og_locale":"pl_PL","og_type":"article","og_title":"Komunikat prasowy III \/ 2005 - Nationalpark Unteres Odertal","og_description":"Fau\u00adna w sta\u00adwie przed wypom\u00adpo\u00adwa\u00adniem&nbsp;wody W nie\u00addzie\u00adl\u0119 17 kwiet\u00adnia 2005 [&hellip;]","og_url":"https:\/\/www.nationalpark-unteres-odertal.de\/pl\/komunikat-prasowy\/komunikat-prasowy-iii-2005\/","og_site_name":"Nationalpark Unteres Odertal","twitter_card":"summary_large_image","schema":{"@context":"https:\/\/schema.org","@graph":[{"@type":"WebPage","@id":"https:\/\/www.nationalpark-unteres-odertal.de\/pl\/komunikat-prasowy\/komunikat-prasowy-iii-2005\/","url":"https:\/\/www.nationalpark-unteres-odertal.de\/pl\/komunikat-prasowy\/komunikat-prasowy-iii-2005\/","name":"Komunikat prasowy III \/ 2005 - Nationalpark Unteres Odertal","isPartOf":{"@id":"https:\/\/www.nationalpark-unteres-odertal.de\/pl\/#website"},"datePublished":"2005-04-04T14:11:29+00:00","dateModified":"2005-04-04T14:11:29+00:00","breadcrumb":{"@id":"https:\/\/www.nationalpark-unteres-odertal.de\/pl\/komunikat-prasowy\/komunikat-prasowy-iii-2005\/#breadcrumb"},"inLanguage":"pl-PL","potentialAction":[{"@type":"ReadAction","target":["https:\/\/www.nationalpark-unteres-odertal.de\/pl\/komunikat-prasowy\/komunikat-prasowy-iii-2005\/"]}]},{"@type":"BreadcrumbList","@id":"https:\/\/www.nationalpark-unteres-odertal.de\/pl\/komunikat-prasowy\/komunikat-prasowy-iii-2005\/#breadcrumb","itemListElement":[{"@type":"ListItem","position":1,"name":"Strona g\u0142\u00f3wna","item":"https:\/\/www.nationalpark-unteres-odertal.de\/pl\/"},{"@type":"ListItem","position":2,"name":"Komunikaty prasowe","item":"https:\/\/www.nationalpark-unteres-odertal.de\/pl\/komunikat-prasowy\/"},{"@type":"ListItem","position":3,"name":"Komunikat prasowy III \/&nbsp;2005"}]},{"@type":"WebSite","@id":"https:\/\/www.nationalpark-unteres-odertal.de\/pl\/#website","url":"https:\/\/www.nationalpark-unteres-odertal.de\/pl\/","name":"Nationalpark Unteres Odertal","description":"Verein der Freunde des Deutsch-Polnischen Europa-Nationalparks Unteres Odertal e.V. &amp; Nationalparkstiftung Unteres Odertal","publisher":{"@id":"https:\/\/www.nationalpark-unteres-odertal.de\/pl\/#organization"},"potentialAction":[{"@type":"SearchAction","target":{"@type":"EntryPoint","urlTemplate":"https:\/\/www.nationalpark-unteres-odertal.de\/pl\/?s={search_term_string}"},"query-input":{"@type":"PropertyValueSpecification","valueRequired":true,"valueName":"search_term_string"}}],"inLanguage":"pl-PL"},{"@type":"Organization","@id":"https:\/\/www.nationalpark-unteres-odertal.de\/pl\/#organization","name":"Verein der Freunde des Deutsch-Polnischen Europa-Nationalparks Unteres Odertal e.V. & Nationalparkstiftung Unteres Odertal","url":"https:\/\/www.nationalpark-unteres-odertal.de\/pl\/","logo":{"@type":"ImageObject","inLanguage":"pl-PL","@id":"https:\/\/www.nationalpark-unteres-odertal.de\/pl\/#\/schema\/logo\/image\/","url":"https:\/\/www.nationalpark-unteres-odertal.de\/wp-content\/uploads\/logos-google.png","contentUrl":"https:\/\/www.nationalpark-unteres-odertal.de\/wp-content\/uploads\/logos-google.png","width":800,"height":344,"caption":"Verein der Freunde des Deutsch-Polnischen Europa-Nationalparks Unteres Odertal e.V. & Nationalparkstiftung Unteres Odertal"},"image":{"@id":"https:\/\/www.nationalpark-unteres-odertal.de\/pl\/#\/schema\/logo\/image\/"}}]}},"_links":{"self":[{"href":"https:\/\/www.nationalpark-unteres-odertal.de\/pl\/wp-json\/wp\/v2\/presseerklaerung\/8812","targetHints":{"allow":["GET"]}}],"collection":[{"href":"https:\/\/www.nationalpark-unteres-odertal.de\/pl\/wp-json\/wp\/v2\/presseerklaerung"}],"about":[{"href":"https:\/\/www.nationalpark-unteres-odertal.de\/pl\/wp-json\/wp\/v2\/types\/presseerklaerung"}],"wp:attachment":[{"href":"https:\/\/www.nationalpark-unteres-odertal.de\/pl\/wp-json\/wp\/v2\/media?parent=8812"}],"wp:term":[{"taxonomy":"category","embeddable":true,"href":"https:\/\/www.nationalpark-unteres-odertal.de\/pl\/wp-json\/wp\/v2\/categories?post=8812"}],"curies":[{"name":"wp","href":"https:\/\/api.w.org\/{rel}","templated":true}]}}