{"id":8814,"date":"2005-03-08T16:08:55","date_gmt":"2005-03-08T15:08:55","guid":{"rendered":"https:\/\/2021.nationalpark-unteres-odertal.de\/presseerklaerung\/komunikat-prasowy-ii-2005\/"},"modified":"2005-03-08T16:08:55","modified_gmt":"2005-03-08T15:08:55","slug":"komunikat-prasowy-ii-2005","status":"publish","type":"presseerklaerung","link":"https:\/\/www.nationalpark-unteres-odertal.de\/pl\/komunikat-prasowy\/komunikat-prasowy-ii-2005\/","title":{"rendered":"Komunikat prasowy II \/&nbsp;2005"},"content":{"rendered":"<p>\n Sza\u00adnow\u00adny Panie, Sza\u00adnow\u00adna&nbsp;Pani,<\/p>\n<p> Niniej\u00adszym przed\u00adsta\u00adwia\u00admy aktu\u00adal\u00adn\u0105 edy\u00adcj\u0119 nasze\u00adgo pro\u00adgra\u00admu wycie\u00adczek na rok 2005. Jest to edy\u00adcja jubi\u00adle\u00aduszo\u00adwa, o ile Fun\u00adda\u00adcja Park Naro\u00addo\u00adwy obcho\u00addzi w tym roku swo\u00adje 10-lecie. Pro\u00adgram wycie\u00adczek jest zatem szcze\u00adg\u00f3l\u00adnie obszer\u00adny i obej\u00admu\u00adje 14 wycie\u00adczek z prze\u00adwod\u00adni\u00adkiem. Cie\u00adszy\u00admy si\u0119, \u017ce po raz kolej\u00adny uda\u00ad\u0142o nam si\u0119 pozy\u00adska\u0107 reno\u00admo\u00adwa\u00adnych naukow\u00adc\u00f3w z naszych orga\u00adni\u00adza\u00adcji part\u00adner\u00adskich na uni\u00adwer\u00adsy\u00adte\u00adtach, uczel\u00adniach tech\u00adnicz\u00adnych, insty\u00adtu\u00adcjach badaw\u00adczych i muzeum histo\u00adrii natu\u00adral\u00adnej, aby ofe\u00adro\u00adwa\u0107 naj\u00adwy\u017c\u00adszej kla\u00adsy, wolon\u00adta\u00adriac\u00adkie i non-pro\u00adfit wyciecz\u00adki w og\u00f3l\u00adnie zro\u00adzu\u00admia\u00ad\u0142ej for\u00admie. Udzia\u0142 w wyciecz\u00adkach jest bez\u00adp\u0142at\u00adny, daro\u00adwi\u00adzny s\u0105 mile widzia\u00adne, pro\u00adsi\u00admy o wcze\u00ad\u015bniej\u00adsz\u0105 rezer\u00adwa\u00adcj\u0119 telefoniczn\u0105.<\/p>\n<p>\n Taki pro\u00adgram wycie\u00adczek, kt\u00f3\u00adry fun\u00adda\u00adcja mog\u0142a kon\u00adty\u00adnu\u00adowa\u0107 po raz \u00f3smy, jest wyj\u0105t\u00adko\u00adwy w par\u00adkach naro\u00addo\u00adwych i obsza\u00adrach chro\u00adnio\u00adnych, przy\u00adnaj\u00admniej w Niem\u00adczech. \u015awiad\u00adczy o du\u017cym zaan\u00adga\u00ad\u017co\u00adwa\u00adniu insty\u00adtu\u00adcji nauko\u00adwych w regio\u00adnie z jedy\u00adnym par\u00adkiem naro\u00addo\u00adwym w Bran\u00adden\u00adbur\u00adgii i g\u0142\u0119\u00adbo\u00adkim zwi\u0105z\u00adku z ochro\u00adn\u0105 przy\u00adro\u00addy. Jest to wspa\u00adnia\u00ad\u0142y przy\u00adk\u0142ad oby\u00adwa\u00adtel\u00adskie\u00adgo, dobro\u00adwol\u00adne\u00adgo zaan\u00adga\u00ad\u017co\u00adwa\u00adnia, nie\u00adza\u00adle\u017c\u00adne\u00adgo od rz\u0105\u00addo\u00adwych regu\u00adla\u00adcji i finansowania.<\/p>\n<p>\n Byli\u00adby\u00ad\u015bmy zachwy\u00adce\u00adni, gdy\u00adby\u015b m\u00f3g\u0142 w odpo\u00adwied\u00adni spo\u00ads\u00f3b przy\u00adbli\u00ad\u017cy\u0107 t\u0119 wyj\u0105t\u00adko\u00adw\u0105 ofer\u00adt\u0119 swo\u00adim czy\u00adtel\u00adni\u00adkom, widzom i s\u0142uchaczom.<\/p>\n<p>\n Dr. Ans\u00adgar V\u00f6ssing<\/p>\n","protected":false},"featured_media":0,"template":"","categories":[813],"class_list":["post-8814","presseerklaerung","type-presseerklaerung","status-publish","hentry","category-komunikaty-prasowe-fundacji-park-narodowy"],"yoast_head":"<title>Komunikat prasowy II \/ 2005 - Nationalpark Unteres Odertal<\/title>\n<meta name=\"robots\" content=\"index, follow, max-snippet:-1, max-image-preview:large, max-video-preview:-1\" \/>\n<link rel=\"canonical\" href=\"https:\/\/www.nationalpark-unteres-odertal.de\/pl\/komunikat-prasowy\/komunikat-prasowy-ii-2005\/\" \/>\n<meta property=\"og:locale\" content=\"pl_PL\" \/>\n<meta property=\"og:type\" content=\"article\" \/>\n<meta property=\"og:title\" content=\"Komunikat prasowy II \/ 2005 - Nationalpark Unteres Odertal\" \/>\n<meta property=\"og:description\" content=\"Sza\u00adnow\u00adny Panie, Sza\u00adnow\u00adna&nbsp;Pani, Niniej\u00adszym przed\u00adsta\u00adwia\u00admy aktu\u00adal\u00adn\u0105 edy\u00adcj\u0119 nasze\u00adgo pro\u00adgra\u00admu wycie\u00adczek [&hellip;]\" \/>\n<meta property=\"og:url\" content=\"https:\/\/www.nationalpark-unteres-odertal.de\/pl\/komunikat-prasowy\/komunikat-prasowy-ii-2005\/\" \/>\n<meta property=\"og:site_name\" content=\"Nationalpark Unteres Odertal\" \/>\n<meta name=\"twitter:card\" content=\"summary_large_image\" \/>\n<script type=\"application\/ld+json\" class=\"yoast-schema-graph\">{\"@context\":\"https:\/\/schema.org\",\"@graph\":[{\"@type\":\"WebPage\",\"@id\":\"https:\/\/www.nationalpark-unteres-odertal.de\/pl\/komunikat-prasowy\/komunikat-prasowy-ii-2005\/\",\"url\":\"https:\/\/www.nationalpark-unteres-odertal.de\/pl\/komunikat-prasowy\/komunikat-prasowy-ii-2005\/\",\"name\":\"Komunikat prasowy II \/ 2005 - Nationalpark Unteres Odertal\",\"isPartOf\":{\"@id\":\"https:\/\/www.nationalpark-unteres-odertal.de\/pl\/#website\"},\"datePublished\":\"2005-03-08T15:08:55+00:00\",\"dateModified\":\"2005-03-08T15:08:55+00:00\",\"breadcrumb\":{\"@id\":\"https:\/\/www.nationalpark-unteres-odertal.de\/pl\/komunikat-prasowy\/komunikat-prasowy-ii-2005\/#breadcrumb\"},\"inLanguage\":\"pl-PL\",\"potentialAction\":[{\"@type\":\"ReadAction\",\"target\":[\"https:\/\/www.nationalpark-unteres-odertal.de\/pl\/komunikat-prasowy\/komunikat-prasowy-ii-2005\/\"]}]},{\"@type\":\"BreadcrumbList\",\"@id\":\"https:\/\/www.nationalpark-unteres-odertal.de\/pl\/komunikat-prasowy\/komunikat-prasowy-ii-2005\/#breadcrumb\",\"itemListElement\":[{\"@type\":\"ListItem\",\"position\":1,\"name\":\"Strona g\u0142\u00f3wna\",\"item\":\"https:\/\/www.nationalpark-unteres-odertal.de\/pl\/\"},{\"@type\":\"ListItem\",\"position\":2,\"name\":\"Komunikaty prasowe\",\"item\":\"https:\/\/www.nationalpark-unteres-odertal.de\/pl\/komunikat-prasowy\/\"},{\"@type\":\"ListItem\",\"position\":3,\"name\":\"Komunikat prasowy II \/&nbsp;2005\"}]},{\"@type\":\"WebSite\",\"@id\":\"https:\/\/www.nationalpark-unteres-odertal.de\/pl\/#website\",\"url\":\"https:\/\/www.nationalpark-unteres-odertal.de\/pl\/\",\"name\":\"Nationalpark Unteres Odertal\",\"description\":\"Verein der Freunde des Deutsch-Polnischen Europa-Nationalparks Unteres Odertal e.V. &amp; Nationalparkstiftung Unteres Odertal\",\"publisher\":{\"@id\":\"https:\/\/www.nationalpark-unteres-odertal.de\/pl\/#organization\"},\"potentialAction\":[{\"@type\":\"SearchAction\",\"target\":{\"@type\":\"EntryPoint\",\"urlTemplate\":\"https:\/\/www.nationalpark-unteres-odertal.de\/pl\/?s={search_term_string}\"},\"query-input\":{\"@type\":\"PropertyValueSpecification\",\"valueRequired\":true,\"valueName\":\"search_term_string\"}}],\"inLanguage\":\"pl-PL\"},{\"@type\":\"Organization\",\"@id\":\"https:\/\/www.nationalpark-unteres-odertal.de\/pl\/#organization\",\"name\":\"Verein der Freunde des Deutsch-Polnischen Europa-Nationalparks Unteres Odertal e.V. & Nationalparkstiftung Unteres Odertal\",\"url\":\"https:\/\/www.nationalpark-unteres-odertal.de\/pl\/\",\"logo\":{\"@type\":\"ImageObject\",\"inLanguage\":\"pl-PL\",\"@id\":\"https:\/\/www.nationalpark-unteres-odertal.de\/pl\/#\/schema\/logo\/image\/\",\"url\":\"https:\/\/www.nationalpark-unteres-odertal.de\/wp-content\/uploads\/logos-google.png\",\"contentUrl\":\"https:\/\/www.nationalpark-unteres-odertal.de\/wp-content\/uploads\/logos-google.png\",\"width\":800,\"height\":344,\"caption\":\"Verein der Freunde des Deutsch-Polnischen Europa-Nationalparks Unteres Odertal e.V. & Nationalparkstiftung Unteres Odertal\"},\"image\":{\"@id\":\"https:\/\/www.nationalpark-unteres-odertal.de\/pl\/#\/schema\/logo\/image\/\"}}]}<\/script>","yoast_head_json":{"title":"Komunikat prasowy II \/ 2005 - Nationalpark Unteres Odertal","robots":{"index":"index","follow":"follow","max-snippet":"max-snippet:-1","max-image-preview":"max-image-preview:large","max-video-preview":"max-video-preview:-1"},"canonical":"https:\/\/www.nationalpark-unteres-odertal.de\/pl\/komunikat-prasowy\/komunikat-prasowy-ii-2005\/","og_locale":"pl_PL","og_type":"article","og_title":"Komunikat prasowy II \/ 2005 - Nationalpark Unteres Odertal","og_description":"Sza\u00adnow\u00adny Panie, Sza\u00adnow\u00adna&nbsp;Pani, Niniej\u00adszym przed\u00adsta\u00adwia\u00admy aktu\u00adal\u00adn\u0105 edy\u00adcj\u0119 nasze\u00adgo pro\u00adgra\u00admu wycie\u00adczek [&hellip;]","og_url":"https:\/\/www.nationalpark-unteres-odertal.de\/pl\/komunikat-prasowy\/komunikat-prasowy-ii-2005\/","og_site_name":"Nationalpark Unteres Odertal","twitter_card":"summary_large_image","schema":{"@context":"https:\/\/schema.org","@graph":[{"@type":"WebPage","@id":"https:\/\/www.nationalpark-unteres-odertal.de\/pl\/komunikat-prasowy\/komunikat-prasowy-ii-2005\/","url":"https:\/\/www.nationalpark-unteres-odertal.de\/pl\/komunikat-prasowy\/komunikat-prasowy-ii-2005\/","name":"Komunikat prasowy II \/ 2005 - Nationalpark Unteres Odertal","isPartOf":{"@id":"https:\/\/www.nationalpark-unteres-odertal.de\/pl\/#website"},"datePublished":"2005-03-08T15:08:55+00:00","dateModified":"2005-03-08T15:08:55+00:00","breadcrumb":{"@id":"https:\/\/www.nationalpark-unteres-odertal.de\/pl\/komunikat-prasowy\/komunikat-prasowy-ii-2005\/#breadcrumb"},"inLanguage":"pl-PL","potentialAction":[{"@type":"ReadAction","target":["https:\/\/www.nationalpark-unteres-odertal.de\/pl\/komunikat-prasowy\/komunikat-prasowy-ii-2005\/"]}]},{"@type":"BreadcrumbList","@id":"https:\/\/www.nationalpark-unteres-odertal.de\/pl\/komunikat-prasowy\/komunikat-prasowy-ii-2005\/#breadcrumb","itemListElement":[{"@type":"ListItem","position":1,"name":"Strona g\u0142\u00f3wna","item":"https:\/\/www.nationalpark-unteres-odertal.de\/pl\/"},{"@type":"ListItem","position":2,"name":"Komunikaty prasowe","item":"https:\/\/www.nationalpark-unteres-odertal.de\/pl\/komunikat-prasowy\/"},{"@type":"ListItem","position":3,"name":"Komunikat prasowy II \/&nbsp;2005"}]},{"@type":"WebSite","@id":"https:\/\/www.nationalpark-unteres-odertal.de\/pl\/#website","url":"https:\/\/www.nationalpark-unteres-odertal.de\/pl\/","name":"Nationalpark Unteres Odertal","description":"Verein der Freunde des Deutsch-Polnischen Europa-Nationalparks Unteres Odertal e.V. &amp; Nationalparkstiftung Unteres Odertal","publisher":{"@id":"https:\/\/www.nationalpark-unteres-odertal.de\/pl\/#organization"},"potentialAction":[{"@type":"SearchAction","target":{"@type":"EntryPoint","urlTemplate":"https:\/\/www.nationalpark-unteres-odertal.de\/pl\/?s={search_term_string}"},"query-input":{"@type":"PropertyValueSpecification","valueRequired":true,"valueName":"search_term_string"}}],"inLanguage":"pl-PL"},{"@type":"Organization","@id":"https:\/\/www.nationalpark-unteres-odertal.de\/pl\/#organization","name":"Verein der Freunde des Deutsch-Polnischen Europa-Nationalparks Unteres Odertal e.V. & Nationalparkstiftung Unteres Odertal","url":"https:\/\/www.nationalpark-unteres-odertal.de\/pl\/","logo":{"@type":"ImageObject","inLanguage":"pl-PL","@id":"https:\/\/www.nationalpark-unteres-odertal.de\/pl\/#\/schema\/logo\/image\/","url":"https:\/\/www.nationalpark-unteres-odertal.de\/wp-content\/uploads\/logos-google.png","contentUrl":"https:\/\/www.nationalpark-unteres-odertal.de\/wp-content\/uploads\/logos-google.png","width":800,"height":344,"caption":"Verein der Freunde des Deutsch-Polnischen Europa-Nationalparks Unteres Odertal e.V. & Nationalparkstiftung Unteres Odertal"},"image":{"@id":"https:\/\/www.nationalpark-unteres-odertal.de\/pl\/#\/schema\/logo\/image\/"}}]}},"_links":{"self":[{"href":"https:\/\/www.nationalpark-unteres-odertal.de\/pl\/wp-json\/wp\/v2\/presseerklaerung\/8814","targetHints":{"allow":["GET"]}}],"collection":[{"href":"https:\/\/www.nationalpark-unteres-odertal.de\/pl\/wp-json\/wp\/v2\/presseerklaerung"}],"about":[{"href":"https:\/\/www.nationalpark-unteres-odertal.de\/pl\/wp-json\/wp\/v2\/types\/presseerklaerung"}],"wp:attachment":[{"href":"https:\/\/www.nationalpark-unteres-odertal.de\/pl\/wp-json\/wp\/v2\/media?parent=8814"}],"wp:term":[{"taxonomy":"category","embeddable":true,"href":"https:\/\/www.nationalpark-unteres-odertal.de\/pl\/wp-json\/wp\/v2\/categories?post=8814"}],"curies":[{"name":"wp","href":"https:\/\/api.w.org\/{rel}","templated":true}]}}