{"id":8835,"date":"2005-04-11T16:14:37","date_gmt":"2005-04-11T14:14:37","guid":{"rendered":"https:\/\/2021.nationalpark-unteres-odertal.de\/presseerklaerung\/komunikat-prasowy-02-2005\/"},"modified":"2005-04-11T16:14:37","modified_gmt":"2005-04-11T14:14:37","slug":"komunikat-prasowy-02-2005","status":"publish","type":"presseerklaerung","link":"https:\/\/www.nationalpark-unteres-odertal.de\/pl\/komunikat-prasowy\/komunikat-prasowy-02-2005\/","title":{"rendered":"Komunikat prasowy 02\/2005"},"content":{"rendered":"<p>\n\t<strong>Prze\u00adciw\u00adni\u00adcy par\u00adku naro\u00addo\u00adwe\u00adgo spo\u00adty\u00adka\u00adj\u0105 si\u0119 ze&nbsp;sob\u0105<\/strong><br>\n Kon\u00adfe\u00adren\u00adcja loka\u00adli\u00adza\u00adcyj\u00adna Bischof\u00adfa pogrze\u00adbem par\u00adku narodowego!<\/p>\n<p> Przy\u00adsz\u0142a kon\u00adfe\u00adren\u00adcja zwo\u00ad\u0142a\u00adna przez samo\u00adzwa\u0144\u00adcze\u00adgo bisku\u00adpa Ucker\u00admark jed\u00adno\u00adczy wszyst\u00adkich prze\u00adciw\u00adni\u00adk\u00f3w par\u00adku naro\u00addo\u00adwe\u00adgo, ale nie pro\u00adwa\u00addzi do otwar\u00adtej i uczci\u00adwej dys\u00adku\u00adsji ze wszyst\u00adki\u00admi zain\u00adte\u00adre\u00adso\u00adwa\u00adny\u00admi i zaan\u00adga\u00ad\u017co\u00adwa\u00adny\u00admi, a ju\u017c na pew\u00adno nie do roz\u00adwi\u0105\u00adza\u00adnia nie\u00adroz\u00adstrzy\u00adgni\u0119\u00adtych kwe\u00adstii. Roz\u00adwi\u0105\u00adza\u00adnie bez sto\u00adwa\u00adrzy\u00adsze\u0144 ochro\u00adny przy\u00adro\u00addy i ochro\u00adny \u015bro\u00addo\u00adwi\u00adska jest trud\u00adne do wyobra\u00ad\u017ce\u00adnia, roz\u00adwi\u0105\u00adza\u00adnie bez poszko\u00addo\u00adwa\u00adnych w\u0142a\u00ad\u015bci\u00adcie\u00adli nie\u00adru\u00adcho\u00admo\u00ad\u015bci jest od pocz\u0105t\u00adku ska\u00adza\u00adne na nie\u00adpo\u00adwo\u00addze\u00adnie. Pozo\u00adsta\u00adje\u00adcie wi\u0119c w\u015br\u00f3d sie\u00adbie na przy\u00adsz\u0142ej kon\u00adfe\u00adren\u00adcji, wza\u00adjem\u00adnie wzmac\u00adniaj\u00adcie w\u0142a\u00adsne opi\u00adnie, kt\u00f3\u00adre ju\u017c si\u0119 ugrun\u00adto\u00adwa\u00ad\u0142y. Nie chce\u00admy dalej prze\u00adszka\u00addza\u0107. Po raz kolej\u00adny zmar\u00adno\u00adwa\u00adno szan\u00ads\u0119 na dialog.<\/p>\n<p>\n Sto\u00adwa\u00adrzy\u00adsze\u00adnie Przy\u00adja\u00adci\u00f3\u0142 Pol\u00adsko-Nie\u00admiec\u00adkie\u00adgo Euro\u00adpej\u00adskie\u00adgo Par\u00adku Naro\u00addo\u00adwe\u00adgo Unte\u00adres Ode\u00adrtal e. V. wypo\u00adwia\u00adda si\u0119 prze\u00adciw\u00adko pla\u00adno\u00adwa\u00adnej nowe\u00adli\u00adza\u00adcji usta\u00adwy o par\u00adkach naro\u00addo\u00adwych, kt\u00f3\u00adra bez w\u0105t\u00adpie\u00adnia dopro\u00adwa\u00addzi\u00ad\u0142a\u00adby jedy\u00adnie do dal\u00adsze\u00adgo os\u0142a\u00adbie\u00adnia i z\u0142a\u00adgo\u00addze\u00adnia i tak ju\u017c umiar\u00adko\u00adwa\u00adne\u00adgo sta\u00adtu\u00adsu ochro\u00adny. Zamiast tego sto\u00adwa\u00adrzy\u00adsze\u00adnie doma\u00adga si\u0119 kon\u00adse\u00adkwent\u00adne\u00adgo wdra\u00ad\u017ca\u00adnia usta\u00adwy o par\u00adkach naro\u00addo\u00adwych oraz pla\u00adnu utrzy\u00adma\u00adnia i roz\u00adwo\u00adju. W tym celu kraj zwi\u0105z\u00adko\u00adwy Bran\u00adden\u00adbur\u00adgia musi pro\u00adwa\u00addzi\u0107 aktyw\u00adn\u0105 poli\u00adty\u00adk\u0119 finan\u00adso\u00adwa\u00adnia spe\u00adcjal\u00adnie dla par\u00adku naro\u00addo\u00adwe\u00adgo, zw\u0142asz\u00adcza dla lokal\u00adne\u00adgo rolnictwa.<\/p>\n<p>\n S\u0105 chwi\u00adle w \u017cyciu, kie\u00addy musisz zde\u00adcy\u00addo\u00adwa\u0107: czy chcesz park naro\u00addo\u00adwy, to musisz go kon\u00adse\u00adkwent\u00adnie reali\u00adzo\u00adwa\u0107 roz\u00ads\u0105d\u00adny\u00admi kro\u00adka\u00admi, czy bra\u00adku\u00adje Ci woli, si\u0142y lub odwa\u00adgi, \u017ceby to zro\u00adbi\u0107, to powi\u00adnie\u00adne\u015b by\u0107 uczci\u00adwy i zamiast tego stwo\u00adrzy\u0107 rezer\u00adwat bios\u00adfe\u00adry lub park przy\u00adro\u00addy. Zde\u00adcy\u00addo\u00adwa\u00adnie odrzu\u00adca\u00admy oszu\u00adka\u0144\u00adcz\u0105 etykiet\u0119.<\/p>\n<p>\n\t&nbsp;<\/p>\n<p>\n Tho\u00admas&nbsp;Berg<br>\n CEO<\/p>\n","protected":false},"featured_media":0,"template":"","categories":[816],"class_list":["post-8835","presseerklaerung","type-presseerklaerung","status-publish","hentry","category-komunikaty-prasowe-stowarzyszenia-parkow-narodowych"],"yoast_head":"<title>Komunikat prasowy 02\/2005 - Nationalpark Unteres Odertal<\/title>\n<meta name=\"robots\" content=\"index, follow, max-snippet:-1, max-image-preview:large, max-video-preview:-1\" \/>\n<link rel=\"canonical\" href=\"https:\/\/www.nationalpark-unteres-odertal.de\/pl\/komunikat-prasowy\/komunikat-prasowy-02-2005\/\" \/>\n<meta property=\"og:locale\" content=\"pl_PL\" \/>\n<meta property=\"og:type\" content=\"article\" \/>\n<meta property=\"og:title\" content=\"Komunikat prasowy 02\/2005 - Nationalpark Unteres Odertal\" \/>\n<meta property=\"og:description\" content=\"Prze\u00adciw\u00adni\u00adcy par\u00adku naro\u00addo\u00adwe\u00adgo spo\u00adty\u00adka\u00adj\u0105 si\u0119 ze&nbsp;sob\u0105 Kon\u00adfe\u00adren\u00adcja loka\u00adli\u00adza\u00adcyj\u00adna Bischof\u00adfa pogrze\u00adbem [&hellip;]\" \/>\n<meta property=\"og:url\" content=\"https:\/\/www.nationalpark-unteres-odertal.de\/pl\/komunikat-prasowy\/komunikat-prasowy-02-2005\/\" \/>\n<meta property=\"og:site_name\" content=\"Nationalpark Unteres Odertal\" \/>\n<meta name=\"twitter:card\" content=\"summary_large_image\" \/>\n<script type=\"application\/ld+json\" class=\"yoast-schema-graph\">{\"@context\":\"https:\/\/schema.org\",\"@graph\":[{\"@type\":\"WebPage\",\"@id\":\"https:\/\/www.nationalpark-unteres-odertal.de\/pl\/komunikat-prasowy\/komunikat-prasowy-02-2005\/\",\"url\":\"https:\/\/www.nationalpark-unteres-odertal.de\/pl\/komunikat-prasowy\/komunikat-prasowy-02-2005\/\",\"name\":\"Komunikat prasowy 02\/2005 - Nationalpark Unteres Odertal\",\"isPartOf\":{\"@id\":\"https:\/\/www.nationalpark-unteres-odertal.de\/pl\/#website\"},\"datePublished\":\"2005-04-11T14:14:37+00:00\",\"dateModified\":\"2005-04-11T14:14:37+00:00\",\"breadcrumb\":{\"@id\":\"https:\/\/www.nationalpark-unteres-odertal.de\/pl\/komunikat-prasowy\/komunikat-prasowy-02-2005\/#breadcrumb\"},\"inLanguage\":\"pl-PL\",\"potentialAction\":[{\"@type\":\"ReadAction\",\"target\":[\"https:\/\/www.nationalpark-unteres-odertal.de\/pl\/komunikat-prasowy\/komunikat-prasowy-02-2005\/\"]}]},{\"@type\":\"BreadcrumbList\",\"@id\":\"https:\/\/www.nationalpark-unteres-odertal.de\/pl\/komunikat-prasowy\/komunikat-prasowy-02-2005\/#breadcrumb\",\"itemListElement\":[{\"@type\":\"ListItem\",\"position\":1,\"name\":\"Strona g\u0142\u00f3wna\",\"item\":\"https:\/\/www.nationalpark-unteres-odertal.de\/pl\/\"},{\"@type\":\"ListItem\",\"position\":2,\"name\":\"Komunikaty prasowe\",\"item\":\"https:\/\/www.nationalpark-unteres-odertal.de\/pl\/komunikat-prasowy\/\"},{\"@type\":\"ListItem\",\"position\":3,\"name\":\"Komunikat prasowy 02\/2005\"}]},{\"@type\":\"WebSite\",\"@id\":\"https:\/\/www.nationalpark-unteres-odertal.de\/pl\/#website\",\"url\":\"https:\/\/www.nationalpark-unteres-odertal.de\/pl\/\",\"name\":\"Nationalpark Unteres Odertal\",\"description\":\"Verein der Freunde des Deutsch-Polnischen Europa-Nationalparks Unteres Odertal e.V. &amp; Nationalparkstiftung Unteres Odertal\",\"publisher\":{\"@id\":\"https:\/\/www.nationalpark-unteres-odertal.de\/pl\/#organization\"},\"potentialAction\":[{\"@type\":\"SearchAction\",\"target\":{\"@type\":\"EntryPoint\",\"urlTemplate\":\"https:\/\/www.nationalpark-unteres-odertal.de\/pl\/?s={search_term_string}\"},\"query-input\":{\"@type\":\"PropertyValueSpecification\",\"valueRequired\":true,\"valueName\":\"search_term_string\"}}],\"inLanguage\":\"pl-PL\"},{\"@type\":\"Organization\",\"@id\":\"https:\/\/www.nationalpark-unteres-odertal.de\/pl\/#organization\",\"name\":\"Verein der Freunde des Deutsch-Polnischen Europa-Nationalparks Unteres Odertal e.V. & Nationalparkstiftung Unteres Odertal\",\"url\":\"https:\/\/www.nationalpark-unteres-odertal.de\/pl\/\",\"logo\":{\"@type\":\"ImageObject\",\"inLanguage\":\"pl-PL\",\"@id\":\"https:\/\/www.nationalpark-unteres-odertal.de\/pl\/#\/schema\/logo\/image\/\",\"url\":\"https:\/\/www.nationalpark-unteres-odertal.de\/wp-content\/uploads\/logos-google.png\",\"contentUrl\":\"https:\/\/www.nationalpark-unteres-odertal.de\/wp-content\/uploads\/logos-google.png\",\"width\":800,\"height\":344,\"caption\":\"Verein der Freunde des Deutsch-Polnischen Europa-Nationalparks Unteres Odertal e.V. & Nationalparkstiftung Unteres Odertal\"},\"image\":{\"@id\":\"https:\/\/www.nationalpark-unteres-odertal.de\/pl\/#\/schema\/logo\/image\/\"}}]}<\/script>","yoast_head_json":{"title":"Komunikat prasowy 02\/2005 - Nationalpark Unteres Odertal","robots":{"index":"index","follow":"follow","max-snippet":"max-snippet:-1","max-image-preview":"max-image-preview:large","max-video-preview":"max-video-preview:-1"},"canonical":"https:\/\/www.nationalpark-unteres-odertal.de\/pl\/komunikat-prasowy\/komunikat-prasowy-02-2005\/","og_locale":"pl_PL","og_type":"article","og_title":"Komunikat prasowy 02\/2005 - Nationalpark Unteres Odertal","og_description":"Prze\u00adciw\u00adni\u00adcy par\u00adku naro\u00addo\u00adwe\u00adgo spo\u00adty\u00adka\u00adj\u0105 si\u0119 ze&nbsp;sob\u0105 Kon\u00adfe\u00adren\u00adcja loka\u00adli\u00adza\u00adcyj\u00adna Bischof\u00adfa pogrze\u00adbem [&hellip;]","og_url":"https:\/\/www.nationalpark-unteres-odertal.de\/pl\/komunikat-prasowy\/komunikat-prasowy-02-2005\/","og_site_name":"Nationalpark Unteres Odertal","twitter_card":"summary_large_image","schema":{"@context":"https:\/\/schema.org","@graph":[{"@type":"WebPage","@id":"https:\/\/www.nationalpark-unteres-odertal.de\/pl\/komunikat-prasowy\/komunikat-prasowy-02-2005\/","url":"https:\/\/www.nationalpark-unteres-odertal.de\/pl\/komunikat-prasowy\/komunikat-prasowy-02-2005\/","name":"Komunikat prasowy 02\/2005 - Nationalpark Unteres Odertal","isPartOf":{"@id":"https:\/\/www.nationalpark-unteres-odertal.de\/pl\/#website"},"datePublished":"2005-04-11T14:14:37+00:00","dateModified":"2005-04-11T14:14:37+00:00","breadcrumb":{"@id":"https:\/\/www.nationalpark-unteres-odertal.de\/pl\/komunikat-prasowy\/komunikat-prasowy-02-2005\/#breadcrumb"},"inLanguage":"pl-PL","potentialAction":[{"@type":"ReadAction","target":["https:\/\/www.nationalpark-unteres-odertal.de\/pl\/komunikat-prasowy\/komunikat-prasowy-02-2005\/"]}]},{"@type":"BreadcrumbList","@id":"https:\/\/www.nationalpark-unteres-odertal.de\/pl\/komunikat-prasowy\/komunikat-prasowy-02-2005\/#breadcrumb","itemListElement":[{"@type":"ListItem","position":1,"name":"Strona g\u0142\u00f3wna","item":"https:\/\/www.nationalpark-unteres-odertal.de\/pl\/"},{"@type":"ListItem","position":2,"name":"Komunikaty prasowe","item":"https:\/\/www.nationalpark-unteres-odertal.de\/pl\/komunikat-prasowy\/"},{"@type":"ListItem","position":3,"name":"Komunikat prasowy 02\/2005"}]},{"@type":"WebSite","@id":"https:\/\/www.nationalpark-unteres-odertal.de\/pl\/#website","url":"https:\/\/www.nationalpark-unteres-odertal.de\/pl\/","name":"Nationalpark Unteres Odertal","description":"Verein der Freunde des Deutsch-Polnischen Europa-Nationalparks Unteres Odertal e.V. &amp; Nationalparkstiftung Unteres Odertal","publisher":{"@id":"https:\/\/www.nationalpark-unteres-odertal.de\/pl\/#organization"},"potentialAction":[{"@type":"SearchAction","target":{"@type":"EntryPoint","urlTemplate":"https:\/\/www.nationalpark-unteres-odertal.de\/pl\/?s={search_term_string}"},"query-input":{"@type":"PropertyValueSpecification","valueRequired":true,"valueName":"search_term_string"}}],"inLanguage":"pl-PL"},{"@type":"Organization","@id":"https:\/\/www.nationalpark-unteres-odertal.de\/pl\/#organization","name":"Verein der Freunde des Deutsch-Polnischen Europa-Nationalparks Unteres Odertal e.V. & Nationalparkstiftung Unteres Odertal","url":"https:\/\/www.nationalpark-unteres-odertal.de\/pl\/","logo":{"@type":"ImageObject","inLanguage":"pl-PL","@id":"https:\/\/www.nationalpark-unteres-odertal.de\/pl\/#\/schema\/logo\/image\/","url":"https:\/\/www.nationalpark-unteres-odertal.de\/wp-content\/uploads\/logos-google.png","contentUrl":"https:\/\/www.nationalpark-unteres-odertal.de\/wp-content\/uploads\/logos-google.png","width":800,"height":344,"caption":"Verein der Freunde des Deutsch-Polnischen Europa-Nationalparks Unteres Odertal e.V. & Nationalparkstiftung Unteres Odertal"},"image":{"@id":"https:\/\/www.nationalpark-unteres-odertal.de\/pl\/#\/schema\/logo\/image\/"}}]}},"_links":{"self":[{"href":"https:\/\/www.nationalpark-unteres-odertal.de\/pl\/wp-json\/wp\/v2\/presseerklaerung\/8835","targetHints":{"allow":["GET"]}}],"collection":[{"href":"https:\/\/www.nationalpark-unteres-odertal.de\/pl\/wp-json\/wp\/v2\/presseerklaerung"}],"about":[{"href":"https:\/\/www.nationalpark-unteres-odertal.de\/pl\/wp-json\/wp\/v2\/types\/presseerklaerung"}],"wp:attachment":[{"href":"https:\/\/www.nationalpark-unteres-odertal.de\/pl\/wp-json\/wp\/v2\/media?parent=8835"}],"wp:term":[{"taxonomy":"category","embeddable":true,"href":"https:\/\/www.nationalpark-unteres-odertal.de\/pl\/wp-json\/wp\/v2\/categories?post=8835"}],"curies":[{"name":"wp","href":"https:\/\/api.w.org\/{rel}","templated":true}]}}