{"id":8840,"date":"2004-11-22T15:42:22","date_gmt":"2004-11-22T14:42:22","guid":{"rendered":"https:\/\/2021.nationalpark-unteres-odertal.de\/presseerklaerung\/komunikat-prasowy-09-2004\/"},"modified":"2004-11-22T15:42:22","modified_gmt":"2004-11-22T14:42:22","slug":"komunikat-prasowy-09-2004","status":"publish","type":"presseerklaerung","link":"https:\/\/www.nationalpark-unteres-odertal.de\/pl\/komunikat-prasowy\/komunikat-prasowy-09-2004\/","title":{"rendered":"Komunikat prasowy 09\/2004"},"content":{"rendered":"<p class=\"MsoNormal\">\n\t<strong><span>Park Naro\u00addo\u00adwy przed&nbsp;osad\u0105<\/span><\/strong><\/p>\n<p>\t<span>Nowe\u00adli\u00adza\u00adcja \u2013 czy\u00adli os\u0142a\u00adbie\u00adnie \u2013 usta\u00adwy o par\u00adkach naro\u00addo\u00adwych jest sprzecz\u00adna z bran\u00adden\u00adbur\u00adski\u00admi, nie\u00admiec\u00adki\u00admi i mi\u0119\u00addzy\u00adna\u00adro\u00addo\u00adwy\u00admi wymo\u00adga\u00admi i warun\u00adka\u00admi ramowymi<\/span><\/p>\n<p> W umo\u00adwie koali\u00adcyj\u00adnej pod\u00adpi\u00adsa\u00adnej przez pre\u00admie\u00adra Bran\u00adden\u00adbur\u00adgii i prze\u00adwod\u00adni\u00adcz\u0105\u00adce\u00adgo SPD Plat\u00adzec\u00adka nie\u00adwie\u00adle jest do odczy\u00adta\u00adnia pod has\u0142em ochro\u00adny przy\u00adro\u00addy, tyl\u00adko to, \u017ce usta\u00adwa o par\u00adkach naro\u00addo\u00adwych ma zosta\u0107 zno\u00adwe\u00adli\u00adzo\u00adwa\u00adna, czy\u00adli os\u0142a\u00adbio\u00adna. War\u00adto zauwa\u00ad\u017cy\u0107, \u017ce usta\u00adwa ta zosta\u00ad\u0142a spo\u00adrz\u0105\u00addzo\u00adna nie\u00admal dok\u0142ad\u00adnie 10 lat temu przez \u00f3wcze\u00adsne\u00adgo jesz\u00adcze zie\u00adlo\u00adne\u00adgo mini\u00adstra \u015bro\u00addo\u00adwi\u00adska Plat\u00adzec\u00adka i uchwa\u00adlo\u00adna znacz\u00adn\u0105 wi\u0119k\u00adszo\u00ad\u015bci\u0105 przez par\u00adla\u00adment sta\u00adno\u00adwy. Odpo\u00adwie\u00addzial\u00adny mini\u00adster rol\u00adnic\u00adtwa Bran\u00adden\u00adbur\u00adgii, Woid\u00adke, wymie\u00adnia trzy punk\u00adty jako przy\u00adczy\u00adny tej nag\u0142ej i rady\u00adkal\u00adnej zmia\u00adny&nbsp;serca:<\/p>\n<p> 1. Ochro\u00adna przy\u00adro\u00addy w og\u00f3\u00adle, a park naro\u00addo\u00adwy w szcze\u00adg\u00f3l\u00adno\u00ad\u015bci zapo\u00adbie\u00adga osie\u00addla\u00adniu si\u0119 przed\u00adsi\u0119\u00adbiorstw i two\u00adrze\u00adniu nowych miejsc pracy.<\/p>\n<p> Zarzut ten nigdy nie zosta\u0142 uza\u00adsad\u00adnio\u00adny, a ju\u017c na pew\u00adno nie zosta\u0142 udo\u00adwod\u00adnio\u00adny, i nie doty\u00adczy on przy\u00adnaj\u00admniej Doli\u00adny Dol\u00adnej Odry. Jest odwrot\u00adnie. Park naro\u00addo\u00adwy stwo\u00adrzy\u0142 wie\u00adle dodat\u00adko\u00adwych miejsc pra\u00adcy, nie tyl\u00adko w admi\u00adni\u00adstra\u00adcji par\u00adku naro\u00addo\u00adwe\u00adgo i stra\u00ad\u017cy przy\u00adrod\u00adni\u00adczej, ale tak\u00ad\u017ce w ochro\u00adnie przy\u00adro\u00addy i tury\u00adsty\u00adce non-profit.<\/p>\n<p> 2. Park naro\u00addo\u00adwy blo\u00adku\u00adje ludzi i powi\u00adnien by\u0107 bar\u00addziej dost\u0119p\u00adny dla turystyki.<\/p>\n<p> Ta ana\u00adli\u00adza jest b\u0142\u0119d\u00adna, a \u017c\u0105da\u00adnie bez\u00adsen\u00adsow\u00adne. Sie\u0107 szla\u00adk\u00f3w w par\u00adku naro\u00addo\u00adwym jest nie\u00adzwy\u00adkle g\u0119sta. Ponad\u00adto dla tury\u00adsty\u00adki przy\u00adrod\u00adni\u00adczej w Bran\u00adden\u00adbur\u00adgii dost\u0119p\u00adne s\u0105 przede wszyst\u00adkim licz\u00adne, roz\u00adle\u00adg\u0142e par\u00adki przy\u00adro\u00addy i rezer\u00adwa\u00adty bios\u00adfe\u00adry, sam park naro\u00addo\u00adwy nie zaj\u00admu\u00adje nawet 0,3% powierzch\u00adni. W prze\u00adci\u00adwie\u0144\u00adstwie do par\u00adku przy\u00adrod\u00adni\u00adcze\u00adgo, ochro\u00adna przy\u00adro\u00addy ma tu prio\u00adry\u00adtet. Ale nawet w Doli\u00adnie Dol\u00adnej Odry wci\u0105\u017c jest du\u017co miej\u00adsca na dzia\u00ad\u0142al\u00adno\u015b\u0107 tury\u00adstycz\u00adn\u0105, na przy\u00adk\u0142ad na obsza\u00adrze ochro\u00adny kra\u00adjo\u00adbra\u00adzu, kt\u00f3\u00adry ota\u00adcza park naro\u00addo\u00adwy. Nie\u00adwie\u00adle si\u0119 tu wyda\u00adrzy\u00ad\u0142o pod wzgl\u0119\u00addem tury\u00adstycz\u00adnym i jest du\u017co miej\u00adsca na dodat\u00adko\u00adwe zaj\u0119\u00adcia Woid\u00adke. Nasze sto\u00adwa\u00adrzy\u00adsze\u00adnie przed\u00adsta\u00adwi\u00ad\u0142o odpo\u00adwied\u00adnie suge\u00adstie, na przy\u00adk\u0142ad trzy\u00adma\u00adnie atrak\u00adcyj\u00adnych du\u017cych ssa\u00adk\u00f3w w prze\u00adstron\u00adnych wybie\u00adgach wystawienniczych.<\/p>\n<p> 3. Park naro\u00addo\u00adwy nie jest akcep\u00adto\u00adwa\u00adny przez miej\u00adsco\u00adw\u0105 ludno\u015b\u0107.<\/p>\n<p> To oskar\u00ad\u017ce\u00adnie jest tyl\u00adko cz\u0119\u00ad\u015bcio\u00adwo praw\u00addzi\u00adwe i naj\u00adle\u00adpiej doty\u00adczy nie\u00adkt\u00f3\u00adrych lokal\u00adnych poli\u00adty\u00adk\u00f3w. Pozo\u00adsta\u00adje powie\u00addzie\u0107, \u017ce park naro\u00addo\u00adwy nie jest par\u00adkiem miej\u00adskim w Schwedt ani par\u00adkiem regio\u00adnal\u00adnym dla powia\u00adtu Ucker\u00admark, ale, jak sama nazwa wska\u00adzu\u00adje, par\u00adkiem dla naro\u00addu nie\u00admiec\u00adkie\u00adgo i znaj\u00addu\u00adje\u00admy przy\u00adt\u0142a\u00adcza\u00adj\u0105\u00adc\u0105 apro\u00adba\u00adt\u0119 dla par\u00adk\u00f3w naro\u00addo\u00adwych w og\u00f3\u00adle i Dol\u00adne\u00adgo W szcze\u00adg\u00f3l\u00adno\u00ad\u015bci Park Naro\u00addo\u00adwy Doli\u00adny&nbsp;Odry.<\/p>\n<p> To, \u017ce akcep\u00adta\u00adcj\u0119 w regio\u00adnie, zw\u0142asz\u00adcza w\u015br\u00f3d funk\u00adcjo\u00adna\u00adriu\u00adszy, mo\u017c\u00adna jesz\u00adcze popra\u00adwi\u0107, wyni\u00adka g\u0142\u00f3w\u00adnie ze sprzecz\u00adnej i mniej ni\u017c celo\u00adwej poli\u00adty\u00adki w\u0142adz pa\u0144\u00adstwo\u00adwych doty\u00adcz\u0105\u00adcych par\u00adk\u00f3w naro\u00addo\u00adwych. Zacz\u0119\u00ad\u0142o si\u0119 to od ape\u00adlu \u00f3wcze\u00adsne\u00adgo mini\u00adstra rol\u00adnic\u00adtwa Zim\u00admer\u00adman\u00adna w 1992 roku o znie\u00adsie\u00adnie barier usta\u00adno\u00adwio\u00adnych przez jego kole\u00adg\u0119 mini\u00adstra \u015bro\u00addo\u00adwi\u00adska w celu ure\u00adgu\u00adlo\u00adwa\u00adnia sie\u00adci dr\u00f3g w par\u00adku naro\u00addo\u00adwym. Od tego cza\u00adsu rz\u0105d sta\u00adno\u00adwy nigdy nie da\u0142 jasno do zro\u00adzu\u00admie\u00adnia dla regio\u00adnu i wspie\u00adra\u0142 go odpo\u00adwied\u00adni\u00admi daro\u00adwi\u00adzna\u00admi, \u017ce park naro\u00addo\u00adwy jest wa\u017c\u00adnym, nie\u00adod\u00adwra\u00adcal\u00adnym pro\u00adjek\u00adtem kra\u00adju. Zamiast dzia\u00ad\u0142a\u0107 w spo\u00ads\u00f3b pojed\u00adnaw\u00adczy i media\u00adcyj\u00adny, odpo\u00adwie\u00addzial\u00adny mini\u00adster sta\u00adnu raczej pod\u00ad\u017ce\u00adga\u0142 r\u00f3\u017c\u00adne pod\u00admio\u00adty prze\u00adciw\u00adko sobie. Ponad\u00adto argu\u00adment akcep\u00adta\u00adcji, prze\u00adno\u00adszo\u00adny jak mon\u00adstran\u00adcja, jest hipo\u00adkry\u00adzj\u0105. W innych pro\u00adjek\u00adtach pa\u0144\u00adstwo\u00adwych, kt\u00f3\u00adre maj\u0105 by\u0107 reali\u00adzo\u00adwa\u00adne ze wzgl\u0119\u00addu na dobro wsp\u00f3l\u00adne, jak na przy\u00adk\u0142ad na lot\u00adni\u00adsku Sch\u00f6ne\u00adfeld, maso\u00adwy regio\u00adnal\u00adny op\u00f3r dotkni\u0119\u00adtej spo\u00ad\u0142ecz\u00adno\u00ad\u015bci lokal\u00adnej jest ca\u0142\u00adko\u00adwi\u00adcie igno\u00adro\u00adwa\u00adny. Zastrze\u00ad\u017ce\u00adnia poszko\u00addo\u00adwa\u00adnych s\u0105 prze\u00adcho\u00adwy\u00adwa\u00adne w Fede\u00adral\u00adnym S\u0105dzie Admi\u00adni\u00adstra\u00adcyj\u00adnym wraz z dowo\u00adda\u00admi na kosze do pra\u00adnia. Rz\u0105d sta\u00adno\u00adwy nie jest pod wra\u00ad\u017ce\u00adniem. Oczy\u00adwi\u00ad\u015bcie sto\u00adsu\u00adje si\u0119 tu podw\u00f3j\u00adne stan\u00addar\u00addy i sta\u00adje si\u0119 jasne, \u017ce park naro\u00addo\u00adwy nie by\u0142 jesz\u00adcze powa\u017c\u00adnie pro\u00adwa\u00addzo\u00adnym pro\u00adjek\u00adtem kra\u00adju zwi\u0105z\u00adko\u00adwe\u00adgo Brandenburgia.<\/p>\n<p> Powo\u00addy popraw\u00adki poda\u00adne przez prze\u00adciw\u00adni\u00adk\u00f3w par\u00adku naro\u00addo\u00adwe\u00adgo nie s\u0105 wi\u0119c prze\u00adko\u00adnu\u00adj\u0105\u00adce. Nie\u00admniej jed\u00adnak nowe\u00adli\u00adza\u00adcja usta\u00adwy o par\u00adku naro\u00addo\u00adwym, zw\u0142asz\u00adcza za namo\u00adw\u0105 regio\u00adnal\u00adne\u00adgo pos\u0142a do par\u00adla\u00admen\u00adtu kra\u00adjo\u00adwe\u00adgo Bischof\u00adfa, zosta\u00ad\u0142a wpi\u00adsa\u00adna do umo\u00adwy koali\u00adcyj\u00adnej. Co przez to rozu\u00admie\u00admy jest jasne, bo koali\u00adcyj\u00adne frak\u00adcje SPD i CDU ju\u017c przed wybo\u00adra\u00admi uchwa\u00adli\u00ad\u0142y szcze\u00adg\u00f3\u00ad\u0142o\u00adwy pro\u00adjekt nowe\u00adli\u00adza\u00adcji, kt\u00f3\u00adry teraz ma zosta\u0107 wdro\u00ad\u017co\u00adny po wybo\u00adrach, cho\u0107 na znacz\u00adnie mniej\u00adszej pod\u00adsta\u00adwie par\u00adla\u00admen\u00adtar\u00adnej. Mini\u00adster rol\u00adnic\u00adtwa Woid\u00adke okre\u00ad\u015bli\u0142 nowe\u00adli\u00adza\u00adcj\u0119 usta\u00adwy o par\u00adkach naro\u00addo\u00adwych jako pil\u00adn\u0105. Sto\u00adwa\u00adrzy\u00adsze\u00adnie Przy\u00adja\u00adci\u00f3\u0142 Pol\u00adsko-Nie\u00admiec\u00adkie\u00adgo Euro\u00adpej\u00adskie\u00adgo Par\u00adku Naro\u00addo\u00adwe\u00adgo Unte\u00adres Ode\u00adrtal e. V. nie uwa\u00ad\u017ca usta\u00adwy o par\u00adkach naro\u00addo\u00adwych z 1995 r. za szcze\u00adg\u00f3l\u00adnie uda\u00adne pra\u00adwo, jest ona gada\u00adtli\u00adwa i ubo\u00adga w tre\u015b\u0107, ale w tam\u00adtym cza\u00adsie by\u0142a to real\u00adny kom\u00adpro\u00admis mi\u0119\u00addzy naj\u00adr\u00f3\u017c\u00adniej\u00adszy\u00admi ocze\u00adki\u00adwa\u00adnia\u00admi, wyma\u00adga\u00adnia\u00admi i interesami.<\/p>\n<p> Ten kom\u00adpro\u00admi\u00adso\u00adwy pakiet, kt\u00f3\u00adry odni\u00f3s\u0142 suk\u00adces dopie\u00adro przy dru\u00adgiej pr\u00f3\u00adbie, nie powi\u00adnien zosta\u0107 ponow\u00adnie roz\u00adwi\u0105\u00adza\u00adny. Ka\u017c\u00addy, kto chce dzi\u015b zmie\u00adni\u0107 usta\u00adw\u0119 o Par\u00adku Naro\u00addo\u00adwym, chce j\u0105 os\u0142a\u00adbi\u0107 i os\u0142abi\u0107.<\/p>\n<p> Pro\u00adwa\u00addzi to nie\u00aduchron\u00adnie do powa\u017c\u00adnych kon\u00adflik\u00adt\u00f3w z mi\u0119\u00addzy\u00adna\u00adro\u00addo\u00adwym, nie\u00admiec\u00adkim i bran\u00adden\u00adbur\u00adskim pra\u00adwem ochro\u00adny przy\u00adro\u00addy. Gdy\u00adby usta\u00adwa o par\u00adku naro\u00addo\u00adwym mia\u00ad\u0142a zosta\u0107 zmie\u00adnio\u00adna zgod\u00adnie z pla\u00adnem, jedy\u00adne, co pozo\u00adsta\u00ad\u0142o z par\u00adku naro\u00addo\u00adwe\u00adgo, to tytu\u0142, ety\u00adkie\u00adta, \u017ce tak powiem. Znik\u00adn\u0119\u00ad\u0142y wszyst\u00adkie inne tre\u00ad\u015bci, kt\u00f3\u00adre zasad\u00adni\u00adczo okre\u00ad\u015bla\u00adj\u0105 park naro\u00addo\u00adwy. Sto\u00adwa\u00adrzy\u00adsze\u00adnie kate\u00adgo\u00adrycz\u00adnie odrzu\u00adca tak jaw\u00adnie oszu\u00adka\u0144\u00adcz\u0105 ety\u00adkie\u00adt\u0119. Musisz by\u0107 szcze\u00adry z lud\u017a\u00admi. Je\u015bli jest napi\u00adsa\u00adne park naro\u00addo\u00adwy, to musi to by\u0107 park naro\u00addo\u00adwy! Park naro\u00addo\u00adwy nie jest czym\u015b arbi\u00adtral\u00adnym, ale wyma\u00adga pew\u00adnych stan\u00addar\u00add\u00f3w jako\u00ad\u015bci. S\u0105 one okre\u00ad\u015blo\u00adne przez \u015awia\u00adto\u00adw\u0105 Orga\u00adni\u00adza\u00adcj\u0119 Ochro\u00adny Przy\u00adro\u00addy w kate\u00adgo\u00adrii II IUCN, w Fede\u00adral\u00adnej Usta\u00adwie o Ochro\u00adnie Przy\u00adro\u00addy oraz w Bran\u00adden\u00adbur\u00adskiej Usta\u00adwie o Ochro\u00adnie Przyrody.<\/p>\n<p> 1. Kate\u00adgo\u00adria II IUCN (Par\u00adki Naro\u00addo\u00adwe): Cho\u00addzi o ochro\u00adn\u0119 lub odtwa\u00adrza\u00adnie natu\u00adral\u00adnych eko\u00adsys\u00adte\u00adm\u00f3w. Co naj\u00admniej 75%, wcze\u00ad\u015bniej 50% obsza\u00adru musi znaj\u00addo\u00adwa\u0107 si\u0119 w sta\u00adnie, na kt\u00f3\u00adry ludzie nie maj\u0105 wp\u0142y\u00adwu lub pra\u00adwie nie maj\u0105 na nie wp\u0142y\u00adwu. Natu\u00adral\u00adne pro\u00adce\u00adsy s\u0105 chro\u00adnio\u00adne. Tury\u00ad\u015bci i go\u015bcie s\u0105 mile widziani.<\/p>\n<p> 2. Fede\u00adral\u00adna usta\u00adwa o ochro\u00adnie przy\u00adro\u00addy (2002) \u00a7 24 (2): Par\u00adki naro\u00addo\u00adwe d\u0105\u017c\u0105 do zapew\u00adnie\u00adnia jak naj\u00adbar\u00addziej nie\u00adza\u00adk\u0142\u00f3\u00adco\u00adne\u00adgo prze\u00adp\u0142y\u00adwu pro\u00adce\u00ads\u00f3w przy\u00adrod\u00adni\u00adczych w ich natu\u00adral\u00adnej dyna\u00admi\u00adce w prze\u00adwa\u00ad\u017ca\u00adj\u0105\u00adcej cz\u0119\u00ad\u015bci obsza\u00adru. Na ile pozwa\u00adla na to cel ochro\u00adny, par\u00adki naro\u00addo\u00adwe powin\u00adny s\u0142u\u00ad\u017cy\u0107 tak\u00ad\u017ce nauko\u00adwej obser\u00adwa\u00adcji \u015bro\u00addo\u00adwi\u00adska, edu\u00adka\u00adcji przy\u00adrod\u00adni\u00adczej i do\u015bwiad\u00adcze\u00adniu przy\u00adrod\u00adni\u00adczym lud\u00adno\u00ad\u015bci. Musisz (sek\u00adcja 24 (1) zda\u00adnie 3) \u201eznaj\u00addo\u00adwa\u0107 si\u0119 na prze\u00adwa\u00ad\u017ca\u00adj\u0105\u00adcej cz\u0119\u00ad\u015bci swo\u00adje\u00adgo obsza\u00adru w sta\u00adnie nie lub w nie\u00adwiel\u00adkim stop\u00adniu pod wp\u0142y\u00adwem cz\u0142o\u00adwie\u00adka lub nada\u00adwa\u0107 si\u0119 do roz\u00adwi\u00adni\u0119\u00adcia si\u0119 w stan lub do roz\u00adwi\u00adni\u0119\u00adcia si\u0119 w stan gwa\u00adran\u00adtu\u00adj\u0105\u00adcy jak naj\u00adbar\u00addziej nie\u00adza\u00adk\u0142\u00f3\u00adco\u00adny prze\u00adbieg pro\u00adce\u00ads\u00f3w przy\u00adrod\u00adni\u00adczych w ich natu\u00adral\u00adnej dynamice\u201d.<\/p>\n<p> 3. Bran\u00adden\u00adbur\u00adska Usta\u00adwa o Ochro\u00adnie Przy\u00adro\u00addy (2004) \u00a7 20: Pod\u00adczas tego\u00adrocz\u00adnej nowe\u00adli\u00adza\u00adcji Usta\u00adwy o Ochro\u00adnie Przy\u00adro\u00addy, \u00a7 24 ust. 1 i 2 (Par\u00adki naro\u00addo\u00adwe) Fede\u00adral\u00adnej Usta\u00adwy o Ochro\u00adnie Przy\u00adro\u00addy przy\u00adj\u0119\u00adto dos\u0142ownie.<\/p>\n<p> Pro\u00adjekt nowe\u00adli\u00adza\u00adcji ugru\u00adpo\u00adwa\u0144 rz\u0105\u00addo\u00adwych SPD i CDU (27 stycz\u00adnia 2004 r.) pod\u0105\u00ad\u017ca za 3 tendencjami:<\/p>\n<p> 1. Nie powin\u00adno by\u0107 ju\u017c \u017cad\u00adnych mo\u017c\u00adli\u00adwo\u00ad\u015bci roz\u00adwo\u00adju w kie\u00adrun\u00adku natu\u00adral\u00adne\u00adgo eko\u00adsys\u00adte\u00admu \u0142\u0119go\u00adwe\u00adgo. Wszyst\u00adko, co wska\u00adzu\u00adje na roz\u00adw\u00f3j i zmia\u00adn\u0119, jest usu\u00adwa\u00adne. Obec\u00adny sta\u00adtus quo ma zosta\u0107 scementowany.<\/p>\n<p> 2. Dotych\u00adcza\u00adso\u00adwi u\u017cyt\u00adkow\u00adni\u00adcy tere\u00adnu \u2013 rol\u00adni\u00adcy, ryba\u00adcy, w\u0119d\u00adka\u00adrze, my\u015bli\u00adwi, mi\u0142o\u00ad\u015bni\u00adcy spor\u00adt\u00f3w wod\u00adnych itp. \u2013 nie powin\u00adni by\u0107 ogra\u00adni\u00adcza\u00adni w swo\u00adich dotych\u00adcza\u00adso\u00adwych mo\u017c\u00adli\u00adwo\u00ad\u015bciach upra\u00adwia\u00adnia&nbsp;hobby.<\/p>\n<p> 3. Upraw\u00adnie\u00adnia admi\u00adni\u00adstra\u00adcji par\u00adku naro\u00addo\u00adwe\u00adgo, cho\u0107 ju\u017c mini\u00admal\u00adne, zosta\u00adn\u0105 dodat\u00adko\u00adwo ogra\u00adni\u00adczo\u00adne. Umo\u00adwy o poro\u00adzu\u00admie\u00adniu s\u0105 usu\u00adwa\u00adne, admi\u00adni\u00adstra\u00adcja par\u00adku naro\u00addo\u00adwe\u00adgo ma by\u0107 tyl\u00adko zaan\u00adga\u00ad\u017co\u00adwa\u00adna we wszyst\u00adkie wa\u017c\u00adne decy\u00adzje doty\u00adcz\u0105\u00adce par\u00adku naro\u00addo\u00adwe\u00adgo (zasa\u00addy post\u0119\u00adpo\u00adwa\u00adnia). W tym celu wszyst\u00adkie wa\u017c\u00adne decy\u00adzje musz\u0105 by\u0107 w przy\u00adsz\u0142o\u00ad\u015bci uzgod\u00adnio\u00adne z Rad\u0105 Powier\u00adni\u00adcz\u0105 Par\u00adku Naro\u00addo\u00adwe\u00adgo. Cz\u0142on\u00adko\u00adstwo w Radzie Powier\u00adni\u00adczej, ure\u00adgu\u00adlo\u00adwa\u00adne w art. 14 usta\u00adwy o par\u00adkach naro\u00addo\u00adwych, jest ca\u0142\u00adko\u00adwi\u00adcie posta\u00adwio\u00adne na g\u0142o\u00adwie. Wyrzu\u00adca\u00adni s\u0105 przed\u00adsta\u00adwi\u00adcie\u00adle mini\u00adsterstw fede\u00adral\u00adnych i po\u0142o\u00adwa przed\u00adsta\u00adwi\u00adcie\u00adli orga\u00adni\u00adza\u00adcji ochro\u00adny przy\u00adro\u00addy, zamiast tego wcho\u00addz\u0105 przed\u00adsta\u00adwi\u00adcie\u00adle sto\u00adwa\u00adrzy\u00adsze\u0144 lob\u00adby\u00adst\u00f3w rol\u00adni\u00adk\u00f3w, le\u015bni\u00adk\u00f3w, w\u0119d\u00adka\u00adrzy, ryba\u00adk\u00f3w i my\u015bli\u00adwych. Rada powier\u00adni\u00adcza, kt\u00f3\u00adra zosta\u00ad\u0142a w ten spo\u00ads\u00f3b ca\u0142\u00adko\u00adwi\u00adcie zre\u00ador\u00adga\u00adni\u00adzo\u00adwa\u00adna, otrzy\u00admu\u00adje pra\u00adwo weta we wszyst\u00adkich spra\u00adwach par\u00adk\u00f3w narodowych.<\/p>\n<p> W par\u00adku naro\u00addo\u00adwym, kt\u00f3\u00adry zas\u0142u\u00adgu\u00adje na t\u0119 nazw\u0119, pierw\u00adsze\u0144\u00adstwo maj\u0105 natu\u00adral\u00adne pro\u00adce\u00adsy roz\u00adwo\u00adjo\u00adwe. Nazy\u00adwa\u00admy je obsza\u00adra\u00admi dzi\u00adki\u00admi. Mo\u017c\u00adna je r\u00f3w\u00adnie\u017c nazwa\u0107 obsza\u00adra\u00admi stre\u00adfy I lub ca\u0142\u00adko\u00adwi\u00adty\u00admi rezer\u00adwa\u00adta\u00admi. Usta\u00adwa o par\u00adku naro\u00addo\u00adwym prze\u00adwi\u00addu\u00adje wyzna\u00adcze\u00adnie 50% ca\u0142\u00adko\u00adwi\u00adtej powierzch\u00adni jako obsza\u00adry stre\u00adfy I. Usta\u00adwo\u00addaw\u00adca da\u0142 na to 15 lat, wystar\u00adcza\u00adj\u0105\u00adcy okres, mo\u017c\u00adna by pomy\u00ad\u015ble\u0107. Nie ma sen\u00adsu wyd\u0142u\u00ad\u017ca\u0107 tego cza\u00adsu. Pro\u00adble\u00admy zwi\u0105\u00adza\u00adne z wyzna\u00adcze\u00adniem obsza\u00adr\u00f3w Stre\u00adfy I nie b\u0119d\u0105 \u0142atwiej\u00adsze do roz\u00adwi\u0105\u00adza\u00adnia za 10 czy 15 lat, ale raczej jesz\u00adcze trud\u00adniej\u00adsze do roz\u00adwi\u0105\u00adza\u00adnia, nawet gdy\u00adby dzi\u00adsiej\u00adsi poli\u00adty\u00adcy nie byli ju\u017c urz\u0119\u00adda\u00admi i odpo\u00adwie\u00addzial\u00adni. Ale taka posta\u00adwa to dora\u017a\u00adna poli\u00adty\u00adka interes\u00f3w.<\/p>\n<p> Pod\u00adsu\u00admo\u00adwu\u00adj\u0105c, mo\u017c\u00adna stwier\u00addzi\u0107, \u017ce nie ma wystar\u00adcza\u00adj\u0105\u00adcych pod\u00adstaw do nowe\u00adli\u00adza\u00adcji usta\u00adwy o par\u00adkach naro\u00addo\u00adwych. Pro\u00adjekt nowe\u00adli\u00adza\u00adcji przed\u00adsta\u00adwio\u00adny przez frak\u00adcje koali\u00adcyj\u00adne ozna\u00adcza\u0142\u00adby, \u017ce nie pozo\u00adsta\u00adnie nic poza ety\u00adkie\u00adt\u0105 \u201ePark Naro\u00addo\u00adwy\u201d. Utrwa\u00adli\u00ad\u0142o\u00adby si\u0119 sta\u00adtus quo, zmia\u00adna lub roz\u00adw\u00f3j nie by\u0142y\u00adby ju\u017c mo\u017c\u00adli\u00adwe. Jak wyra\u017a\u00adnie poka\u00adza\u00adli eks\u00adper\u00adci z mini\u00adster\u00adstwa, park naro\u00addo\u00adwy jest ju\u017c naj\u00ads\u0142ab\u00adszy w Niem\u00adczech. Czy to typo\u00adwa tra\u00adsa bran\u00adden\u00adbur\u00adska? Bran\u00adden\u00adbur\u00adgia nara\u00adzi\u00ad\u0142a\u00adby si\u0119 na o\u015bmie\u00adsze\u00adnie na are\u00adnie mi\u0119\u00addzy\u00adna\u00adro\u00addo\u00adwej i og\u00f3l\u00adno\u00adkra\u00adjo\u00adwej z tak\u0105 oszu\u00adka\u0144\u00adcz\u0105 etykiet\u0105.<\/p>\n<p> Kraj zwi\u0105z\u00adko\u00adwy Bran\u00adden\u00adbur\u00adgia znaj\u00addu\u00adje si\u0119 na roz\u00addro\u00ad\u017cu, aby albo stwo\u00adrzy\u0107 praw\u00addzi\u00adwy park naro\u00addo\u00adwy na 0,3% powierzch\u00adni kra\u00adju, zgod\u00adnie z obo\u00adwi\u0105\u00adzu\u00adj\u0105\u00adcym pra\u00adwem par\u00adk\u00f3w naro\u00addo\u00adwych, albo, je\u015bli uwa\u00ad\u017ca si\u0119, \u017ce nie sta\u0107 go na park naro\u00addo\u00adwy, prze\u00adkszta\u0142\u00adci\u0107 ten obszar w park przy\u00adro\u00addy po\u015bwi\u0119\u00adco\u00adny tury\u00adsty\u00adce. Ale wte\u00addy Bran\u00adden\u00adbur\u00adgia musia\u00ad\u0142a\u00adby upo\u00adra\u0107 si\u0119 z prze\u00adwa\u017c\u00adnie nega\u00adtyw\u00adny\u00admi kon\u00adse\u00adkwen\u00adcja\u00admi takiej decy\u00adzji. Nie s\u0142u\u00ad\u017cy\u0142\u00adby tury\u00adsty\u00adce, ponie\u00adwa\u017c w Bran\u00adden\u00adbur\u00adgii jest wystar\u00adcza\u00adj\u0105\u00adco du\u017co par\u00adk\u00f3w przy\u00adro\u00addy. Domnie\u00adma\u00adne lub rze\u00adczy\u00adwi\u00adste pro\u00adble\u00admy, jakie ist\u00adnie\u00adj\u0105 z par\u00adkiem naro\u00addo\u00adwym, nie zosta\u00ad\u0142y\u00adby roz\u00adwi\u0105\u00adza\u00adne tak\u0105 decy\u00adzj\u0105. Bran\u00adden\u00adbur\u00adgia jed\u00adnak po raz kolej\u00adny zawsty\u00addzi\u00ad\u0142a\u00adby si\u0119 swo\u00adj\u0105 poli\u00adty\u00adk\u0105 ochro\u00adny przy\u00adro\u00addy ponad gra\u00adni\u00adca\u00admi i bez granic.<\/p>\n<p> Nie ma ogro\u00addu zoo\u00adlo\u00adgicz\u00adne\u00adgo bez zwie\u00adrz\u0105t, akwa\u00adrium bez wody, ope\u00adry bez orkie\u00adstry, a tak\u00ad\u017ce par\u00adku naro\u00addo\u00adwe\u00adgo bez obsza\u00adr\u00f3w dzi\u00adkiej przy\u00adro\u00addy \u2013 bez inge\u00adren\u00adcji cz\u0142o\u00adwie\u00adka na co naj\u00admniej po\u0142o\u00adwie tere\u00adnu. Trze\u00adba wybra\u0107.<\/p>\n<p> W prze\u00adci\u00adwie\u0144\u00adstwie do mini\u00adstra Woid\u00adke, nie postrze\u00adga\u00admy usta\u00adwy o par\u00adku naro\u00addo\u00adwym i usta\u00adwie o par\u00adku naro\u00addo\u00adwym jako \u201eblo\u00adku na nodze\u201d, ale raczej szan\u00ads\u0119 na struk\u00adtu\u00adral\u00adnie s\u0142a\u00adby region. Powin\u00adni\u00ad\u015bmy wsp\u00f3l\u00adnie wyko\u00adrzy\u00adsta\u0107 t\u0119 okazj\u0119&nbsp;<\/p>\n","protected":false},"featured_media":0,"template":"","categories":[816],"class_list":["post-8840","presseerklaerung","type-presseerklaerung","status-publish","hentry","category-komunikaty-prasowe-stowarzyszenia-parkow-narodowych"],"yoast_head":"<title>Komunikat prasowy 09\/2004 - Nationalpark Unteres Odertal<\/title>\n<meta name=\"robots\" content=\"index, follow, max-snippet:-1, max-image-preview:large, max-video-preview:-1\" \/>\n<link rel=\"canonical\" href=\"https:\/\/www.nationalpark-unteres-odertal.de\/pl\/komunikat-prasowy\/komunikat-prasowy-09-2004\/\" \/>\n<meta property=\"og:locale\" content=\"pl_PL\" \/>\n<meta property=\"og:type\" content=\"article\" \/>\n<meta property=\"og:title\" content=\"Komunikat prasowy 09\/2004 - Nationalpark Unteres Odertal\" \/>\n<meta property=\"og:description\" content=\"Park Naro\u00addo\u00adwy przed&nbsp;osad\u0105 Nowe\u00adli\u00adza\u00adcja \u2013 czy\u00adli os\u0142a\u00adbie\u00adnie \u2013 usta\u00adwy o [&hellip;]\" \/>\n<meta property=\"og:url\" content=\"https:\/\/www.nationalpark-unteres-odertal.de\/pl\/komunikat-prasowy\/komunikat-prasowy-09-2004\/\" \/>\n<meta property=\"og:site_name\" content=\"Nationalpark Unteres Odertal\" \/>\n<meta name=\"twitter:card\" content=\"summary_large_image\" \/>\n<script type=\"application\/ld+json\" class=\"yoast-schema-graph\">{\"@context\":\"https:\/\/schema.org\",\"@graph\":[{\"@type\":\"WebPage\",\"@id\":\"https:\/\/www.nationalpark-unteres-odertal.de\/pl\/komunikat-prasowy\/komunikat-prasowy-09-2004\/\",\"url\":\"https:\/\/www.nationalpark-unteres-odertal.de\/pl\/komunikat-prasowy\/komunikat-prasowy-09-2004\/\",\"name\":\"Komunikat prasowy 09\/2004 - Nationalpark Unteres Odertal\",\"isPartOf\":{\"@id\":\"https:\/\/www.nationalpark-unteres-odertal.de\/pl\/#website\"},\"datePublished\":\"2004-11-22T14:42:22+00:00\",\"dateModified\":\"2004-11-22T14:42:22+00:00\",\"breadcrumb\":{\"@id\":\"https:\/\/www.nationalpark-unteres-odertal.de\/pl\/komunikat-prasowy\/komunikat-prasowy-09-2004\/#breadcrumb\"},\"inLanguage\":\"pl-PL\",\"potentialAction\":[{\"@type\":\"ReadAction\",\"target\":[\"https:\/\/www.nationalpark-unteres-odertal.de\/pl\/komunikat-prasowy\/komunikat-prasowy-09-2004\/\"]}]},{\"@type\":\"BreadcrumbList\",\"@id\":\"https:\/\/www.nationalpark-unteres-odertal.de\/pl\/komunikat-prasowy\/komunikat-prasowy-09-2004\/#breadcrumb\",\"itemListElement\":[{\"@type\":\"ListItem\",\"position\":1,\"name\":\"Strona g\u0142\u00f3wna\",\"item\":\"https:\/\/www.nationalpark-unteres-odertal.de\/pl\/\"},{\"@type\":\"ListItem\",\"position\":2,\"name\":\"Komunikaty prasowe\",\"item\":\"https:\/\/www.nationalpark-unteres-odertal.de\/pl\/komunikat-prasowy\/\"},{\"@type\":\"ListItem\",\"position\":3,\"name\":\"Komunikat prasowy 09\/2004\"}]},{\"@type\":\"WebSite\",\"@id\":\"https:\/\/www.nationalpark-unteres-odertal.de\/pl\/#website\",\"url\":\"https:\/\/www.nationalpark-unteres-odertal.de\/pl\/\",\"name\":\"Nationalpark Unteres Odertal\",\"description\":\"Verein der Freunde des Deutsch-Polnischen Europa-Nationalparks Unteres Odertal e.V. &amp; Nationalparkstiftung Unteres Odertal\",\"publisher\":{\"@id\":\"https:\/\/www.nationalpark-unteres-odertal.de\/pl\/#organization\"},\"potentialAction\":[{\"@type\":\"SearchAction\",\"target\":{\"@type\":\"EntryPoint\",\"urlTemplate\":\"https:\/\/www.nationalpark-unteres-odertal.de\/pl\/?s={search_term_string}\"},\"query-input\":{\"@type\":\"PropertyValueSpecification\",\"valueRequired\":true,\"valueName\":\"search_term_string\"}}],\"inLanguage\":\"pl-PL\"},{\"@type\":\"Organization\",\"@id\":\"https:\/\/www.nationalpark-unteres-odertal.de\/pl\/#organization\",\"name\":\"Verein der Freunde des Deutsch-Polnischen Europa-Nationalparks Unteres Odertal e.V. & Nationalparkstiftung Unteres Odertal\",\"url\":\"https:\/\/www.nationalpark-unteres-odertal.de\/pl\/\",\"logo\":{\"@type\":\"ImageObject\",\"inLanguage\":\"pl-PL\",\"@id\":\"https:\/\/www.nationalpark-unteres-odertal.de\/pl\/#\/schema\/logo\/image\/\",\"url\":\"https:\/\/www.nationalpark-unteres-odertal.de\/wp-content\/uploads\/logos-google.png\",\"contentUrl\":\"https:\/\/www.nationalpark-unteres-odertal.de\/wp-content\/uploads\/logos-google.png\",\"width\":800,\"height\":344,\"caption\":\"Verein der Freunde des Deutsch-Polnischen Europa-Nationalparks Unteres Odertal e.V. & Nationalparkstiftung Unteres Odertal\"},\"image\":{\"@id\":\"https:\/\/www.nationalpark-unteres-odertal.de\/pl\/#\/schema\/logo\/image\/\"}}]}<\/script>","yoast_head_json":{"title":"Komunikat prasowy 09\/2004 - Nationalpark Unteres Odertal","robots":{"index":"index","follow":"follow","max-snippet":"max-snippet:-1","max-image-preview":"max-image-preview:large","max-video-preview":"max-video-preview:-1"},"canonical":"https:\/\/www.nationalpark-unteres-odertal.de\/pl\/komunikat-prasowy\/komunikat-prasowy-09-2004\/","og_locale":"pl_PL","og_type":"article","og_title":"Komunikat prasowy 09\/2004 - Nationalpark Unteres Odertal","og_description":"Park Naro\u00addo\u00adwy przed&nbsp;osad\u0105 Nowe\u00adli\u00adza\u00adcja \u2013 czy\u00adli os\u0142a\u00adbie\u00adnie \u2013 usta\u00adwy o [&hellip;]","og_url":"https:\/\/www.nationalpark-unteres-odertal.de\/pl\/komunikat-prasowy\/komunikat-prasowy-09-2004\/","og_site_name":"Nationalpark Unteres Odertal","twitter_card":"summary_large_image","schema":{"@context":"https:\/\/schema.org","@graph":[{"@type":"WebPage","@id":"https:\/\/www.nationalpark-unteres-odertal.de\/pl\/komunikat-prasowy\/komunikat-prasowy-09-2004\/","url":"https:\/\/www.nationalpark-unteres-odertal.de\/pl\/komunikat-prasowy\/komunikat-prasowy-09-2004\/","name":"Komunikat prasowy 09\/2004 - Nationalpark Unteres Odertal","isPartOf":{"@id":"https:\/\/www.nationalpark-unteres-odertal.de\/pl\/#website"},"datePublished":"2004-11-22T14:42:22+00:00","dateModified":"2004-11-22T14:42:22+00:00","breadcrumb":{"@id":"https:\/\/www.nationalpark-unteres-odertal.de\/pl\/komunikat-prasowy\/komunikat-prasowy-09-2004\/#breadcrumb"},"inLanguage":"pl-PL","potentialAction":[{"@type":"ReadAction","target":["https:\/\/www.nationalpark-unteres-odertal.de\/pl\/komunikat-prasowy\/komunikat-prasowy-09-2004\/"]}]},{"@type":"BreadcrumbList","@id":"https:\/\/www.nationalpark-unteres-odertal.de\/pl\/komunikat-prasowy\/komunikat-prasowy-09-2004\/#breadcrumb","itemListElement":[{"@type":"ListItem","position":1,"name":"Strona g\u0142\u00f3wna","item":"https:\/\/www.nationalpark-unteres-odertal.de\/pl\/"},{"@type":"ListItem","position":2,"name":"Komunikaty prasowe","item":"https:\/\/www.nationalpark-unteres-odertal.de\/pl\/komunikat-prasowy\/"},{"@type":"ListItem","position":3,"name":"Komunikat prasowy 09\/2004"}]},{"@type":"WebSite","@id":"https:\/\/www.nationalpark-unteres-odertal.de\/pl\/#website","url":"https:\/\/www.nationalpark-unteres-odertal.de\/pl\/","name":"Nationalpark Unteres Odertal","description":"Verein der Freunde des Deutsch-Polnischen Europa-Nationalparks Unteres Odertal e.V. &amp; Nationalparkstiftung Unteres Odertal","publisher":{"@id":"https:\/\/www.nationalpark-unteres-odertal.de\/pl\/#organization"},"potentialAction":[{"@type":"SearchAction","target":{"@type":"EntryPoint","urlTemplate":"https:\/\/www.nationalpark-unteres-odertal.de\/pl\/?s={search_term_string}"},"query-input":{"@type":"PropertyValueSpecification","valueRequired":true,"valueName":"search_term_string"}}],"inLanguage":"pl-PL"},{"@type":"Organization","@id":"https:\/\/www.nationalpark-unteres-odertal.de\/pl\/#organization","name":"Verein der Freunde des Deutsch-Polnischen Europa-Nationalparks Unteres Odertal e.V. & Nationalparkstiftung Unteres Odertal","url":"https:\/\/www.nationalpark-unteres-odertal.de\/pl\/","logo":{"@type":"ImageObject","inLanguage":"pl-PL","@id":"https:\/\/www.nationalpark-unteres-odertal.de\/pl\/#\/schema\/logo\/image\/","url":"https:\/\/www.nationalpark-unteres-odertal.de\/wp-content\/uploads\/logos-google.png","contentUrl":"https:\/\/www.nationalpark-unteres-odertal.de\/wp-content\/uploads\/logos-google.png","width":800,"height":344,"caption":"Verein der Freunde des Deutsch-Polnischen Europa-Nationalparks Unteres Odertal e.V. & Nationalparkstiftung Unteres Odertal"},"image":{"@id":"https:\/\/www.nationalpark-unteres-odertal.de\/pl\/#\/schema\/logo\/image\/"}}]}},"_links":{"self":[{"href":"https:\/\/www.nationalpark-unteres-odertal.de\/pl\/wp-json\/wp\/v2\/presseerklaerung\/8840","targetHints":{"allow":["GET"]}}],"collection":[{"href":"https:\/\/www.nationalpark-unteres-odertal.de\/pl\/wp-json\/wp\/v2\/presseerklaerung"}],"about":[{"href":"https:\/\/www.nationalpark-unteres-odertal.de\/pl\/wp-json\/wp\/v2\/types\/presseerklaerung"}],"wp:attachment":[{"href":"https:\/\/www.nationalpark-unteres-odertal.de\/pl\/wp-json\/wp\/v2\/media?parent=8840"}],"wp:term":[{"taxonomy":"category","embeddable":true,"href":"https:\/\/www.nationalpark-unteres-odertal.de\/pl\/wp-json\/wp\/v2\/categories?post=8840"}],"curies":[{"name":"wp","href":"https:\/\/api.w.org\/{rel}","templated":true}]}}