{"id":8841,"date":"2004-02-27T15:00:36","date_gmt":"2004-02-27T14:00:36","guid":{"rendered":"https:\/\/2021.nationalpark-unteres-odertal.de\/presseerklaerung\/komunikat-prasowy-02-2004\/"},"modified":"2004-02-27T15:00:36","modified_gmt":"2004-02-27T14:00:36","slug":"komunikat-prasowy-02-2004","status":"publish","type":"presseerklaerung","link":"https:\/\/www.nationalpark-unteres-odertal.de\/pl\/komunikat-prasowy\/komunikat-prasowy-02-2004\/","title":{"rendered":"Komunikat prasowy 02\/2004"},"content":{"rendered":"<p>\n\t<strong>Publicz\u00adny trans\u00adport auto\u00adbu\u00adso\u00adwy to naj\u00adlep\u00adszy spo\u00ads\u00f3b na pro\u00admo\u00adcj\u0119 pol\u00adsko-nie\u00admiec\u00adkiej wymiany<\/strong><\/p>\n<p> Z oka\u00adzji 750.&nbsp;W dniu za\u0142o\u00ad\u017ce\u00adnia Gre\u00adifen\u00adha\u00adgen (Gry\u00adfi\u00adno) 1 mar\u00adca 2004 r. og\u0142o\u00adsi\u0142 pre\u00adzes zarz\u0105\u00addu Sto\u00adwa\u00adrzy\u00adsze\u00adnia Przy\u00adja\u00adci\u00f3\u0142 Pol\u00adsko-Nie\u00admiec\u00adkie\u00adgo Euro\u00adpej\u00adskie\u00adgo Par\u00adku Naro\u00addo\u00adwe\u00adgo Unte\u00adres Ode\u00adrtal e. W., Tho\u00admas&nbsp;Berg:<\/p>\n<p> \u201cPo wej\u00ad\u015bciu Pol\u00adski do Unii Euro\u00adpej\u00adskiej 1 maja 2004 r. odpra\u00adwy cel\u00adne na poprzed\u00adnich przej\u00ad\u015bciach gra\u00adnicz\u00adnych nie b\u0119d\u0105 ju\u017c wyma\u00adga\u00adne, pozo\u00adsta\u00adje tyl\u00adko uprosz\u00adczo\u00adna, kr\u00f3t\u00adka kon\u00adtro\u00adla pasz\u00adpor\u00adto\u00adwa. Prze\u00adtwa\u00adrza\u00adnie jest wte\u00addy znacz\u00adnie szyb\u00adsze, kolej\u00adki samo\u00adcho\u00add\u00f3w nale\u00ad\u017c\u0105 ju\u017c do prze\u00adsz\u0142o\u00ad\u015bci, przy\u00adnaj\u00admniej tego s\u0142usz\u00adnie ocze\u00adku\u00adje Fede\u00adral\u00adna Poli\u00adcja Graniczna.<\/p>\n<p> Naj\u00adwy\u017c\u00adszy wi\u0119c czas, aby Niem\u00adcy i Pola\u00adcy zbli\u00ad\u017cy\u00adli si\u0119 jako dobrzy s\u0105sie\u00addzi. Przej\u00ad\u015bcie gra\u00adnicz\u00adne Mesche\u00adrin \/ Gre\u00adifen\u00adha\u00adgen (Gry\u00adfi\u00adno) musi by\u0107 otwar\u00adte dla wszyst\u00adkich oby\u00adwa\u00adte\u00adli UE naj\u00adp\u00f3\u017a\u00adniej do 1 maja, a nie tyl\u00adko dla os\u00f3b miesz\u00adka\u00adj\u0105\u00adcych na gra\u00adni\u00adcy jak dotych\u00adczas. Powin\u00adna by\u0107 jed\u00adnak otwar\u00adta tyl\u00adko dla pie\u00adszych, rowe\u00adrzy\u00adst\u00f3w i auto\u00adka\u00adr\u00f3w, a nie dla indy\u00adwi\u00addu\u00adal\u00adne\u00adgo ruchu samo\u00adcho\u00addo\u00adwe\u00adgo. W\u0105ska dro\u00adga przez wra\u017c\u00adli\u00adwy rezer\u00adwat przy\u00adro\u00addy nie nada\u00adje si\u0119 do&nbsp;tego.<\/p>\n<p> Zamiast tego nale\u00ad\u017cy usta\u00adwi\u0107 auto\u00adbus publicz\u00adny, kt\u00f3\u00adry kur\u00adsu\u00adje co godzi\u00adn\u0119 z Gre\u00adifen\u00adha\u00adgen (Gry\u00adfi\u00adno) przez Mesche\u00adrin i Gartz do Schwedt, a stam\u00adt\u0105d ponow\u00adnie przez most do Nie\u00adder Kr\u00e4nig (Kraj\u00adnik Dol\u00adny) i przez K\u00f6nigs\u00adberg (Choj\u00adna) do Gre\u00adifen\u00adha\u00adgen (Gry\u00adfi\u00adno) . Taki auto\u00adbus na ron\u00addzie fak\u00adtycz\u00adnie zbli\u00ad\u017cy\u0142\u00adby do sie\u00adbie ludzi, nawet tych, kt\u00f3\u00adrych nie sta\u0107 lub nie sta\u0107 na samo\u00adch\u00f3d. R\u00f3w\u00adnie\u017c we Frank\u00adfur\u00adcie \/ O. Nawia\u00adsem m\u00f3wi\u0105c, dys\u00adku\u00adto\u00adwa\u00adny jest tram\u00adwaj trans\u00adgra\u00adnicz\u00adny. S\u0142u\u00ad\u017cy to tury\u00adsty\u00adce zaku\u00adpo\u00adwej oraz wymia\u00adnie szkol\u00adnej. To by\u0142\u00adby napraw\u00add\u0119 trans\u00adgra\u00adnicz\u00adny pro\u00adjekt pilo\u00adta\u00ad\u017co\u00adwy, dobry pre\u00adzent urodzinowy!\u201d<\/p>\n","protected":false},"featured_media":0,"template":"","categories":[816],"class_list":["post-8841","presseerklaerung","type-presseerklaerung","status-publish","hentry","category-komunikaty-prasowe-stowarzyszenia-parkow-narodowych"],"yoast_head":"<title>Komunikat prasowy 02\/2004 - Nationalpark Unteres Odertal<\/title>\n<meta name=\"robots\" content=\"index, follow, max-snippet:-1, max-image-preview:large, max-video-preview:-1\" \/>\n<link rel=\"canonical\" href=\"https:\/\/www.nationalpark-unteres-odertal.de\/pl\/komunikat-prasowy\/komunikat-prasowy-02-2004\/\" \/>\n<meta property=\"og:locale\" content=\"pl_PL\" \/>\n<meta property=\"og:type\" content=\"article\" \/>\n<meta property=\"og:title\" content=\"Komunikat prasowy 02\/2004 - Nationalpark Unteres Odertal\" \/>\n<meta property=\"og:description\" content=\"Publicz\u00adny trans\u00adport auto\u00adbu\u00adso\u00adwy to naj\u00adlep\u00adszy spo\u00ads\u00f3b na pro\u00admo\u00adcj\u0119 pol\u00adsko-nie\u00admiec\u00adkiej wymiany [&hellip;]\" \/>\n<meta property=\"og:url\" content=\"https:\/\/www.nationalpark-unteres-odertal.de\/pl\/komunikat-prasowy\/komunikat-prasowy-02-2004\/\" \/>\n<meta property=\"og:site_name\" content=\"Nationalpark Unteres Odertal\" \/>\n<meta name=\"twitter:card\" content=\"summary_large_image\" \/>\n<script type=\"application\/ld+json\" class=\"yoast-schema-graph\">{\"@context\":\"https:\/\/schema.org\",\"@graph\":[{\"@type\":\"WebPage\",\"@id\":\"https:\/\/www.nationalpark-unteres-odertal.de\/pl\/komunikat-prasowy\/komunikat-prasowy-02-2004\/\",\"url\":\"https:\/\/www.nationalpark-unteres-odertal.de\/pl\/komunikat-prasowy\/komunikat-prasowy-02-2004\/\",\"name\":\"Komunikat prasowy 02\/2004 - Nationalpark Unteres Odertal\",\"isPartOf\":{\"@id\":\"https:\/\/www.nationalpark-unteres-odertal.de\/pl\/#website\"},\"datePublished\":\"2004-02-27T14:00:36+00:00\",\"dateModified\":\"2004-02-27T14:00:36+00:00\",\"breadcrumb\":{\"@id\":\"https:\/\/www.nationalpark-unteres-odertal.de\/pl\/komunikat-prasowy\/komunikat-prasowy-02-2004\/#breadcrumb\"},\"inLanguage\":\"pl-PL\",\"potentialAction\":[{\"@type\":\"ReadAction\",\"target\":[\"https:\/\/www.nationalpark-unteres-odertal.de\/pl\/komunikat-prasowy\/komunikat-prasowy-02-2004\/\"]}]},{\"@type\":\"BreadcrumbList\",\"@id\":\"https:\/\/www.nationalpark-unteres-odertal.de\/pl\/komunikat-prasowy\/komunikat-prasowy-02-2004\/#breadcrumb\",\"itemListElement\":[{\"@type\":\"ListItem\",\"position\":1,\"name\":\"Strona g\u0142\u00f3wna\",\"item\":\"https:\/\/www.nationalpark-unteres-odertal.de\/pl\/\"},{\"@type\":\"ListItem\",\"position\":2,\"name\":\"Komunikaty prasowe\",\"item\":\"https:\/\/www.nationalpark-unteres-odertal.de\/pl\/komunikat-prasowy\/\"},{\"@type\":\"ListItem\",\"position\":3,\"name\":\"Komunikat prasowy 02\/2004\"}]},{\"@type\":\"WebSite\",\"@id\":\"https:\/\/www.nationalpark-unteres-odertal.de\/pl\/#website\",\"url\":\"https:\/\/www.nationalpark-unteres-odertal.de\/pl\/\",\"name\":\"Nationalpark Unteres Odertal\",\"description\":\"Verein der Freunde des Deutsch-Polnischen Europa-Nationalparks Unteres Odertal e.V. &amp; Nationalparkstiftung Unteres Odertal\",\"publisher\":{\"@id\":\"https:\/\/www.nationalpark-unteres-odertal.de\/pl\/#organization\"},\"potentialAction\":[{\"@type\":\"SearchAction\",\"target\":{\"@type\":\"EntryPoint\",\"urlTemplate\":\"https:\/\/www.nationalpark-unteres-odertal.de\/pl\/?s={search_term_string}\"},\"query-input\":{\"@type\":\"PropertyValueSpecification\",\"valueRequired\":true,\"valueName\":\"search_term_string\"}}],\"inLanguage\":\"pl-PL\"},{\"@type\":\"Organization\",\"@id\":\"https:\/\/www.nationalpark-unteres-odertal.de\/pl\/#organization\",\"name\":\"Verein der Freunde des Deutsch-Polnischen Europa-Nationalparks Unteres Odertal e.V. & Nationalparkstiftung Unteres Odertal\",\"url\":\"https:\/\/www.nationalpark-unteres-odertal.de\/pl\/\",\"logo\":{\"@type\":\"ImageObject\",\"inLanguage\":\"pl-PL\",\"@id\":\"https:\/\/www.nationalpark-unteres-odertal.de\/pl\/#\/schema\/logo\/image\/\",\"url\":\"https:\/\/www.nationalpark-unteres-odertal.de\/wp-content\/uploads\/logos-google.png\",\"contentUrl\":\"https:\/\/www.nationalpark-unteres-odertal.de\/wp-content\/uploads\/logos-google.png\",\"width\":800,\"height\":344,\"caption\":\"Verein der Freunde des Deutsch-Polnischen Europa-Nationalparks Unteres Odertal e.V. & Nationalparkstiftung Unteres Odertal\"},\"image\":{\"@id\":\"https:\/\/www.nationalpark-unteres-odertal.de\/pl\/#\/schema\/logo\/image\/\"}}]}<\/script>","yoast_head_json":{"title":"Komunikat prasowy 02\/2004 - Nationalpark Unteres Odertal","robots":{"index":"index","follow":"follow","max-snippet":"max-snippet:-1","max-image-preview":"max-image-preview:large","max-video-preview":"max-video-preview:-1"},"canonical":"https:\/\/www.nationalpark-unteres-odertal.de\/pl\/komunikat-prasowy\/komunikat-prasowy-02-2004\/","og_locale":"pl_PL","og_type":"article","og_title":"Komunikat prasowy 02\/2004 - Nationalpark Unteres Odertal","og_description":"Publicz\u00adny trans\u00adport auto\u00adbu\u00adso\u00adwy to naj\u00adlep\u00adszy spo\u00ads\u00f3b na pro\u00admo\u00adcj\u0119 pol\u00adsko-nie\u00admiec\u00adkiej wymiany [&hellip;]","og_url":"https:\/\/www.nationalpark-unteres-odertal.de\/pl\/komunikat-prasowy\/komunikat-prasowy-02-2004\/","og_site_name":"Nationalpark Unteres Odertal","twitter_card":"summary_large_image","schema":{"@context":"https:\/\/schema.org","@graph":[{"@type":"WebPage","@id":"https:\/\/www.nationalpark-unteres-odertal.de\/pl\/komunikat-prasowy\/komunikat-prasowy-02-2004\/","url":"https:\/\/www.nationalpark-unteres-odertal.de\/pl\/komunikat-prasowy\/komunikat-prasowy-02-2004\/","name":"Komunikat prasowy 02\/2004 - Nationalpark Unteres Odertal","isPartOf":{"@id":"https:\/\/www.nationalpark-unteres-odertal.de\/pl\/#website"},"datePublished":"2004-02-27T14:00:36+00:00","dateModified":"2004-02-27T14:00:36+00:00","breadcrumb":{"@id":"https:\/\/www.nationalpark-unteres-odertal.de\/pl\/komunikat-prasowy\/komunikat-prasowy-02-2004\/#breadcrumb"},"inLanguage":"pl-PL","potentialAction":[{"@type":"ReadAction","target":["https:\/\/www.nationalpark-unteres-odertal.de\/pl\/komunikat-prasowy\/komunikat-prasowy-02-2004\/"]}]},{"@type":"BreadcrumbList","@id":"https:\/\/www.nationalpark-unteres-odertal.de\/pl\/komunikat-prasowy\/komunikat-prasowy-02-2004\/#breadcrumb","itemListElement":[{"@type":"ListItem","position":1,"name":"Strona g\u0142\u00f3wna","item":"https:\/\/www.nationalpark-unteres-odertal.de\/pl\/"},{"@type":"ListItem","position":2,"name":"Komunikaty prasowe","item":"https:\/\/www.nationalpark-unteres-odertal.de\/pl\/komunikat-prasowy\/"},{"@type":"ListItem","position":3,"name":"Komunikat prasowy 02\/2004"}]},{"@type":"WebSite","@id":"https:\/\/www.nationalpark-unteres-odertal.de\/pl\/#website","url":"https:\/\/www.nationalpark-unteres-odertal.de\/pl\/","name":"Nationalpark Unteres Odertal","description":"Verein der Freunde des Deutsch-Polnischen Europa-Nationalparks Unteres Odertal e.V. &amp; Nationalparkstiftung Unteres Odertal","publisher":{"@id":"https:\/\/www.nationalpark-unteres-odertal.de\/pl\/#organization"},"potentialAction":[{"@type":"SearchAction","target":{"@type":"EntryPoint","urlTemplate":"https:\/\/www.nationalpark-unteres-odertal.de\/pl\/?s={search_term_string}"},"query-input":{"@type":"PropertyValueSpecification","valueRequired":true,"valueName":"search_term_string"}}],"inLanguage":"pl-PL"},{"@type":"Organization","@id":"https:\/\/www.nationalpark-unteres-odertal.de\/pl\/#organization","name":"Verein der Freunde des Deutsch-Polnischen Europa-Nationalparks Unteres Odertal e.V. & Nationalparkstiftung Unteres Odertal","url":"https:\/\/www.nationalpark-unteres-odertal.de\/pl\/","logo":{"@type":"ImageObject","inLanguage":"pl-PL","@id":"https:\/\/www.nationalpark-unteres-odertal.de\/pl\/#\/schema\/logo\/image\/","url":"https:\/\/www.nationalpark-unteres-odertal.de\/wp-content\/uploads\/logos-google.png","contentUrl":"https:\/\/www.nationalpark-unteres-odertal.de\/wp-content\/uploads\/logos-google.png","width":800,"height":344,"caption":"Verein der Freunde des Deutsch-Polnischen Europa-Nationalparks Unteres Odertal e.V. & Nationalparkstiftung Unteres Odertal"},"image":{"@id":"https:\/\/www.nationalpark-unteres-odertal.de\/pl\/#\/schema\/logo\/image\/"}}]}},"_links":{"self":[{"href":"https:\/\/www.nationalpark-unteres-odertal.de\/pl\/wp-json\/wp\/v2\/presseerklaerung\/8841","targetHints":{"allow":["GET"]}}],"collection":[{"href":"https:\/\/www.nationalpark-unteres-odertal.de\/pl\/wp-json\/wp\/v2\/presseerklaerung"}],"about":[{"href":"https:\/\/www.nationalpark-unteres-odertal.de\/pl\/wp-json\/wp\/v2\/types\/presseerklaerung"}],"wp:attachment":[{"href":"https:\/\/www.nationalpark-unteres-odertal.de\/pl\/wp-json\/wp\/v2\/media?parent=8841"}],"wp:term":[{"taxonomy":"category","embeddable":true,"href":"https:\/\/www.nationalpark-unteres-odertal.de\/pl\/wp-json\/wp\/v2\/categories?post=8841"}],"curies":[{"name":"wp","href":"https:\/\/api.w.org\/{rel}","templated":true}]}}