{"id":8842,"date":"2005-01-11T12:54:27","date_gmt":"2005-01-11T11:54:27","guid":{"rendered":"https:\/\/2021.nationalpark-unteres-odertal.de\/presseerklaerung\/komunikat-prasowy-01-2005\/"},"modified":"2005-01-11T12:54:27","modified_gmt":"2005-01-11T11:54:27","slug":"komunikat-prasowy-01-2005","status":"publish","type":"presseerklaerung","link":"https:\/\/www.nationalpark-unteres-odertal.de\/pl\/komunikat-prasowy\/komunikat-prasowy-01-2005\/","title":{"rendered":"Komunikat prasowy 01\/2005"},"content":{"rendered":"<p>\n\t<strong>Dorocz\u00adna kon\u00adfe\u00adren\u00adcja pra\u00adso\u00adwa 12 stycz\u00adnia 2005&nbsp;r.<\/strong><\/p>\n<p>\n\t&nbsp;<\/p>\n<p>\n R\u00f3w\u00adnie\u017c w 2004 roku sto\u00adwa\u00adrzy\u00adsze\u00adnie mog\u0142o spo\u00adkoj\u00adnie i obiek\u00adtyw\u00adnie reali\u00adzo\u00adwa\u0107 swo\u00adje zada\u00adnia. Ten ostatni<br>\n W XIX wie\u00adku sp\u00f3r mi\u0119\u00addzy miej\u00adsco\u00adwy\u00admi rol\u00adni\u00adka\u00admi a naszym sto\u00adwa\u00adrzy\u00adsze\u00adniem, szcze\u00adg\u00f3l\u00adnie pod\u00adsy\u00adca\u00adny z zewn\u0105trz, to ju\u017c przesz\u0142o\u015b\u0107.<\/p>\n<p>\n Star\u00adcia, kt\u00f3\u00adre w cza\u00adsie kam\u00adpa\u00adnii wybor\u00adczej by\u0142y bar\u00addzo g\u0142o\u00ad\u015bne i prze\u00adni\u00adkli\u00adwe, doty\u00adczy\u00ad\u0142y polo\u00adwa\u0144, prze\u00adpi\u00ads\u00f3w rybac\u00adkich, wyzna\u00adcze\u00adnia ca\u0142\u00adko\u00adwi\u00adtych rezer\u00adwa\u00adt\u00f3w i nowe\u00adli\u00adza\u00adcji usta\u00adwy o par\u00adku naro\u00addo\u00adwym, wszyst\u00adkich tema\u00adt\u00f3w, kt\u00f3\u00adre nie miesz\u00adcz\u0105 si\u0119 w zakre\u00adsie odpo\u00adwie\u00addzial\u00adno\u00ad\u015bci sto\u00adwa\u00adrzy\u00adsze\u00adnia, ale admi\u00adni\u00adstra\u00adcji par\u00adku naro\u00addo\u00adwe\u00adgo i Mini\u00adster\u00adstwa Rolnictwa.<\/p>\n<p>\n 1. Dobry roz\u00adw\u00f3j popu\u00adla\u00adcji rzad\u00adkich zwie\u00adrz\u0105t, zw\u0142asz\u00adcza ptak\u00f3w<\/p>\n<p> Szef admi\u00adni\u00adstra\u00adcji par\u00adku naro\u00addo\u00adwe\u00adgo publicz\u00adnie wyra\u00ad\u017ca zado\u00adwo\u00adle\u00adnie z \u201cpowol\u00adnej prze\u00admia\u00adny sza\u00adty ro\u015blin\u00adnej na tere\u00adnach par\u00adku naro\u00addo\u00adwe\u00adgo, na kt\u00f3\u00adre nie ma wp\u0142y\u00adwu cz\u0142o\u00adwiek\u201d. Popu\u00adla\u00adcja nie\u00adkt\u00f3\u00adrych rzad\u00adkich pta\u00adk\u00f3w roz\u00adwi\u00adn\u0119\u00ad\u0142a si\u0119 bar\u00addzo pozy\u00adtyw\u00adnie. Szef admi\u00adni\u00adstra\u00adcji nie wspo\u00admi\u00adna jed\u00adnak, \u017ce ten pozy\u00adtyw\u00adny roz\u00adw\u00f3j nast\u0119\u00adpu\u00adje pra\u00adwie wy\u0142\u0105cz\u00adnie na tere\u00adnach sto\u00adwa\u00adrzy\u00adsze\u00adnia dewe\u00adlo\u00adper\u00adskie\u00adgo, a nie na tere\u00adnach l\u0105do\u00adwych. S\u0105 one zarz\u0105\u00addza\u00adne tak jak w prze\u00adsz\u0142o\u00ad\u015bci, wymo\u00adgi ochro\u00adny przy\u00adro\u00addy zawar\u00adte w pla\u00adnie utrzy\u00adma\u00adnia i roz\u00adwo\u00adju s\u0105 egze\u00adkwo\u00adwa\u00adne tyl\u00adko na tere\u00adnie klu\u00adbu. To tutaj mo\u017ce roz\u00adwi\u00adja\u0107 si\u0119 natu\u00adra. Z dru\u00adgiej stro\u00adny, w ostat\u00adnich latach w Doli\u00adnie Dol\u00adnej Odry dra\u00adstycz\u00adnie spa\u00add\u0142y umow\u00adne sta\u00adno\u00adwe zaso\u00adby ochro\u00adny przy\u00adro\u00addy. Cie\u00adszy\u00admy si\u0119 r\u00f3w\u00adnie\u017c z pozy\u00adtyw\u00adne\u00adgo roz\u00adwo\u00adju w dzie\u00addzi\u00adnach i dzie\u00addzi\u00adnach, ale te\u017c otwar\u00adcie poda\u00adje\u00admy przy\u00adczy\u00adny. Le\u017c\u0105 one wy\u0142\u0105cz\u00adnie na w\u0142a\u00adsno\u015b\u0107 sto\u00adwa\u00adrzy\u00adsze\u00adnia i w kon\u00adse\u00adkwent\u00adnej reali\u00adza\u00adcji pla\u00adnu utrzy\u00adma\u00adnia i roz\u00adwo\u00adju w tym zakresie.<\/p>\n<p>\n 2. Spo\u00adtka\u00adnie polsko-niemieckie<\/p>\n<p> W 2004 roku sto\u00adwa\u00adrzy\u00adsze\u00adnie \u015bwia\u00addo\u00admie po\u0142o\u00ad\u017cy\u00ad\u0142o wyra\u017a\u00adny nacisk na wsp\u00f3\u0142\u00adpra\u00adc\u0119 nie\u00admiec\u00adko-pol\u00adsk\u0105, w roku przy\u00adst\u0105\u00adpie\u00adnia Pol\u00adski do Unii Euro\u00adpej\u00adskiej. Na przy\u00adk\u0142ad 13 stycz\u00adnia 2004 zapro\u00adpo\u00adno\u00adwa\u00adli\u00ad\u015bmy pol\u00adsk\u0105 kon\u00adfe\u00adren\u00adcj\u0119 pra\u00adso\u00adw\u0105 dla pol\u00adskich dzien\u00adni\u00adka\u00adrzy, kt\u00f3\u00adra zosta\u00ad\u0142a bar\u00addzo dobrze przy\u00adj\u0119\u00adta. Na zapro\u00adsze\u00adnie odpo\u00adwie\u00addzial\u00adne\u00adgo sta\u00adro\u00adsty wzi\u0119\u00adli\u00ad\u015bmy udzia\u0142 w pol\u00adsko-nie\u00admiec\u00adkiej impre\u00adzie w Gre\u00adifen\u00adha\u00adgen (Gry\u00adfi\u00adno) w dniu 24 kwiet\u00adnia 2004 r. i zor\u00adga\u00adni\u00adzo\u00adwa\u00adli\u00ad\u015bmy kolej\u00adn\u0105 impre\u00adz\u0119 w dniu 26 listo\u00adpa\u00adda 2004 r. w Crie\u00adwen z 30 uczest\u00adni\u00adka\u00admi. Poda\u00adno tu infor\u00adma\u00adcje w szcze\u00adg\u00f3l\u00adno\u00ad\u015bci o kon\u00adcep\u00adcji ochro\u00adny i u\u017cyt\u00adko\u00adwa\u00adnia par\u00adku naro\u00addo\u00adwe\u00adgo po stro\u00adnie nie\u00admiec\u00adkiej. Zapro\u00adszo\u00adno rol\u00adni\u00adk\u00f3w, ryba\u00adk\u00f3w, my\u015bli\u00adwych, w\u0119d\u00adka\u00adrzy ze stro\u00adny pol\u00adskiej dotkni\u0119\u00adtej przez Mi\u0119\u00addzy\u00adna\u00adro\u00addo\u00adwy Park, a tak\u00ad\u017ce kup\u00adc\u00f3w, karcz\u00adma\u00adrzy i karcz\u00adma\u00adrzy. 25 czerw\u00adca 2004 zapro\u00adsi\u00adli\u00ad\u015bmy bur\u00admi\u00adstrz\u00f3w pol\u00adskich gmin po\u0142o\u00ad\u017co\u00adnych w pobli\u00ad\u017cu par\u00adku naro\u00addo\u00adwe\u00adgo do wza\u00adjem\u00adne\u00adgo pozna\u00adnia si\u0119 i wymia\u00adny infor\u00adma\u00adcji na zam\u00adku Criewen.<\/p>\n<p>\n 3. Edu\u00adka\u00adcja eko\u00adlo\u00adgicz\u00adna, finan\u00adso\u00adwa\u00adnie bada\u0144 i public relations<\/p>\n<p> Ponie\u00adwa\u017c edu\u00adka\u00adcja eko\u00adlo\u00adgicz\u00adna Inter\u00adna\u00adtio\u00adnal\u00adpark Unte\u00adres Ode\u00adrtal gGmbH odby\u00adwa si\u0119 g\u0142\u00f3w\u00adnie w szko\u00adle dzi\u00adkiej przy\u00adro\u00addy, a nauka opie\u00adra si\u0119 na Bran\u00adden\u00adbur\u00adskiej Aka\u00adde\u00admii Zam\u00adku Crie\u00adwen, g\u0142\u00f3w\u00adnym zada\u00adniem zarz\u0105\u00addu sto\u00adwa\u00adrzy\u00adsze\u00adnia pozo\u00adsta\u00adje public rela\u00adtions w mediach. Spraw\u00addzo\u00adny ju\u017c pro\u00adgram wycie\u00adczek z eks\u00adper\u00adta\u00admi ze \u015bro\u00addo\u00adwi\u00adska nauko\u00adwe\u00adgo odni\u00f3s\u0142 w tym roku kolej\u00adny sukces<br>\n Orga\u00adni\u00adza\u00adcje part\u00adner\u00adskie ofe\u00adru\u00adj\u0105 dobro\u00adwol\u00adnie i bez\u00adp\u0142at\u00adnie wyso\u00adko wykwa\u00adli\u00adfi\u00adko\u00adwa\u00adne, ale \u0142atwo zro\u00adzu\u00admia\u00ad\u0142e wyciecz\u00adki na spe\u00adcjal\u00adne tema\u00adty w Doli\u00adnie Dol\u00adnej Odry. Wyda\u00adrze\u00adnia ponow\u00adnie cie\u00adszy\u00ad\u0142y si\u0119 du\u017c\u0105 popu\u00adlar\u00adno\u00ad\u015bci\u0105, wzi\u0119\u00ad\u0142o w nich udzia\u0142 193 go\u015bci. Pro\u00adgram b\u0119dzie kon\u00adty\u00adnu\u00adowa\u00adny w 2005 roku i ponow\u00adnie rozszerzony.<\/p>\n<p>\n 4. Pozy\u00adski\u00adwa\u00adnie i wymia\u00adna grunt\u00f3w<\/p>\n<p> Sto\u00adwa\u00adrzy\u00adsze\u00adnie kon\u00adty\u00adnu\u00adowa\u00ad\u0142o dobro\u00adwol\u00adne naby\u00adwa\u00adnie grun\u00adt\u00f3w w 2004 r. i naby\u00ad\u0142o ok. 28 ha (stan na 31 grud\u00adnia 2004 r.). W dal\u00adszym ci\u0105\u00adgu pole\u00adga\u00admy na dobro\u00adwol\u00adnym naby\u00adwa\u00adniu grun\u00adt\u00f3w i odrzu\u00adca\u00admy wszel\u00adkie \u015brod\u00adki przy\u00admu\u00adsu i wyw\u0142asz\u00adcze\u00adnia wbrew woli poszko\u00addo\u00adwa\u00adnych w ramach pro\u00adce\u00addu\u00adry kon\u00adso\u00adli\u00adda\u00adcji grun\u00adt\u00f3w fir\u00admy. Dost\u0119p\u00adne s\u0105 r\u00f3w\u00adnie\u017c fun\u00addu\u00adsze na dobro\u00adwol\u00adne naby\u00adcie grun\u00adt\u00f3w w 2005 r., zw\u0142asz\u00adcza w g\u0142\u00f3w\u00adnym obsza\u00adrze du\u017ce\u00adgo pro\u00adjek\u00adtu ochro\u00adny przy\u00adro\u00addy. Przy\u00adszli sprze\u00addaw\u00adcy s\u0105 mile widziani.<\/p>\n<p> Wymia\u00adna prze\u00adstrze\u00adni ma zosta\u0107 zin\u00adten\u00adsy\u00adfi\u00adko\u00adwa\u00adna w 2005 roku. Cho\u00adcia\u017c jest to w\u0142a\u00ad\u015bci\u00adwie zare\u00adzer\u00adwo\u00adwa\u00adne dla fir\u00admo\u00adwej pro\u00adce\u00addu\u00adry sca\u00adla\u00adnia grun\u00adt\u00f3w, w indy\u00adwi\u00addu\u00adal\u00adnych przy\u00adpad\u00adkach mo\u017c\u00adna z wyprze\u00addze\u00adniem uwzgl\u0119d\u00adni\u0107 spe\u00adcjal\u00adne \u017c\u0105da\u00adnia wymia\u00adny, zw\u0142asz\u00adcza je\u015bli dzi\u0119\u00adki temu uzy\u00adska si\u0119 kom\u00adplek\u00adso\u00adw\u0105, osta\u00adtecz\u00adn\u0105 kon\u00adcep\u00adcj\u0119 ope\u00adra\u00adcyj\u00adn\u0105. Sto\u00adwa\u00adrzy\u00adsze\u00adnie sta\u00adra si\u0119 zna\u00adle\u017a\u0107 kon\u00adcep\u00adcj\u0119 dzia\u00ad\u0142a\u00adnia w bez\u00adpo\u00ad\u015bred\u00adnim dia\u00adlo\u00adgu z ka\u017c\u00add\u0105 indy\u00adwi\u00addu\u00adal\u00adn\u0105&nbsp;firm\u0105<br>\n zabez\u00adpie\u00adcza d\u0142u\u00adgo\u00adter\u00admi\u00adno\u00adwe utrzy\u00adma\u00adnie fir\u00admy i nadal w pe\u0142\u00adni uwzgl\u0119d\u00adnia plan utrzy\u00adma\u00adnia i rozwoju.<\/p>\n<p>\n 5. Utrzy\u00adma\u00adnie krajobrazu<\/p>\n<p> Ca\u0142o\u00adrocz\u00adny wypas z eks\u00adten\u00adsyw\u00adny\u00admi rasa\u00admi byd\u0142a, koni i owiec stwa\u00adrza ku temu oka\u00adzj\u0119. Nada\u00adj\u0105 si\u0119 do tego dzi\u00adkie zwie\u00adrz\u0119\u00adta, takie jak \u017cubr i ko\u0144 Prze\u00adwal\u00adskie\u00adgo, a tak\u00ad\u017ce hodo\u00adwa\u00adne, takie jak byd\u0142o Heck, byd\u0142o Tau\u00adrus czy Tar\u00adpan, ale tak\u00ad\u017ce Scud\u00adden i szorst\u00adko\u00adw\u0142o\u00adsa owca pomor\u00adska. Pod\u00adczas gdy owce s\u0105 szcze\u00adg\u00f3l\u00adnie odpo\u00adwied\u00adnie na zbo\u00adczach z such\u0105 tra\u00adw\u0105, w Polder 5\/6 i Lunow \/ Stol\u00adper Polder jest miej\u00adsce dla byd\u0142a i koni. W tym roku posta\u00adra\u00admy si\u0119 wsp\u00f3\u0142\u00adpra\u00adco\u00adwa\u0107 z rol\u00adni\u00adka\u00admi we wsp\u00f3\u0142\u00adpra\u00adcy z Pa\u0144\u00adstwo\u00adw\u0105 Agen\u00adcj\u0105 \u015arodowiska<br>\n i MLUV do osi\u0105\u00adgni\u0119\u00adcia roz\u00ads\u0105d\u00adnych wynik\u00f3w.<\/p>\n<p>\n Sto\u00adwa\u00adrzy\u00adsze\u00adnie ju\u017c w 13. roku swo\u00adje\u00adgo ist\u00adnie\u00adnia ma solid\u00adne pod\u00adsta\u00adwy finan\u00adso\u00adwe i admi\u00adni\u00adstra\u00adcyj\u00adne i jest zde\u00adter\u00admi\u00adno\u00adwa\u00adne, aby nadal spra\u00adwie\u00addli\u00adwie wype\u0142\u00adnia\u0107 swo\u00adje zada\u00adnia, kt\u00f3\u00adre wyni\u00adka\u00adj\u0105 w szcze\u00adg\u00f3l\u00adno\u00ad\u015bci z du\u017ce\u00adgo pro\u00adjek\u00adtu ochro\u00adny przy\u00adro\u00addy o og\u00f3l\u00adno\u00adkra\u00adjo\u00adwym zna\u00adcze\u00adniu repre\u00adzen\u00adta\u00adtyw\u00adnym dla Repu\u00adbli\u00adki Fede\u00adral\u00adnej Niemiec&nbsp;.<\/p>\n","protected":false},"featured_media":0,"template":"","categories":[816],"class_list":["post-8842","presseerklaerung","type-presseerklaerung","status-publish","hentry","category-komunikaty-prasowe-stowarzyszenia-parkow-narodowych"],"yoast_head":"<title>Komunikat prasowy 01\/2005 - Nationalpark Unteres Odertal<\/title>\n<meta name=\"robots\" content=\"index, follow, max-snippet:-1, max-image-preview:large, max-video-preview:-1\" \/>\n<link rel=\"canonical\" href=\"https:\/\/www.nationalpark-unteres-odertal.de\/pl\/komunikat-prasowy\/komunikat-prasowy-01-2005\/\" \/>\n<meta property=\"og:locale\" content=\"pl_PL\" \/>\n<meta property=\"og:type\" content=\"article\" \/>\n<meta property=\"og:title\" content=\"Komunikat prasowy 01\/2005 - Nationalpark Unteres Odertal\" \/>\n<meta property=\"og:description\" content=\"Dorocz\u00adna kon\u00adfe\u00adren\u00adcja pra\u00adso\u00adwa 12 stycz\u00adnia 2005&nbsp;r. &nbsp; R\u00f3w\u00adnie\u017c w 2004 [&hellip;]\" \/>\n<meta property=\"og:url\" content=\"https:\/\/www.nationalpark-unteres-odertal.de\/pl\/komunikat-prasowy\/komunikat-prasowy-01-2005\/\" \/>\n<meta property=\"og:site_name\" content=\"Nationalpark Unteres Odertal\" \/>\n<meta name=\"twitter:card\" content=\"summary_large_image\" \/>\n<script type=\"application\/ld+json\" class=\"yoast-schema-graph\">{\"@context\":\"https:\/\/schema.org\",\"@graph\":[{\"@type\":\"WebPage\",\"@id\":\"https:\/\/www.nationalpark-unteres-odertal.de\/pl\/komunikat-prasowy\/komunikat-prasowy-01-2005\/\",\"url\":\"https:\/\/www.nationalpark-unteres-odertal.de\/pl\/komunikat-prasowy\/komunikat-prasowy-01-2005\/\",\"name\":\"Komunikat prasowy 01\/2005 - Nationalpark Unteres Odertal\",\"isPartOf\":{\"@id\":\"https:\/\/www.nationalpark-unteres-odertal.de\/pl\/#website\"},\"datePublished\":\"2005-01-11T11:54:27+00:00\",\"dateModified\":\"2005-01-11T11:54:27+00:00\",\"breadcrumb\":{\"@id\":\"https:\/\/www.nationalpark-unteres-odertal.de\/pl\/komunikat-prasowy\/komunikat-prasowy-01-2005\/#breadcrumb\"},\"inLanguage\":\"pl-PL\",\"potentialAction\":[{\"@type\":\"ReadAction\",\"target\":[\"https:\/\/www.nationalpark-unteres-odertal.de\/pl\/komunikat-prasowy\/komunikat-prasowy-01-2005\/\"]}]},{\"@type\":\"BreadcrumbList\",\"@id\":\"https:\/\/www.nationalpark-unteres-odertal.de\/pl\/komunikat-prasowy\/komunikat-prasowy-01-2005\/#breadcrumb\",\"itemListElement\":[{\"@type\":\"ListItem\",\"position\":1,\"name\":\"Strona g\u0142\u00f3wna\",\"item\":\"https:\/\/www.nationalpark-unteres-odertal.de\/pl\/\"},{\"@type\":\"ListItem\",\"position\":2,\"name\":\"Komunikaty prasowe\",\"item\":\"https:\/\/www.nationalpark-unteres-odertal.de\/pl\/komunikat-prasowy\/\"},{\"@type\":\"ListItem\",\"position\":3,\"name\":\"Komunikat prasowy 01\/2005\"}]},{\"@type\":\"WebSite\",\"@id\":\"https:\/\/www.nationalpark-unteres-odertal.de\/pl\/#website\",\"url\":\"https:\/\/www.nationalpark-unteres-odertal.de\/pl\/\",\"name\":\"Nationalpark Unteres Odertal\",\"description\":\"Verein der Freunde des Deutsch-Polnischen Europa-Nationalparks Unteres Odertal e.V. &amp; Nationalparkstiftung Unteres Odertal\",\"publisher\":{\"@id\":\"https:\/\/www.nationalpark-unteres-odertal.de\/pl\/#organization\"},\"potentialAction\":[{\"@type\":\"SearchAction\",\"target\":{\"@type\":\"EntryPoint\",\"urlTemplate\":\"https:\/\/www.nationalpark-unteres-odertal.de\/pl\/?s={search_term_string}\"},\"query-input\":{\"@type\":\"PropertyValueSpecification\",\"valueRequired\":true,\"valueName\":\"search_term_string\"}}],\"inLanguage\":\"pl-PL\"},{\"@type\":\"Organization\",\"@id\":\"https:\/\/www.nationalpark-unteres-odertal.de\/pl\/#organization\",\"name\":\"Verein der Freunde des Deutsch-Polnischen Europa-Nationalparks Unteres Odertal e.V. & Nationalparkstiftung Unteres Odertal\",\"url\":\"https:\/\/www.nationalpark-unteres-odertal.de\/pl\/\",\"logo\":{\"@type\":\"ImageObject\",\"inLanguage\":\"pl-PL\",\"@id\":\"https:\/\/www.nationalpark-unteres-odertal.de\/pl\/#\/schema\/logo\/image\/\",\"url\":\"https:\/\/www.nationalpark-unteres-odertal.de\/wp-content\/uploads\/logos-google.png\",\"contentUrl\":\"https:\/\/www.nationalpark-unteres-odertal.de\/wp-content\/uploads\/logos-google.png\",\"width\":800,\"height\":344,\"caption\":\"Verein der Freunde des Deutsch-Polnischen Europa-Nationalparks Unteres Odertal e.V. & Nationalparkstiftung Unteres Odertal\"},\"image\":{\"@id\":\"https:\/\/www.nationalpark-unteres-odertal.de\/pl\/#\/schema\/logo\/image\/\"}}]}<\/script>","yoast_head_json":{"title":"Komunikat prasowy 01\/2005 - Nationalpark Unteres Odertal","robots":{"index":"index","follow":"follow","max-snippet":"max-snippet:-1","max-image-preview":"max-image-preview:large","max-video-preview":"max-video-preview:-1"},"canonical":"https:\/\/www.nationalpark-unteres-odertal.de\/pl\/komunikat-prasowy\/komunikat-prasowy-01-2005\/","og_locale":"pl_PL","og_type":"article","og_title":"Komunikat prasowy 01\/2005 - Nationalpark Unteres Odertal","og_description":"Dorocz\u00adna kon\u00adfe\u00adren\u00adcja pra\u00adso\u00adwa 12 stycz\u00adnia 2005&nbsp;r. &nbsp; R\u00f3w\u00adnie\u017c w 2004 [&hellip;]","og_url":"https:\/\/www.nationalpark-unteres-odertal.de\/pl\/komunikat-prasowy\/komunikat-prasowy-01-2005\/","og_site_name":"Nationalpark Unteres Odertal","twitter_card":"summary_large_image","schema":{"@context":"https:\/\/schema.org","@graph":[{"@type":"WebPage","@id":"https:\/\/www.nationalpark-unteres-odertal.de\/pl\/komunikat-prasowy\/komunikat-prasowy-01-2005\/","url":"https:\/\/www.nationalpark-unteres-odertal.de\/pl\/komunikat-prasowy\/komunikat-prasowy-01-2005\/","name":"Komunikat prasowy 01\/2005 - Nationalpark Unteres Odertal","isPartOf":{"@id":"https:\/\/www.nationalpark-unteres-odertal.de\/pl\/#website"},"datePublished":"2005-01-11T11:54:27+00:00","dateModified":"2005-01-11T11:54:27+00:00","breadcrumb":{"@id":"https:\/\/www.nationalpark-unteres-odertal.de\/pl\/komunikat-prasowy\/komunikat-prasowy-01-2005\/#breadcrumb"},"inLanguage":"pl-PL","potentialAction":[{"@type":"ReadAction","target":["https:\/\/www.nationalpark-unteres-odertal.de\/pl\/komunikat-prasowy\/komunikat-prasowy-01-2005\/"]}]},{"@type":"BreadcrumbList","@id":"https:\/\/www.nationalpark-unteres-odertal.de\/pl\/komunikat-prasowy\/komunikat-prasowy-01-2005\/#breadcrumb","itemListElement":[{"@type":"ListItem","position":1,"name":"Strona g\u0142\u00f3wna","item":"https:\/\/www.nationalpark-unteres-odertal.de\/pl\/"},{"@type":"ListItem","position":2,"name":"Komunikaty prasowe","item":"https:\/\/www.nationalpark-unteres-odertal.de\/pl\/komunikat-prasowy\/"},{"@type":"ListItem","position":3,"name":"Komunikat prasowy 01\/2005"}]},{"@type":"WebSite","@id":"https:\/\/www.nationalpark-unteres-odertal.de\/pl\/#website","url":"https:\/\/www.nationalpark-unteres-odertal.de\/pl\/","name":"Nationalpark Unteres Odertal","description":"Verein der Freunde des Deutsch-Polnischen Europa-Nationalparks Unteres Odertal e.V. &amp; Nationalparkstiftung Unteres Odertal","publisher":{"@id":"https:\/\/www.nationalpark-unteres-odertal.de\/pl\/#organization"},"potentialAction":[{"@type":"SearchAction","target":{"@type":"EntryPoint","urlTemplate":"https:\/\/www.nationalpark-unteres-odertal.de\/pl\/?s={search_term_string}"},"query-input":{"@type":"PropertyValueSpecification","valueRequired":true,"valueName":"search_term_string"}}],"inLanguage":"pl-PL"},{"@type":"Organization","@id":"https:\/\/www.nationalpark-unteres-odertal.de\/pl\/#organization","name":"Verein der Freunde des Deutsch-Polnischen Europa-Nationalparks Unteres Odertal e.V. & Nationalparkstiftung Unteres Odertal","url":"https:\/\/www.nationalpark-unteres-odertal.de\/pl\/","logo":{"@type":"ImageObject","inLanguage":"pl-PL","@id":"https:\/\/www.nationalpark-unteres-odertal.de\/pl\/#\/schema\/logo\/image\/","url":"https:\/\/www.nationalpark-unteres-odertal.de\/wp-content\/uploads\/logos-google.png","contentUrl":"https:\/\/www.nationalpark-unteres-odertal.de\/wp-content\/uploads\/logos-google.png","width":800,"height":344,"caption":"Verein der Freunde des Deutsch-Polnischen Europa-Nationalparks Unteres Odertal e.V. & Nationalparkstiftung Unteres Odertal"},"image":{"@id":"https:\/\/www.nationalpark-unteres-odertal.de\/pl\/#\/schema\/logo\/image\/"}}]}},"_links":{"self":[{"href":"https:\/\/www.nationalpark-unteres-odertal.de\/pl\/wp-json\/wp\/v2\/presseerklaerung\/8842","targetHints":{"allow":["GET"]}}],"collection":[{"href":"https:\/\/www.nationalpark-unteres-odertal.de\/pl\/wp-json\/wp\/v2\/presseerklaerung"}],"about":[{"href":"https:\/\/www.nationalpark-unteres-odertal.de\/pl\/wp-json\/wp\/v2\/types\/presseerklaerung"}],"wp:attachment":[{"href":"https:\/\/www.nationalpark-unteres-odertal.de\/pl\/wp-json\/wp\/v2\/media?parent=8842"}],"wp:term":[{"taxonomy":"category","embeddable":true,"href":"https:\/\/www.nationalpark-unteres-odertal.de\/pl\/wp-json\/wp\/v2\/categories?post=8842"}],"curies":[{"name":"wp","href":"https:\/\/api.w.org\/{rel}","templated":true}]}}