{"id":8844,"date":"2004-04-22T15:07:48","date_gmt":"2004-04-22T13:07:48","guid":{"rendered":"https:\/\/2021.nationalpark-unteres-odertal.de\/presseerklaerung\/komunikat-prasowy-04-2004\/"},"modified":"2004-04-22T15:07:48","modified_gmt":"2004-04-22T13:07:48","slug":"komunikat-prasowy-04-2004","status":"publish","type":"presseerklaerung","link":"https:\/\/www.nationalpark-unteres-odertal.de\/pl\/komunikat-prasowy\/komunikat-prasowy-04-2004\/","title":{"rendered":"Komunikat prasowy 04\/2004"},"content":{"rendered":"<p>\n\t<strong>Kraj potrze\u00adbu\u00adje nowych \u015bcie\u017cek<br>\n Sto\u00adwa\u00adrzy\u00adsze\u00adnie ape\u00adlu\u00adje o nowe przej\u00ad\u015bcia gra\u00adnicz\u00adne dla pie\u00adszych, rowe\u00adrzy\u00adst\u00f3w, pro\u00adm\u00f3w i autobus\u00f3w<\/strong><\/p>\n<p>\n\t&nbsp;<\/p>\n<p align=\"right\">\n\t<strong><a href=\"https:\/\/www.nationalpark-unteres-odertal.de\/presseerklaerung-042004-polnisch\/\">po pol\u00adsku<\/a><\/strong><\/p>\n<p>\n Z oka\u00adzji wej\u00ad\u015bcia Pol\u00adski do Unii Euro\u00adpej\u00adskiej, a zw\u0142asz\u00adcza z oka\u00adzji kon\u00adfe\u00adren\u00adcji \u201eWza\u00adjem\u00adne \u015bcie\u017c\u00adki \u2013 retro\u00adspek\u00adty\u00adwa i spoj\u00adrze\u00adnie w przy\u00adsz\u0142o\u015b\u0107\u201d w sobo\u00adt\u0119 24 kwiet\u00adnia 2004 r. w Gre\u00adifen\u00adha\u00adgen (Gry\u00adfi\u00adno) zade\u00adkla\u00adro\u00adwa\u0142 pre\u00adzes Tho\u00admas Berg : \u201ePrzy\u00adst\u0105\u00adpie\u00adnie Pol\u00adski do UE ma na celu jesz\u00adcze bar\u00addziej zbli\u00ad\u017cy\u0107 ludzi i wyma\u00adga nowe\u00adgo podej\u00ad\u015bcia. Jed\u00adnak nie\u00adko\u00adniecz\u00adnie musz\u0105 by\u0107 prze\u00adjezd\u00adni pry\u00adwat\u00adnym samo\u00adcho\u00addem, Niem\u00adcem i by\u0107 mo\u017ce naj\u00addro\u017c\u00adszym Pola\u00adkiem. Mo\u017cesz si\u0119 zna\u00adle\u017a\u0107 bez samo\u00adcho\u00addu. Nasze sto\u00adwa\u00adrzy\u00adsze\u00adnie ape\u00adlu\u00adje o otwar\u00adcie przej\u00ad\u015bcia gra\u00adnicz\u00adne\u00adgo Mescherin\/Greifenhagen (Gry\u00adfi\u00adno) dla pie\u00adszych, rowe\u00adrzy\u00adst\u00f3w oraz dla ruchu auto\u00adbu\u00adso\u00adwe\u00adgo i auto\u00adka\u00adro\u00adwe\u00adgo, a tak\u00ad\u017ce dla wszyst\u00adkich oby\u00adwa\u00adte\u00adli UE, nie jak dotych\u00adczas, dla miesz\u00adka\u0144\u00adc\u00f3w pogra\u00adni\u00adcza, ale tak\u00ad\u017ce dla regu\u00adlar\u00adnych po\u0142\u0105\u00adcze\u0144 auto\u00adbu\u00adso\u00adwych \u0142\u0105cz\u0105 si\u0119 mia\u00adsta Mesche\u00adrin, Gartz, Schwedt, K\u00f6nigs\u00adberg (Choj\u00adna) i Gre\u00adifen\u00adha\u00adgen (Gry\u00adfi\u00adno).<\/p>\n<p> Aby Park Naro\u00addo\u00adwy Doli\u00adny Dol\u00adnej Odry rze\u00adczy\u00adwi\u00ad\u015bcie sta\u0142 si\u0119 mi\u0119\u00addzy\u00adna\u00adro\u00addo\u00adwym par\u00adkiem trans\u00adgra\u00adnicz\u00adnym, koniecz\u00adne s\u0105 dal\u00adsze przej\u00ad\u015bcia dla pie\u00adszych, tak jak w przy\u00adpad\u00adku innych trans\u00adgra\u00adnicz\u00adnych par\u00adk\u00f3w naro\u00addo\u00adwych, na przy\u00adk\u0142ad mi\u0119\u00addzy Lasem Bawar\u00adskim a Szu\u00adma\u00adw\u0105 (Niem\u00adcy \/ Repu\u00adbli\u00adka Czeska).<\/p>\n<p> Ide\u00adal\u00adnie nada\u00adje si\u0119 do tego Marien\u00adho\u00adfer Wehr, ale tak\u00ad\u017ce po\u0142\u0105\u00adcze\u00adnie pro\u00admo\u00adwe mi\u0119\u00addzy Fid\u00addi\u00adcho\u00adwem (Widu\u00adcho\u00adwa) a poprzed\u00adni\u0105 komo\u00adr\u0105 cel\u00adn\u0105 na Polde\u00adrze Fid\u00addi\u00adcho\u00adwer (10), kt\u00f3\u00adre 1 maja 2004 stra\u00adci swo\u00adj\u0105 funk\u00adcj\u0119 i b\u0119dzie mo\u017c\u00adna je prze\u00adsta\u00adwi\u0107. Mia\u0142 sta\u0107 si\u0119 przy\u00adsta\u00adni\u0105 pro\u00admo\u00adw\u0105, cen\u00adtrum par\u00adku naro\u00addo\u00adwe\u00adgo dla tury\u00adsty\u00adki trans\u00adgra\u00adnicz\u00adnej. Przed woj\u00adn\u0105 ist\u00adnia\u00ad\u0142o ju\u017c po\u0142\u0105\u00adcze\u00adnie pro\u00admo\u00adwe, trze\u00adba je by\u0142o tyl\u00adko reak\u00adty\u00adwo\u00adwa\u0107. To cz\u0119\u015b\u0107 nowej&nbsp;normy.<\/p>\n<p> Sto\u00adwa\u00adrzy\u00adsze\u00adnie jest goto\u00adwe i zdol\u00adne do aktyw\u00adne\u00adgo uczest\u00adni\u00adcze\u00adnia we wszyst\u00adkich tych pro\u00adjek\u00adtach, z korzy\u00ad\u015bci\u0105 dla miesz\u00adka\u0144\u00adc\u00f3w ca\u0142e\u00adgo regionu.\u201d<\/p>\n","protected":false},"featured_media":0,"template":"","categories":[816],"class_list":["post-8844","presseerklaerung","type-presseerklaerung","status-publish","hentry","category-komunikaty-prasowe-stowarzyszenia-parkow-narodowych"],"yoast_head":"<title>Komunikat prasowy 04\/2004 - Nationalpark Unteres Odertal<\/title>\n<meta name=\"robots\" content=\"index, follow, max-snippet:-1, max-image-preview:large, max-video-preview:-1\" \/>\n<link rel=\"canonical\" href=\"https:\/\/www.nationalpark-unteres-odertal.de\/pl\/komunikat-prasowy\/komunikat-prasowy-04-2004\/\" \/>\n<meta property=\"og:locale\" content=\"pl_PL\" \/>\n<meta property=\"og:type\" content=\"article\" \/>\n<meta property=\"og:title\" content=\"Komunikat prasowy 04\/2004 - Nationalpark Unteres Odertal\" \/>\n<meta property=\"og:description\" content=\"Kraj potrze\u00adbu\u00adje nowych \u015bcie\u017cek Sto\u00adwa\u00adrzy\u00adsze\u00adnie ape\u00adlu\u00adje o nowe przej\u00ad\u015bcia gra\u00adnicz\u00adne [&hellip;]\" \/>\n<meta property=\"og:url\" content=\"https:\/\/www.nationalpark-unteres-odertal.de\/pl\/komunikat-prasowy\/komunikat-prasowy-04-2004\/\" \/>\n<meta property=\"og:site_name\" content=\"Nationalpark Unteres Odertal\" \/>\n<meta name=\"twitter:card\" content=\"summary_large_image\" \/>\n<script type=\"application\/ld+json\" class=\"yoast-schema-graph\">{\"@context\":\"https:\/\/schema.org\",\"@graph\":[{\"@type\":\"WebPage\",\"@id\":\"https:\/\/www.nationalpark-unteres-odertal.de\/pl\/komunikat-prasowy\/komunikat-prasowy-04-2004\/\",\"url\":\"https:\/\/www.nationalpark-unteres-odertal.de\/pl\/komunikat-prasowy\/komunikat-prasowy-04-2004\/\",\"name\":\"Komunikat prasowy 04\/2004 - Nationalpark Unteres Odertal\",\"isPartOf\":{\"@id\":\"https:\/\/www.nationalpark-unteres-odertal.de\/pl\/#website\"},\"datePublished\":\"2004-04-22T13:07:48+00:00\",\"dateModified\":\"2004-04-22T13:07:48+00:00\",\"breadcrumb\":{\"@id\":\"https:\/\/www.nationalpark-unteres-odertal.de\/pl\/komunikat-prasowy\/komunikat-prasowy-04-2004\/#breadcrumb\"},\"inLanguage\":\"pl-PL\",\"potentialAction\":[{\"@type\":\"ReadAction\",\"target\":[\"https:\/\/www.nationalpark-unteres-odertal.de\/pl\/komunikat-prasowy\/komunikat-prasowy-04-2004\/\"]}]},{\"@type\":\"BreadcrumbList\",\"@id\":\"https:\/\/www.nationalpark-unteres-odertal.de\/pl\/komunikat-prasowy\/komunikat-prasowy-04-2004\/#breadcrumb\",\"itemListElement\":[{\"@type\":\"ListItem\",\"position\":1,\"name\":\"Strona g\u0142\u00f3wna\",\"item\":\"https:\/\/www.nationalpark-unteres-odertal.de\/pl\/\"},{\"@type\":\"ListItem\",\"position\":2,\"name\":\"Komunikaty prasowe\",\"item\":\"https:\/\/www.nationalpark-unteres-odertal.de\/pl\/komunikat-prasowy\/\"},{\"@type\":\"ListItem\",\"position\":3,\"name\":\"Komunikat prasowy 04\/2004\"}]},{\"@type\":\"WebSite\",\"@id\":\"https:\/\/www.nationalpark-unteres-odertal.de\/pl\/#website\",\"url\":\"https:\/\/www.nationalpark-unteres-odertal.de\/pl\/\",\"name\":\"Nationalpark Unteres Odertal\",\"description\":\"Verein der Freunde des Deutsch-Polnischen Europa-Nationalparks Unteres Odertal e.V. &amp; Nationalparkstiftung Unteres Odertal\",\"publisher\":{\"@id\":\"https:\/\/www.nationalpark-unteres-odertal.de\/pl\/#organization\"},\"potentialAction\":[{\"@type\":\"SearchAction\",\"target\":{\"@type\":\"EntryPoint\",\"urlTemplate\":\"https:\/\/www.nationalpark-unteres-odertal.de\/pl\/?s={search_term_string}\"},\"query-input\":{\"@type\":\"PropertyValueSpecification\",\"valueRequired\":true,\"valueName\":\"search_term_string\"}}],\"inLanguage\":\"pl-PL\"},{\"@type\":\"Organization\",\"@id\":\"https:\/\/www.nationalpark-unteres-odertal.de\/pl\/#organization\",\"name\":\"Verein der Freunde des Deutsch-Polnischen Europa-Nationalparks Unteres Odertal e.V. & Nationalparkstiftung Unteres Odertal\",\"url\":\"https:\/\/www.nationalpark-unteres-odertal.de\/pl\/\",\"logo\":{\"@type\":\"ImageObject\",\"inLanguage\":\"pl-PL\",\"@id\":\"https:\/\/www.nationalpark-unteres-odertal.de\/pl\/#\/schema\/logo\/image\/\",\"url\":\"https:\/\/www.nationalpark-unteres-odertal.de\/wp-content\/uploads\/logos-google.png\",\"contentUrl\":\"https:\/\/www.nationalpark-unteres-odertal.de\/wp-content\/uploads\/logos-google.png\",\"width\":800,\"height\":344,\"caption\":\"Verein der Freunde des Deutsch-Polnischen Europa-Nationalparks Unteres Odertal e.V. & Nationalparkstiftung Unteres Odertal\"},\"image\":{\"@id\":\"https:\/\/www.nationalpark-unteres-odertal.de\/pl\/#\/schema\/logo\/image\/\"}}]}<\/script>","yoast_head_json":{"title":"Komunikat prasowy 04\/2004 - Nationalpark Unteres Odertal","robots":{"index":"index","follow":"follow","max-snippet":"max-snippet:-1","max-image-preview":"max-image-preview:large","max-video-preview":"max-video-preview:-1"},"canonical":"https:\/\/www.nationalpark-unteres-odertal.de\/pl\/komunikat-prasowy\/komunikat-prasowy-04-2004\/","og_locale":"pl_PL","og_type":"article","og_title":"Komunikat prasowy 04\/2004 - Nationalpark Unteres Odertal","og_description":"Kraj potrze\u00adbu\u00adje nowych \u015bcie\u017cek Sto\u00adwa\u00adrzy\u00adsze\u00adnie ape\u00adlu\u00adje o nowe przej\u00ad\u015bcia gra\u00adnicz\u00adne [&hellip;]","og_url":"https:\/\/www.nationalpark-unteres-odertal.de\/pl\/komunikat-prasowy\/komunikat-prasowy-04-2004\/","og_site_name":"Nationalpark Unteres Odertal","twitter_card":"summary_large_image","schema":{"@context":"https:\/\/schema.org","@graph":[{"@type":"WebPage","@id":"https:\/\/www.nationalpark-unteres-odertal.de\/pl\/komunikat-prasowy\/komunikat-prasowy-04-2004\/","url":"https:\/\/www.nationalpark-unteres-odertal.de\/pl\/komunikat-prasowy\/komunikat-prasowy-04-2004\/","name":"Komunikat prasowy 04\/2004 - Nationalpark Unteres Odertal","isPartOf":{"@id":"https:\/\/www.nationalpark-unteres-odertal.de\/pl\/#website"},"datePublished":"2004-04-22T13:07:48+00:00","dateModified":"2004-04-22T13:07:48+00:00","breadcrumb":{"@id":"https:\/\/www.nationalpark-unteres-odertal.de\/pl\/komunikat-prasowy\/komunikat-prasowy-04-2004\/#breadcrumb"},"inLanguage":"pl-PL","potentialAction":[{"@type":"ReadAction","target":["https:\/\/www.nationalpark-unteres-odertal.de\/pl\/komunikat-prasowy\/komunikat-prasowy-04-2004\/"]}]},{"@type":"BreadcrumbList","@id":"https:\/\/www.nationalpark-unteres-odertal.de\/pl\/komunikat-prasowy\/komunikat-prasowy-04-2004\/#breadcrumb","itemListElement":[{"@type":"ListItem","position":1,"name":"Strona g\u0142\u00f3wna","item":"https:\/\/www.nationalpark-unteres-odertal.de\/pl\/"},{"@type":"ListItem","position":2,"name":"Komunikaty prasowe","item":"https:\/\/www.nationalpark-unteres-odertal.de\/pl\/komunikat-prasowy\/"},{"@type":"ListItem","position":3,"name":"Komunikat prasowy 04\/2004"}]},{"@type":"WebSite","@id":"https:\/\/www.nationalpark-unteres-odertal.de\/pl\/#website","url":"https:\/\/www.nationalpark-unteres-odertal.de\/pl\/","name":"Nationalpark Unteres Odertal","description":"Verein der Freunde des Deutsch-Polnischen Europa-Nationalparks Unteres Odertal e.V. &amp; Nationalparkstiftung Unteres Odertal","publisher":{"@id":"https:\/\/www.nationalpark-unteres-odertal.de\/pl\/#organization"},"potentialAction":[{"@type":"SearchAction","target":{"@type":"EntryPoint","urlTemplate":"https:\/\/www.nationalpark-unteres-odertal.de\/pl\/?s={search_term_string}"},"query-input":{"@type":"PropertyValueSpecification","valueRequired":true,"valueName":"search_term_string"}}],"inLanguage":"pl-PL"},{"@type":"Organization","@id":"https:\/\/www.nationalpark-unteres-odertal.de\/pl\/#organization","name":"Verein der Freunde des Deutsch-Polnischen Europa-Nationalparks Unteres Odertal e.V. & Nationalparkstiftung Unteres Odertal","url":"https:\/\/www.nationalpark-unteres-odertal.de\/pl\/","logo":{"@type":"ImageObject","inLanguage":"pl-PL","@id":"https:\/\/www.nationalpark-unteres-odertal.de\/pl\/#\/schema\/logo\/image\/","url":"https:\/\/www.nationalpark-unteres-odertal.de\/wp-content\/uploads\/logos-google.png","contentUrl":"https:\/\/www.nationalpark-unteres-odertal.de\/wp-content\/uploads\/logos-google.png","width":800,"height":344,"caption":"Verein der Freunde des Deutsch-Polnischen Europa-Nationalparks Unteres Odertal e.V. & Nationalparkstiftung Unteres Odertal"},"image":{"@id":"https:\/\/www.nationalpark-unteres-odertal.de\/pl\/#\/schema\/logo\/image\/"}}]}},"_links":{"self":[{"href":"https:\/\/www.nationalpark-unteres-odertal.de\/pl\/wp-json\/wp\/v2\/presseerklaerung\/8844","targetHints":{"allow":["GET"]}}],"collection":[{"href":"https:\/\/www.nationalpark-unteres-odertal.de\/pl\/wp-json\/wp\/v2\/presseerklaerung"}],"about":[{"href":"https:\/\/www.nationalpark-unteres-odertal.de\/pl\/wp-json\/wp\/v2\/types\/presseerklaerung"}],"wp:attachment":[{"href":"https:\/\/www.nationalpark-unteres-odertal.de\/pl\/wp-json\/wp\/v2\/media?parent=8844"}],"wp:term":[{"taxonomy":"category","embeddable":true,"href":"https:\/\/www.nationalpark-unteres-odertal.de\/pl\/wp-json\/wp\/v2\/categories?post=8844"}],"curies":[{"name":"wp","href":"https:\/\/api.w.org\/{rel}","templated":true}]}}