{"id":8846,"date":"2004-10-26T15:33:48","date_gmt":"2004-10-26T13:33:48","guid":{"rendered":"https:\/\/2021.nationalpark-unteres-odertal.de\/presseerklaerung\/komunikat-prasowy-08-2004\/"},"modified":"2004-10-26T15:33:48","modified_gmt":"2004-10-26T13:33:48","slug":"komunikat-prasowy-08-2004","status":"publish","type":"presseerklaerung","link":"https:\/\/www.nationalpark-unteres-odertal.de\/pl\/komunikat-prasowy\/komunikat-prasowy-08-2004\/","title":{"rendered":"Komunikat prasowy 08\/2004"},"content":{"rendered":"<p>\n\t<strong><span style=\"font-size: 11pt; line-height: 115%; font-family: 'Calibri','sans-serif'\">Noc\u00adne polo\u00adwa\u00adnie na g\u0119si w pol\u00adskim par\u00adku kra\u00adjo\u00adbra\u00adzo\u00adwym \u201eUnte\u00adres Ode\u00adrtal\u201d wyp\u0119\u00addza \u017cura\u00adwie z regionu<\/span><\/strong><\/p>\n<p>\t<span style=\"font-size: 11pt; line-height: 115%; font-family: 'Calibri','sans-serif'\">Pre\u00adzes Sto\u00adwa\u00adrzy\u00adsze\u00adnia Przy\u00adja\u00adci\u00f3\u0142 Pol\u00adsko-Nie\u00admiec\u00adkie\u00adgo Euro\u00adpej\u00adskie\u00adgo Par\u00adku Naro\u00addo\u00adwe\u00adgo Unte\u00adres Ode\u00adrtal e. V. Tho\u00admas Berg kry\u00adty\u00adku\u00adje wie\u00adczor\u00adne i noc\u00adne polo\u00adwa\u00adnie na g\u0119si w pol\u00adskiej cz\u0119\u00ad\u015bci Mi\u0119\u00addzy\u00adna\u00adro\u00addo\u00adwe\u00adgo Par\u00adku Unte\u00adres Ode\u00adrtal, kt\u00f3\u00adre obser\u00adwu\u00adje si\u0119 od pocz\u0105t\u00adku pa\u017adziernika:<\/span><\/p>\n<p> \u201eWiel\u00adkie hala\u00adli na dzi\u00adkich g\u0119si w pol\u00adskim par\u00adku kra\u00adjo\u00adbra\u00adzo\u00adwym Unte\u00adres Ode\u00adrtal nie zabi\u00adja bez\u00adpo\u00ad\u015bred\u00adnio \u017cura\u00adwi, ale mar\u00adtwi je tak bar\u00addzo, \u017ce coraz cz\u0119\u00ad\u015bciej opusz\u00adcza\u00adj\u0105 ten obszar i b\u0119d\u0105 go w przy\u00adsz\u0142o\u00ad\u015bci uni\u00adka\u0107. Ozna\u00adcza to, \u017ce region tra\u00adci jed\u00adn\u0105 z g\u0142\u00f3w\u00adnych atrak\u00adcji tury\u00adstycz\u00adnych. Sto\u00adwa\u00adrzy\u00adsze\u00adnie zwra\u00adca si\u0119 zatem do os\u00f3b odpo\u00adwie\u00addzial\u00adnych po stro\u00adnie pol\u00adskiej i nie\u00admiec\u00adkiej z pro\u015b\u00adb\u0105 o osta\u00adtecz\u00adne po\u0142o\u00ad\u017ce\u00adnie kre\u00adsu polo\u00adwa\u00adniu na ptac\u00adtwo wod\u00adne w nocy i dal\u00adsze hamo\u00adwa\u00adnie roz\u00adwo\u00adju tury\u00adsty\u00adki w Doli\u00adnie Dol\u00adnej&nbsp;Odry\u201d.<\/p>\n<p> 5 pa\u017a\u00addzier\u00adni\u00adka 2004 r. na swo\u00adich kry\u00adj\u00f3w\u00adkach w pol\u00adskiej Zwi\u00adsche\u00adno\u00adder\u00adlan\u00addach zaob\u00adser\u00adwo\u00adwa\u00adno oko\u00ad\u0142o 8000 spo\u00adczy\u00adwa\u00adj\u0105\u00adcych \u017cura\u00adwi. To by\u0142 punkt kul\u00admi\u00adna\u00adcyj\u00adny migra\u00adcji \u017cura\u00adwia. Wie\u00adczo\u00adrem 7 pa\u017a\u00addzier\u00adni\u00adka odda\u00adno 10\u201312 strza\u00ad\u0142\u00f3w na wsch\u00f3d od Gartz \/ O., przy\u00adpusz\u00adczal\u00adnie celu\u00adj\u0105c w g\u0119si zbo\u00ad\u017co\u00adwe i g\u0119si bie\u00adli\u00adki odpo\u00adczy\u00adwa\u00adj\u0105\u00adce w oko\u00adli\u00adcy, a nie w same \u017cura\u00adwie. Kon\u00adse\u00adkwen\u00adcj\u0105 tej dzia\u00ad\u0142al\u00adno\u00ad\u015bci \u0142owiec\u00adkiej by\u0142o jed\u00adnak prze\u00adnie\u00adsie\u00adnie sie\u00addli\u00adska \u017cura\u00adwi na po\u0142u\u00addnio\u00adwy wsch\u00f3d. 10.10.2004, w zwi\u0105z\u00adku z tymi zak\u0142\u00f3\u00adce\u00adnia\u00admi \u0142owiec\u00adki\u00admi, w Zwi\u00adsche\u00adno\u00adder\u00adlan\u00addach \u015bpi\u0105\u00adcych zna\u00adle\u00adzio\u00adno tyl\u00adko 4000 \u017cura\u00adwi. Ponow\u00adnie odda\u00adno 10\u201315 strza\u00ad\u0142\u00f3w w Zwi\u00adsche\u00adno\u00adder\u00adland mi\u0119\u00addzy 18:00 a 19:00. Tak zanie\u00adpo\u00adko\u00adjo\u00adne \u017cura\u00adwie musia\u00ad\u0142y opu\u00ad\u015bci\u0107 swo\u00adje miej\u00adsca sypial\u00adne i szu\u00adka\u0107 nowych miejsc do spa\u00adnia pod\u00adczas lot\u00f3w noc\u00adnych. W rezul\u00adta\u00adcie 11 pa\u017a\u00addzier\u00adni\u00adka 2004 r. sza\u00adcu\u00adje si\u0119, \u017ce na kry\u00adj\u00f3w\u00adkach zauwa\u00ad\u017co\u00adno zale\u00add\u00adwie 3000 \u017cura\u00adwi. Ale nawet tego wie\u00adczo\u00adru mi\u0119\u00addzy 18:00 a 19:30 w Zwi\u00adsche\u00adno\u00adder\u00adland s\u0142y\u00adcha\u0107 by\u0142o 60\u2013100 strza\u00ad\u0142\u00f3w, cza\u00adsem nawet z p\u00f3\u0142\u00adau\u00adto\u00adma\u00adtycz\u00adnych i w pe\u0142\u00adni auto\u00adma\u00adtycz\u00adnych strzelb. Zn\u00f3w prze\u00adstra\u00adszy\u00ad\u0142y si\u0119 \u017cura\u00adwie, kt\u00f3\u00adre musia\u00ad\u0142y szu\u00adka\u0107 nowych miejsc do spa\u00adnia i d\u0142u\u00adgo b\u0142\u0105\u00adka\u00ad\u0142y si\u0119 po ciem\u00adku. W wyni\u00adku polo\u00adwa\u00adnia na ptac\u00adtwo wod\u00adne 12 pa\u017a\u00addzier\u00adni\u00adka 2004 r. na schro\u00adnie\u00adniach nali\u00adczo\u00adno zale\u00add\u00adwie 2300 \u017curawi.<\/p>\n<p> W kolej\u00adne wie\u00adczo\u00adry wci\u0105\u017c s\u0142y\u00adcha\u0107 by\u0142o strza\u00ad\u0142y z pol\u00adskiej Zwi\u00adsche\u00adno\u00adder\u00adlan\u00addu. W prze\u00adsz\u0142o\u00ad\u015bci polo\u00adwa\u00adnia odby\u00adwa\u00ad\u0142y si\u0119 jesie\u00adni\u0105, ale nie tak du\u017co i tak \u017ale jak w tym roku. Ist\u00adnie\u00adje powa\u017c\u00adne nie\u00adbez\u00adpie\u00adcze\u0144\u00adstwo, \u017ce \u017cura\u00adwie, naru\u00adszo\u00adne w ten spo\u00ads\u00f3b na sta\u00ad\u0142e, ca\u0142\u00adko\u00adwi\u00adcie opusz\u00adcz\u0105 obszar i b\u0119d\u0105 go uni\u00adka\u0107 w przy\u00adsz\u0142o\u00ad\u015bci. Region mia\u0142\u00adby jed\u00adn\u0105 wiel\u00adk\u0105 atrak\u00adcj\u0119, popu\u00adlar\u00adne wyciecz\u00adki z prze\u00adwod\u00adni\u00adkiem do kry\u00adj\u00f3\u00adwek \u017cura\u00adwi musia\u00ad\u0142y\u00adby zosta\u0107 odwo\u0142ane.<\/p>\n<p> Sto\u00adwa\u00adrzy\u00adsze\u00adnie Przy\u00adja\u00adci\u00f3\u0142 Pol\u00adsko-Nie\u00admiec\u00adkie\u00adgo Euro\u00adpej\u00adskie\u00adgo Par\u00adku Naro\u00addo\u00adwe\u00adgo Unte\u00adres Ode\u00adrtal e. V. ape\u00adlu\u00adje do odpo\u00adwie\u00addzial\u00adnych w Niem\u00adczech i Pol\u00adsce o zaprze\u00adsta\u00adnie polo\u00adwa\u0144 na ptac\u00adtwo wod\u00adne r\u00f3w\u00adnie\u017c w pol\u00adskiej cz\u0119\u00ad\u015bci Mi\u0119\u00addzy\u00adna\u00adro\u00addo\u00adwe\u00adgo Par\u00adku, jak to mia\u00ad\u0142o miej\u00adsce od daw\u00adna w cz\u0119\u00ad\u015bci niemieckiej.<\/p>\n","protected":false},"featured_media":0,"template":"","categories":[816],"class_list":["post-8846","presseerklaerung","type-presseerklaerung","status-publish","hentry","category-komunikaty-prasowe-stowarzyszenia-parkow-narodowych"],"yoast_head":"<title>Komunikat prasowy 08\/2004 - Nationalpark Unteres Odertal<\/title>\n<meta name=\"robots\" content=\"index, follow, max-snippet:-1, max-image-preview:large, max-video-preview:-1\" \/>\n<link rel=\"canonical\" href=\"https:\/\/www.nationalpark-unteres-odertal.de\/pl\/komunikat-prasowy\/komunikat-prasowy-08-2004\/\" \/>\n<meta property=\"og:locale\" content=\"pl_PL\" \/>\n<meta property=\"og:type\" content=\"article\" \/>\n<meta property=\"og:title\" content=\"Komunikat prasowy 08\/2004 - Nationalpark Unteres Odertal\" \/>\n<meta property=\"og:description\" content=\"Noc\u00adne polo\u00adwa\u00adnie na g\u0119si w pol\u00adskim par\u00adku kra\u00adjo\u00adbra\u00adzo\u00adwym \u201eUnte\u00adres Ode\u00adrtal\u201d [&hellip;]\" \/>\n<meta property=\"og:url\" content=\"https:\/\/www.nationalpark-unteres-odertal.de\/pl\/komunikat-prasowy\/komunikat-prasowy-08-2004\/\" \/>\n<meta property=\"og:site_name\" content=\"Nationalpark Unteres Odertal\" \/>\n<meta name=\"twitter:card\" content=\"summary_large_image\" \/>\n<script type=\"application\/ld+json\" class=\"yoast-schema-graph\">{\"@context\":\"https:\/\/schema.org\",\"@graph\":[{\"@type\":\"WebPage\",\"@id\":\"https:\/\/www.nationalpark-unteres-odertal.de\/pl\/komunikat-prasowy\/komunikat-prasowy-08-2004\/\",\"url\":\"https:\/\/www.nationalpark-unteres-odertal.de\/pl\/komunikat-prasowy\/komunikat-prasowy-08-2004\/\",\"name\":\"Komunikat prasowy 08\/2004 - Nationalpark Unteres Odertal\",\"isPartOf\":{\"@id\":\"https:\/\/www.nationalpark-unteres-odertal.de\/pl\/#website\"},\"datePublished\":\"2004-10-26T13:33:48+00:00\",\"dateModified\":\"2004-10-26T13:33:48+00:00\",\"breadcrumb\":{\"@id\":\"https:\/\/www.nationalpark-unteres-odertal.de\/pl\/komunikat-prasowy\/komunikat-prasowy-08-2004\/#breadcrumb\"},\"inLanguage\":\"pl-PL\",\"potentialAction\":[{\"@type\":\"ReadAction\",\"target\":[\"https:\/\/www.nationalpark-unteres-odertal.de\/pl\/komunikat-prasowy\/komunikat-prasowy-08-2004\/\"]}]},{\"@type\":\"BreadcrumbList\",\"@id\":\"https:\/\/www.nationalpark-unteres-odertal.de\/pl\/komunikat-prasowy\/komunikat-prasowy-08-2004\/#breadcrumb\",\"itemListElement\":[{\"@type\":\"ListItem\",\"position\":1,\"name\":\"Strona g\u0142\u00f3wna\",\"item\":\"https:\/\/www.nationalpark-unteres-odertal.de\/pl\/\"},{\"@type\":\"ListItem\",\"position\":2,\"name\":\"Komunikaty prasowe\",\"item\":\"https:\/\/www.nationalpark-unteres-odertal.de\/pl\/komunikat-prasowy\/\"},{\"@type\":\"ListItem\",\"position\":3,\"name\":\"Komunikat prasowy 08\/2004\"}]},{\"@type\":\"WebSite\",\"@id\":\"https:\/\/www.nationalpark-unteres-odertal.de\/pl\/#website\",\"url\":\"https:\/\/www.nationalpark-unteres-odertal.de\/pl\/\",\"name\":\"Nationalpark Unteres Odertal\",\"description\":\"Verein der Freunde des Deutsch-Polnischen Europa-Nationalparks Unteres Odertal e.V. &amp; Nationalparkstiftung Unteres Odertal\",\"publisher\":{\"@id\":\"https:\/\/www.nationalpark-unteres-odertal.de\/pl\/#organization\"},\"potentialAction\":[{\"@type\":\"SearchAction\",\"target\":{\"@type\":\"EntryPoint\",\"urlTemplate\":\"https:\/\/www.nationalpark-unteres-odertal.de\/pl\/?s={search_term_string}\"},\"query-input\":{\"@type\":\"PropertyValueSpecification\",\"valueRequired\":true,\"valueName\":\"search_term_string\"}}],\"inLanguage\":\"pl-PL\"},{\"@type\":\"Organization\",\"@id\":\"https:\/\/www.nationalpark-unteres-odertal.de\/pl\/#organization\",\"name\":\"Verein der Freunde des Deutsch-Polnischen Europa-Nationalparks Unteres Odertal e.V. & Nationalparkstiftung Unteres Odertal\",\"url\":\"https:\/\/www.nationalpark-unteres-odertal.de\/pl\/\",\"logo\":{\"@type\":\"ImageObject\",\"inLanguage\":\"pl-PL\",\"@id\":\"https:\/\/www.nationalpark-unteres-odertal.de\/pl\/#\/schema\/logo\/image\/\",\"url\":\"https:\/\/www.nationalpark-unteres-odertal.de\/wp-content\/uploads\/logos-google.png\",\"contentUrl\":\"https:\/\/www.nationalpark-unteres-odertal.de\/wp-content\/uploads\/logos-google.png\",\"width\":800,\"height\":344,\"caption\":\"Verein der Freunde des Deutsch-Polnischen Europa-Nationalparks Unteres Odertal e.V. & Nationalparkstiftung Unteres Odertal\"},\"image\":{\"@id\":\"https:\/\/www.nationalpark-unteres-odertal.de\/pl\/#\/schema\/logo\/image\/\"}}]}<\/script>","yoast_head_json":{"title":"Komunikat prasowy 08\/2004 - Nationalpark Unteres Odertal","robots":{"index":"index","follow":"follow","max-snippet":"max-snippet:-1","max-image-preview":"max-image-preview:large","max-video-preview":"max-video-preview:-1"},"canonical":"https:\/\/www.nationalpark-unteres-odertal.de\/pl\/komunikat-prasowy\/komunikat-prasowy-08-2004\/","og_locale":"pl_PL","og_type":"article","og_title":"Komunikat prasowy 08\/2004 - Nationalpark Unteres Odertal","og_description":"Noc\u00adne polo\u00adwa\u00adnie na g\u0119si w pol\u00adskim par\u00adku kra\u00adjo\u00adbra\u00adzo\u00adwym \u201eUnte\u00adres Ode\u00adrtal\u201d [&hellip;]","og_url":"https:\/\/www.nationalpark-unteres-odertal.de\/pl\/komunikat-prasowy\/komunikat-prasowy-08-2004\/","og_site_name":"Nationalpark Unteres Odertal","twitter_card":"summary_large_image","schema":{"@context":"https:\/\/schema.org","@graph":[{"@type":"WebPage","@id":"https:\/\/www.nationalpark-unteres-odertal.de\/pl\/komunikat-prasowy\/komunikat-prasowy-08-2004\/","url":"https:\/\/www.nationalpark-unteres-odertal.de\/pl\/komunikat-prasowy\/komunikat-prasowy-08-2004\/","name":"Komunikat prasowy 08\/2004 - Nationalpark Unteres Odertal","isPartOf":{"@id":"https:\/\/www.nationalpark-unteres-odertal.de\/pl\/#website"},"datePublished":"2004-10-26T13:33:48+00:00","dateModified":"2004-10-26T13:33:48+00:00","breadcrumb":{"@id":"https:\/\/www.nationalpark-unteres-odertal.de\/pl\/komunikat-prasowy\/komunikat-prasowy-08-2004\/#breadcrumb"},"inLanguage":"pl-PL","potentialAction":[{"@type":"ReadAction","target":["https:\/\/www.nationalpark-unteres-odertal.de\/pl\/komunikat-prasowy\/komunikat-prasowy-08-2004\/"]}]},{"@type":"BreadcrumbList","@id":"https:\/\/www.nationalpark-unteres-odertal.de\/pl\/komunikat-prasowy\/komunikat-prasowy-08-2004\/#breadcrumb","itemListElement":[{"@type":"ListItem","position":1,"name":"Strona g\u0142\u00f3wna","item":"https:\/\/www.nationalpark-unteres-odertal.de\/pl\/"},{"@type":"ListItem","position":2,"name":"Komunikaty prasowe","item":"https:\/\/www.nationalpark-unteres-odertal.de\/pl\/komunikat-prasowy\/"},{"@type":"ListItem","position":3,"name":"Komunikat prasowy 08\/2004"}]},{"@type":"WebSite","@id":"https:\/\/www.nationalpark-unteres-odertal.de\/pl\/#website","url":"https:\/\/www.nationalpark-unteres-odertal.de\/pl\/","name":"Nationalpark Unteres Odertal","description":"Verein der Freunde des Deutsch-Polnischen Europa-Nationalparks Unteres Odertal e.V. &amp; Nationalparkstiftung Unteres Odertal","publisher":{"@id":"https:\/\/www.nationalpark-unteres-odertal.de\/pl\/#organization"},"potentialAction":[{"@type":"SearchAction","target":{"@type":"EntryPoint","urlTemplate":"https:\/\/www.nationalpark-unteres-odertal.de\/pl\/?s={search_term_string}"},"query-input":{"@type":"PropertyValueSpecification","valueRequired":true,"valueName":"search_term_string"}}],"inLanguage":"pl-PL"},{"@type":"Organization","@id":"https:\/\/www.nationalpark-unteres-odertal.de\/pl\/#organization","name":"Verein der Freunde des Deutsch-Polnischen Europa-Nationalparks Unteres Odertal e.V. & Nationalparkstiftung Unteres Odertal","url":"https:\/\/www.nationalpark-unteres-odertal.de\/pl\/","logo":{"@type":"ImageObject","inLanguage":"pl-PL","@id":"https:\/\/www.nationalpark-unteres-odertal.de\/pl\/#\/schema\/logo\/image\/","url":"https:\/\/www.nationalpark-unteres-odertal.de\/wp-content\/uploads\/logos-google.png","contentUrl":"https:\/\/www.nationalpark-unteres-odertal.de\/wp-content\/uploads\/logos-google.png","width":800,"height":344,"caption":"Verein der Freunde des Deutsch-Polnischen Europa-Nationalparks Unteres Odertal e.V. & Nationalparkstiftung Unteres Odertal"},"image":{"@id":"https:\/\/www.nationalpark-unteres-odertal.de\/pl\/#\/schema\/logo\/image\/"}}]}},"_links":{"self":[{"href":"https:\/\/www.nationalpark-unteres-odertal.de\/pl\/wp-json\/wp\/v2\/presseerklaerung\/8846","targetHints":{"allow":["GET"]}}],"collection":[{"href":"https:\/\/www.nationalpark-unteres-odertal.de\/pl\/wp-json\/wp\/v2\/presseerklaerung"}],"about":[{"href":"https:\/\/www.nationalpark-unteres-odertal.de\/pl\/wp-json\/wp\/v2\/types\/presseerklaerung"}],"wp:attachment":[{"href":"https:\/\/www.nationalpark-unteres-odertal.de\/pl\/wp-json\/wp\/v2\/media?parent=8846"}],"wp:term":[{"taxonomy":"category","embeddable":true,"href":"https:\/\/www.nationalpark-unteres-odertal.de\/pl\/wp-json\/wp\/v2\/categories?post=8846"}],"curies":[{"name":"wp","href":"https:\/\/api.w.org\/{rel}","templated":true}]}}