{"id":8849,"date":"2004-12-28T15:56:54","date_gmt":"2004-12-28T14:56:54","guid":{"rendered":"https:\/\/2021.nationalpark-unteres-odertal.de\/presseerklaerung\/komunikat-prasowy-10-2004\/"},"modified":"2004-12-28T15:56:54","modified_gmt":"2004-12-28T14:56:54","slug":"komunikat-prasowy-10-2004","status":"publish","type":"presseerklaerung","link":"https:\/\/www.nationalpark-unteres-odertal.de\/pl\/komunikat-prasowy\/komunikat-prasowy-10-2004\/","title":{"rendered":"Komunikat prasowy 10\/2004"},"content":{"rendered":"<p>\n\t<strong>\u201ePlat\u00adzeck powi\u00adnien dotrzy\u00admy\u00adwa\u0107 obietnic\u201d<\/strong><\/p>\n<p>\n\t&nbsp;<\/p>\n<p>\n Fede\u00adral\u00adny mini\u00adster \u015bro\u00addo\u00adwi\u00adska Trit\u00adtin ma racj\u0119, pro\u00adgram wodo\u00adci\u0105\u00adg\u00f3w \u201eDol\u00adna Ode\u00adrtal\u201d musi wresz\u00adcie zosta\u0107 wdro\u00ad\u017co\u00adny przez kraj zwi\u0105z\u00adko\u00adwy Bran\u00adden\u00adbur\u00adgia, rz\u0105d kra\u00adju zwi\u0105z\u00adko\u00adwe\u00adgo Bran\u00adden\u00adbur\u00adgii ma jesz\u00adcze wie\u00adle do zrobienia.<\/p>\n<p>\n Fede\u00adral\u00adny mini\u00adster \u015bro\u00addo\u00adwi\u00adska J\u00fcr\u00adgen Trit\u00adtin s\u0142usz\u00adnie wzy\u00adwa rz\u0105d kra\u00adju zwi\u0105z\u00adko\u00adwe\u00adgo Bran\u00adden\u00adbur\u00adgii, aby po 13 latach osta\u00adtecz\u00adnie wype\u0142\u00adni\u0142 zobo\u00adwi\u0105\u00adza\u00adnia pod\u00adj\u0119\u00adte przez kraj zwi\u0105z\u00adko\u00adwy Bran\u00adden\u00adbur\u00adgia w ramach pro\u00adjek\u00adtu nabrze\u00ad\u017ca \u201eUnte\u00adres Ode\u00adrtal\u201d i spe\u0142\u00adni\u0142 obie\u00adca\u00adne warun\u00adki. Rze\u00adczy\u00adwi\u00ad\u015bcie nie\u00adwie\u00adle si\u0119 tu wyda\u00adrzy\u00ad\u0142o. Odpo\u00adwie\u00addzial\u00adni za to mini\u00adstro\u00adwie w prze\u00adsz\u0142o\u00ad\u015bci kry\u00admi\u00adnal\u00adnie zanie\u00addba\u00adli pro\u00adjekt par\u00adku naro\u00addo\u00adwe\u00adgo sta\u00adnu i ogra\u00adni\u00adczy\u00adli si\u0119 do poci\u0105\u00adga\u00adnia sto\u00adwa\u00adrzy\u00adsze\u00adnia do odpo\u00adwie\u00addzial\u00adno\u00ad\u015bci za wcze\u00ad\u015bniej nie\u00aduda\u00adn\u0105 poli\u00adty\u00adk\u0119 rz\u0105\u00addu sta\u00adno\u00adwe\u00adgo doty\u00adcz\u0105\u00adc\u0105 par\u00adk\u00f3w naro\u00addo\u00adwych. Dia\u00adlog, kt\u00f3\u00adry jest ofe\u00adro\u00adwa\u00adny i zach\u0119\u00adca\u00adny przez sto\u00adwa\u00adrzy\u00adsze\u00adnie przy\u00adja\u00adci\u00f3\u0142, jest regu\u00adlar\u00adnie odrzu\u00adca\u00adny od 1999 roku. Taka poli\u00adty\u00adka odmo\u00adwy roz\u00admo\u00adwy pro\u00adwa\u00addzi do \u015ble\u00adpe\u00adgo zau\u0142\u00adka i nie\u00admo\u017c\u00adno\u00ad\u015bci dzia\u00ad\u0142a\u00adnia. Nasza ofer\u00adta roz\u00admo\u00adwy jest nadal dost\u0119pna.<\/p>\n<p>\n Nie\u00admniej jed\u00adnak postu\u00adla\u00adty fede\u00adral\u00adne\u00adgo mini\u00adstra \u015bro\u00addo\u00adwi\u00adska Trit\u00adti\u00adna w Pocz\u00adda\u00admie nale\u00ad\u017cy potrak\u00adto\u00adwa\u0107 powa\u017c\u00adnie. Zada\u00adnie domo\u00adwe, kt\u00f3\u00adre pozo\u00adsta\u00adje do zro\u00adbie\u00adnia, to nie tyl\u00adko dosko\u00adna\u00ad\u0142e od lat stu\u00addium w\u00f3d, ale spe\u0142\u00adnie\u00adnie ca\u0142e\u00adgo sze\u00adre\u00adgu obiet\u00adnic, jakie Bran\u00adden\u00adbur\u00adgia z\u0142o\u00ad\u017cy\u00ad\u0142a Repu\u00adbli\u00adce Fede\u00adral\u00adnej Nie\u00admiec w 1992 r. z pod\u00adpi\u00adsem \u00f3wcze\u00adsny Mini\u00adster \u015aro\u00addo\u00adwi\u00adska Zie\u00adlo\u00adnych Plat\u00adzeck. Naj\u00adwa\u017c\u00adniej\u00adsze z nich s\u0105 wymie\u00adnio\u00adne ponow\u00adnie poni\u017cej:<\/p>\n<p>\n Wszyst\u00adkie cyta\u00adty pocho\u00addz\u0105 z zawia\u00addo\u00admie\u00adnia Mini\u00adster\u00adstwa Bran\u00adden\u00adbur\u00adgii o przy\u00adzna\u00adniu dota\u00adcji z 1992&nbsp;roku.<\/p>\n<p>\n 1. \u201eRz\u0105d sta\u00adno\u00adwy zobo\u00adwi\u0105\u00adzu\u00adje si\u0119 do wyzna\u00adcze\u00adnia po\u0142o\u00adwy tere\u00adn\u00f3w par\u00adku naro\u00addo\u00adwe\u00adgo jako I stre\u00adf\u0119 ochron\u00adn\u0105 na obsza\u00adrze rdze\u00adnio\u00adwym do 31 grud\u00adnia 2010 r.\u201d Do tej pory jed\u00adnak nie 50%, a tyl\u00adko 15% powierzch\u00adni par\u00adku naro\u00addo\u00adwe\u00adgo zosta\u00ad\u0142o wyzna\u00adczo\u00adne jako rezer\u00adwat ca\u0142\u00adko\u00adwi\u00adty. Wyzna\u00adcze\u00adnie dal\u00adszych obsza\u00adr\u00f3w blo\u00adku\u00adje w szcze\u00adg\u00f3l\u00adno\u00ad\u015bci szwedz\u00adki pose\u0142 do par\u00adla\u00admen\u00adtu kra\u00adjo\u00adwe\u00adgo Bischoff (SPD).<\/p>\n<p>\n 2. \u201eZatrzy\u00adma\u0107 polo\u00adwa\u00adnia i \u0142owie\u00adnie ryb\u201d. Do tej pory nadal bra\u00adku\u00adje kon\u00adcep\u00adcji po\u0142o\u00adw\u00f3w, kt\u00f3\u00adra zatrzy\u00adma\u00ad\u0142a\u00adby po\u0142o\u00adwy na co naj\u00admniej 50% obsza\u00adru, przy\u00adnaj\u00admniej po okre\u00adsie przej\u015bciowym.<\/p>\n<p>\n 3. \u201eW obsza\u00adrze cen\u00adtral\u00adnym w przy\u00adsz\u0142o\u00ad\u015bci nale\u00ad\u017cy wyklu\u00adczy\u0107 rybo\u00ad\u0142\u00f3w\u00adstwo\u201d. Jak dot\u0105d nie ma jesz\u00adcze kon\u00adcep\u00adcji dla w\u0119d\u00adka\u00adrzy, kt\u00f3\u00adra wyklu\u00adcza\u00ad\u0142a\u00adby mo\u017c\u00adli\u00adwo\u015b\u0107 w\u0119d\u00adko\u00adwa\u00adnia na co naj\u00admniej 50% powierzch\u00adni oraz ogra\u00adni\u00adcza\u00ad\u0142a czas i prze\u00adstrze\u0144 w pozo\u00adsta\u00ad\u0142ej cz\u0119\u00ad\u015bci par\u00adku naro\u00addo\u00adwe\u00adgo. Kon\u00adcep\u00adcja w\u0119d\u00adkar\u00adstwa i w\u0119d\u00adkar\u00adstwa zosta\u00ad\u0142a opra\u00adco\u00adwa\u00adna przez admi\u00adni\u00adstra\u00adcj\u0119 par\u00adku naro\u00addo\u00adwe\u00adgo i wie\u00adlo\u00adkrot\u00adnie roz\u00adwad\u00adnia\u00adna w poszu\u00adki\u00adwa\u00adniu kom\u00adpro\u00admi\u00ads\u00f3w, ale jest ona blo\u00adko\u00adwa\u00adna w szcze\u00adg\u00f3l\u00adno\u00ad\u015bci przez Bischoffa.<\/p>\n<p>\n 4. \u201ePa\u0144\u00adstwo zobo\u00adwi\u0105\u00adza\u00ad\u0142o si\u0119 do \u201ew znacz\u00adnym stop\u00adniu ogra\u00adni\u00adcze\u00adnia utrzy\u00adma\u00adnia akwe\u00adn\u00f3w wod\u00adnych w par\u00adku naro\u00addo\u00adwym i dosto\u00adso\u00adwa\u00adnia ich do cel\u00f3w ochro\u00adny przy\u00adro\u00addy\u201d. Jak dot\u0105d jed\u00adnak gospo\u00addar\u00adka wod\u00adna w par\u00adku naro\u00addo\u00adwym jest kon\u00adty\u00adnu\u00adowa\u00adna jak zawsze.<\/p>\n<p>\n 5. Ponad\u00adto pa\u0144\u00adstwo zobo\u00adwi\u0105\u00adza\u00ad\u0142o si\u0119 do wyzna\u00adcze\u00adnia ca\u0142e\u00adgo obsza\u00adru g\u0142\u00f3w\u00adne\u00adgo jako obsza\u00adr\u00f3w ochro\u00adny przy\u00adro\u00addy i prze\u00adkszta\u0142\u00adce\u00adnia grun\u00adt\u00f3w ornych w u\u017cyt\u00adki zie\u00adlo\u00adne w trak\u00adcie finan\u00adso\u00adwa\u00adnia pro\u00adjek\u00adtu. Ca\u0142e po\u0142u\u00addnie obsza\u00adru nie zosta\u00ad\u0142o jesz\u00adcze wyzna\u00adczo\u00adne jako park naro\u00addo\u00adwy ani rezer\u00adwat przy\u00adro\u00addy. Grun\u00adty orne nie zosta\u00ad\u0142y jesz\u00adcze prze\u00adkszta\u0142\u00adco\u00adne w u\u017cyt\u00adki zie\u00adlo\u00adne, ani nie s\u0105 przy\u00adnaj\u00admniej tym\u00adcza\u00adso\u00adwo zarz\u0105\u00addza\u00adne eko\u00adlo\u00adgicz\u00adnie, jak obiecano<\/p>\n<p>\n Mo\u017c\u00adna by poda\u0107 dal\u00adsze przy\u00adk\u0142a\u00addy. Rz\u0105d kra\u00adju zwi\u0105z\u00adko\u00adwe\u00adgo Bran\u00adden\u00adbur\u00adgii ma jesz\u00adcze wie\u00adle do zro\u00adbie\u00adnia, aby wype\u0142\u00adni\u0107 \u00f3wcze\u00adsne zobo\u00adwi\u0105\u00adza\u00adnia wobec rz\u0105\u00addu fede\u00adral\u00adne\u00adgo. Lojal\u00adno\u015b\u0107 kon\u00adtrak\u00adto\u00adwa jest cz\u0119\u00ad\u015bci\u0105 rze\u00adtel\u00adno\u00ad\u015bci i prze\u00adwi\u00addy\u00adwal\u00adno\u00ad\u015bci odpo\u00adwie\u00addzial\u00adnej poli\u00adty\u00adki pa\u0144stwa.<\/p>\n","protected":false},"featured_media":0,"template":"","categories":[816],"class_list":["post-8849","presseerklaerung","type-presseerklaerung","status-publish","hentry","category-komunikaty-prasowe-stowarzyszenia-parkow-narodowych"],"yoast_head":"<title>Komunikat prasowy 10\/2004 - Nationalpark Unteres Odertal<\/title>\n<meta name=\"robots\" content=\"index, follow, max-snippet:-1, max-image-preview:large, max-video-preview:-1\" \/>\n<link rel=\"canonical\" href=\"https:\/\/www.nationalpark-unteres-odertal.de\/pl\/komunikat-prasowy\/komunikat-prasowy-10-2004\/\" \/>\n<meta property=\"og:locale\" content=\"pl_PL\" \/>\n<meta property=\"og:type\" content=\"article\" \/>\n<meta property=\"og:title\" content=\"Komunikat prasowy 10\/2004 - Nationalpark Unteres Odertal\" \/>\n<meta property=\"og:description\" content=\"\u201ePlat\u00adzeck powi\u00adnien dotrzy\u00admy\u00adwa\u0107 obietnic\u201d &nbsp; Fede\u00adral\u00adny mini\u00adster \u015bro\u00addo\u00adwi\u00adska Trit\u00adtin ma [&hellip;]\" \/>\n<meta property=\"og:url\" content=\"https:\/\/www.nationalpark-unteres-odertal.de\/pl\/komunikat-prasowy\/komunikat-prasowy-10-2004\/\" \/>\n<meta property=\"og:site_name\" content=\"Nationalpark Unteres Odertal\" \/>\n<meta name=\"twitter:card\" content=\"summary_large_image\" \/>\n<script type=\"application\/ld+json\" class=\"yoast-schema-graph\">{\"@context\":\"https:\/\/schema.org\",\"@graph\":[{\"@type\":\"WebPage\",\"@id\":\"https:\/\/www.nationalpark-unteres-odertal.de\/pl\/komunikat-prasowy\/komunikat-prasowy-10-2004\/\",\"url\":\"https:\/\/www.nationalpark-unteres-odertal.de\/pl\/komunikat-prasowy\/komunikat-prasowy-10-2004\/\",\"name\":\"Komunikat prasowy 10\/2004 - Nationalpark Unteres Odertal\",\"isPartOf\":{\"@id\":\"https:\/\/www.nationalpark-unteres-odertal.de\/pl\/#website\"},\"datePublished\":\"2004-12-28T14:56:54+00:00\",\"dateModified\":\"2004-12-28T14:56:54+00:00\",\"breadcrumb\":{\"@id\":\"https:\/\/www.nationalpark-unteres-odertal.de\/pl\/komunikat-prasowy\/komunikat-prasowy-10-2004\/#breadcrumb\"},\"inLanguage\":\"pl-PL\",\"potentialAction\":[{\"@type\":\"ReadAction\",\"target\":[\"https:\/\/www.nationalpark-unteres-odertal.de\/pl\/komunikat-prasowy\/komunikat-prasowy-10-2004\/\"]}]},{\"@type\":\"BreadcrumbList\",\"@id\":\"https:\/\/www.nationalpark-unteres-odertal.de\/pl\/komunikat-prasowy\/komunikat-prasowy-10-2004\/#breadcrumb\",\"itemListElement\":[{\"@type\":\"ListItem\",\"position\":1,\"name\":\"Strona g\u0142\u00f3wna\",\"item\":\"https:\/\/www.nationalpark-unteres-odertal.de\/pl\/\"},{\"@type\":\"ListItem\",\"position\":2,\"name\":\"Komunikaty prasowe\",\"item\":\"https:\/\/www.nationalpark-unteres-odertal.de\/pl\/komunikat-prasowy\/\"},{\"@type\":\"ListItem\",\"position\":3,\"name\":\"Komunikat prasowy 10\/2004\"}]},{\"@type\":\"WebSite\",\"@id\":\"https:\/\/www.nationalpark-unteres-odertal.de\/pl\/#website\",\"url\":\"https:\/\/www.nationalpark-unteres-odertal.de\/pl\/\",\"name\":\"Nationalpark Unteres Odertal\",\"description\":\"Verein der Freunde des Deutsch-Polnischen Europa-Nationalparks Unteres Odertal e.V. &amp; Nationalparkstiftung Unteres Odertal\",\"publisher\":{\"@id\":\"https:\/\/www.nationalpark-unteres-odertal.de\/pl\/#organization\"},\"potentialAction\":[{\"@type\":\"SearchAction\",\"target\":{\"@type\":\"EntryPoint\",\"urlTemplate\":\"https:\/\/www.nationalpark-unteres-odertal.de\/pl\/?s={search_term_string}\"},\"query-input\":{\"@type\":\"PropertyValueSpecification\",\"valueRequired\":true,\"valueName\":\"search_term_string\"}}],\"inLanguage\":\"pl-PL\"},{\"@type\":\"Organization\",\"@id\":\"https:\/\/www.nationalpark-unteres-odertal.de\/pl\/#organization\",\"name\":\"Verein der Freunde des Deutsch-Polnischen Europa-Nationalparks Unteres Odertal e.V. & Nationalparkstiftung Unteres Odertal\",\"url\":\"https:\/\/www.nationalpark-unteres-odertal.de\/pl\/\",\"logo\":{\"@type\":\"ImageObject\",\"inLanguage\":\"pl-PL\",\"@id\":\"https:\/\/www.nationalpark-unteres-odertal.de\/pl\/#\/schema\/logo\/image\/\",\"url\":\"https:\/\/www.nationalpark-unteres-odertal.de\/wp-content\/uploads\/logos-google.png\",\"contentUrl\":\"https:\/\/www.nationalpark-unteres-odertal.de\/wp-content\/uploads\/logos-google.png\",\"width\":800,\"height\":344,\"caption\":\"Verein der Freunde des Deutsch-Polnischen Europa-Nationalparks Unteres Odertal e.V. & Nationalparkstiftung Unteres Odertal\"},\"image\":{\"@id\":\"https:\/\/www.nationalpark-unteres-odertal.de\/pl\/#\/schema\/logo\/image\/\"}}]}<\/script>","yoast_head_json":{"title":"Komunikat prasowy 10\/2004 - Nationalpark Unteres Odertal","robots":{"index":"index","follow":"follow","max-snippet":"max-snippet:-1","max-image-preview":"max-image-preview:large","max-video-preview":"max-video-preview:-1"},"canonical":"https:\/\/www.nationalpark-unteres-odertal.de\/pl\/komunikat-prasowy\/komunikat-prasowy-10-2004\/","og_locale":"pl_PL","og_type":"article","og_title":"Komunikat prasowy 10\/2004 - Nationalpark Unteres Odertal","og_description":"\u201ePlat\u00adzeck powi\u00adnien dotrzy\u00admy\u00adwa\u0107 obietnic\u201d &nbsp; Fede\u00adral\u00adny mini\u00adster \u015bro\u00addo\u00adwi\u00adska Trit\u00adtin ma [&hellip;]","og_url":"https:\/\/www.nationalpark-unteres-odertal.de\/pl\/komunikat-prasowy\/komunikat-prasowy-10-2004\/","og_site_name":"Nationalpark Unteres Odertal","twitter_card":"summary_large_image","schema":{"@context":"https:\/\/schema.org","@graph":[{"@type":"WebPage","@id":"https:\/\/www.nationalpark-unteres-odertal.de\/pl\/komunikat-prasowy\/komunikat-prasowy-10-2004\/","url":"https:\/\/www.nationalpark-unteres-odertal.de\/pl\/komunikat-prasowy\/komunikat-prasowy-10-2004\/","name":"Komunikat prasowy 10\/2004 - Nationalpark Unteres Odertal","isPartOf":{"@id":"https:\/\/www.nationalpark-unteres-odertal.de\/pl\/#website"},"datePublished":"2004-12-28T14:56:54+00:00","dateModified":"2004-12-28T14:56:54+00:00","breadcrumb":{"@id":"https:\/\/www.nationalpark-unteres-odertal.de\/pl\/komunikat-prasowy\/komunikat-prasowy-10-2004\/#breadcrumb"},"inLanguage":"pl-PL","potentialAction":[{"@type":"ReadAction","target":["https:\/\/www.nationalpark-unteres-odertal.de\/pl\/komunikat-prasowy\/komunikat-prasowy-10-2004\/"]}]},{"@type":"BreadcrumbList","@id":"https:\/\/www.nationalpark-unteres-odertal.de\/pl\/komunikat-prasowy\/komunikat-prasowy-10-2004\/#breadcrumb","itemListElement":[{"@type":"ListItem","position":1,"name":"Strona g\u0142\u00f3wna","item":"https:\/\/www.nationalpark-unteres-odertal.de\/pl\/"},{"@type":"ListItem","position":2,"name":"Komunikaty prasowe","item":"https:\/\/www.nationalpark-unteres-odertal.de\/pl\/komunikat-prasowy\/"},{"@type":"ListItem","position":3,"name":"Komunikat prasowy 10\/2004"}]},{"@type":"WebSite","@id":"https:\/\/www.nationalpark-unteres-odertal.de\/pl\/#website","url":"https:\/\/www.nationalpark-unteres-odertal.de\/pl\/","name":"Nationalpark Unteres Odertal","description":"Verein der Freunde des Deutsch-Polnischen Europa-Nationalparks Unteres Odertal e.V. &amp; Nationalparkstiftung Unteres Odertal","publisher":{"@id":"https:\/\/www.nationalpark-unteres-odertal.de\/pl\/#organization"},"potentialAction":[{"@type":"SearchAction","target":{"@type":"EntryPoint","urlTemplate":"https:\/\/www.nationalpark-unteres-odertal.de\/pl\/?s={search_term_string}"},"query-input":{"@type":"PropertyValueSpecification","valueRequired":true,"valueName":"search_term_string"}}],"inLanguage":"pl-PL"},{"@type":"Organization","@id":"https:\/\/www.nationalpark-unteres-odertal.de\/pl\/#organization","name":"Verein der Freunde des Deutsch-Polnischen Europa-Nationalparks Unteres Odertal e.V. & Nationalparkstiftung Unteres Odertal","url":"https:\/\/www.nationalpark-unteres-odertal.de\/pl\/","logo":{"@type":"ImageObject","inLanguage":"pl-PL","@id":"https:\/\/www.nationalpark-unteres-odertal.de\/pl\/#\/schema\/logo\/image\/","url":"https:\/\/www.nationalpark-unteres-odertal.de\/wp-content\/uploads\/logos-google.png","contentUrl":"https:\/\/www.nationalpark-unteres-odertal.de\/wp-content\/uploads\/logos-google.png","width":800,"height":344,"caption":"Verein der Freunde des Deutsch-Polnischen Europa-Nationalparks Unteres Odertal e.V. & Nationalparkstiftung Unteres Odertal"},"image":{"@id":"https:\/\/www.nationalpark-unteres-odertal.de\/pl\/#\/schema\/logo\/image\/"}}]}},"_links":{"self":[{"href":"https:\/\/www.nationalpark-unteres-odertal.de\/pl\/wp-json\/wp\/v2\/presseerklaerung\/8849","targetHints":{"allow":["GET"]}}],"collection":[{"href":"https:\/\/www.nationalpark-unteres-odertal.de\/pl\/wp-json\/wp\/v2\/presseerklaerung"}],"about":[{"href":"https:\/\/www.nationalpark-unteres-odertal.de\/pl\/wp-json\/wp\/v2\/types\/presseerklaerung"}],"wp:attachment":[{"href":"https:\/\/www.nationalpark-unteres-odertal.de\/pl\/wp-json\/wp\/v2\/media?parent=8849"}],"wp:term":[{"taxonomy":"category","embeddable":true,"href":"https:\/\/www.nationalpark-unteres-odertal.de\/pl\/wp-json\/wp\/v2\/categories?post=8849"}],"curies":[{"name":"wp","href":"https:\/\/api.w.org\/{rel}","templated":true}]}}