{"id":8850,"date":"2004-03-11T15:03:50","date_gmt":"2004-03-11T14:03:50","guid":{"rendered":"https:\/\/2021.nationalpark-unteres-odertal.de\/presseerklaerung\/komunikat-prasowy-03-2004\/"},"modified":"2004-03-11T15:03:50","modified_gmt":"2004-03-11T14:03:50","slug":"komunikat-prasowy-03-2004","status":"publish","type":"presseerklaerung","link":"https:\/\/www.nationalpark-unteres-odertal.de\/pl\/komunikat-prasowy\/komunikat-prasowy-03-2004\/","title":{"rendered":"Komunikat prasowy 03\/2004"},"content":{"rendered":"<p>\n\t<strong>Park Naro\u00addo\u00adwy Doli\u00adny Dol\u00adnej Odry to szan\u00adsa dla regionu<\/strong><\/p>\n<p> Wie\u00adlo\u00adkrot\u00adnie postu\u00adlo\u00adwa\u00adna nowe\u00adli\u00adza\u00adcja usta\u00adwy o par\u00adkach naro\u00addo\u00adwych z 1995 r., w szcze\u00adg\u00f3l\u00adno\u00ad\u015bci pro\u00adjekt nowe\u00adli\u00adza\u00adcji przed\u00adsta\u00adwio\u00adny przez Bischof\u00adfa i Wieb\u00adke (cz\u0142on\u00adk\u00f3w Bun\u00adde\u00adsta\u00adgu), jest zatwier\u00addza\u00adny przez Sto\u00adwa\u00adrzy\u00adsze\u00adnie Przy\u00adja\u00adci\u00f3\u0142 Pol\u00adsko-Nie\u00admiec\u00adkie\u00adgo Euro\u00adpej\u00adskie\u00adgo Par\u00adku Naro\u00addo\u00adwe\u00adgo\u201d Unte\u00adres Ode\u00adrtal\u201d e. V. zde\u00adcy\u00addo\u00adwa\u00adnie odrzu\u00adci\u0142. Wice\u00adpre\u00adzes zarz\u0105\u00addu dr. Ans\u00adgar V\u00f6ssing:<\/p>\n<p> \u201ePark Naro\u00addo\u00adwy Doli\u00adny Dol\u00adnej Odry jest zbyt dobry, aby go sprze\u00adda\u0107 na pocz\u0105t\u00adku zawie\u00adru\u00adchy wybor\u00adczej. S\u0142a\u00adbe struk\u00adtu\u00adral\u00adnie, coraz bar\u00addziej mate\u00adrial\u00adnie i oso\u00adbo\u00adwo dre\u00adnu\u00adj\u0105\u00adce Ucker\u00admark stra\u00adc\u0105 jed\u00adn\u0105 ze swo\u00adich ostat\u00adnich szans, je\u015bli nadal b\u0119dzie demon\u00adto\u00adwa\u0107 jedy\u00adny park naro\u00addo\u00adwy w Bran\u00adden\u00adbur\u00adgii, jedy\u00adny zale\u00adwo\u00adwy park naro\u00addo\u00adwy w Niem\u00adczech, zamiast prze\u00adkszta\u0142\u00adca\u0107 go w wybit\u00adny magnes tury\u00adstycz\u00adny. Os\u0142a\u00adbie\u00adnie i roz\u00admy\u00adcie usta\u00adwy o par\u00adkach naro\u00addo\u00adwych z 1995 r. o\u015bmie\u00adszy\u00ad\u0142o\u00adby Bran\u00adden\u00adbur\u00adgi\u0119, a tak\u00ad\u017ce znisz\u00adczy\u00ad\u0142o\u00adby jeden z naj\u00adbar\u00addziej zna\u00adnych i naj\u00adbar\u00addziej uda\u00adnych pro\u00adjek\u00adt\u00f3w zaini\u00adcjo\u00adwa\u00adnych przez \u00f3wcze\u00adsne\u00adgo mini\u00adstra \u015bro\u00addo\u00adwi\u00adska Plat\u00adzec\u00adka, obec\u00adnie premiera.<\/p>\n<p> Usta\u00adwa o par\u00adku naro\u00addo\u00adwym z 1995 roku by\u0142a trud\u00adnym kom\u00adpro\u00admi\u00adsem, pr\u00f3\u00adb\u0105 zr\u00f3w\u00adno\u00adwa\u00ad\u017ce\u00adnia inte\u00adre\u00ads\u00f3w eko\u00adlo\u00adg\u00f3w i u\u017cyt\u00adkow\u00adni\u00adk\u00f3w przy\u00adro\u00addy. Rezul\u00adta\u00adtem by\u0142o d\u0142u\u00adgie, nie zawsze prze\u00adko\u00adnu\u00adj\u0105\u00adce pra\u00adwo, kt\u00f3\u00adre przy\u00adnaj\u00admniej sta\u00adno\u00adwi pod\u00adsta\u00adw\u0119 przy\u00adsz\u0142e\u00adgo roz\u00adwo\u00adju. Jedy\u00adne istot\u00adne ogra\u00adni\u00adcze\u00adnie, jakie prze\u00adwi\u00addu\u00adje ta usta\u00adwa \u2013 wszyst\u00adkie inne ogra\u00adni\u00adcze\u00adnia pozo\u00adsta\u00adwio\u00adno wytycz\u00adnym doty\u00adcz\u0105\u00adcym lecze\u00adnia, kt\u00f3\u00adre powin\u00adny obo\u00adwi\u0105\u00adzy\u00adwa\u0107 w 1998 r., ale nie wszyst\u00adkie obo\u00adwi\u0105\u00adzy\u00adwa\u00ad\u0142y do tej pory \u2013 ma teraz zosta\u0107 usu\u00adni\u0119\u00adte zgod\u00adnie z pro\u00adpo\u00adzy\u00adcja\u00admi Bischof\u00adfa i Wieb\u00adke\u00adgo. ozna\u00adcza to, \u017ce nie s\u0105 ju\u017c poka\u00adzy\u00adwa\u00adne wszyst\u00adkie rezer\u00adwa\u00adcje. Dodat\u00adko\u00adwo, i tak ju\u017c bar\u00addzo s\u0142a\u00adba pozy\u00adcja admi\u00adni\u00adstra\u00adcji par\u00adku naro\u00addo\u00adwe\u00adgo zosta\u00adnie spro\u00adwa\u00addzo\u00adna prak\u00adtycz\u00adnie do zera. Polo\u00adwa\u00adnie, \u0142owie\u00adnie ryb i w\u0119d\u00adko\u00adwa\u00adnie powin\u00adno by\u0107 kon\u00adty\u00adnu\u00adowa\u00adne jak zwy\u00adkle i jak zwy\u00adkle bez ogranicze\u0144.<\/p>\n<p> Taka popraw\u00adka ozna\u00adcza\u00ad\u0142a\u00adby koniec jedy\u00adne\u00adgo par\u00adku naro\u00addo\u00adwe\u00adgo w Bran\u00adden\u00adbur\u00adgii, zosta\u00ad\u0142a\u00adby tyl\u00adko sko\u00adru\u00adpa, czy\u00adli tyl\u00adko nazwa. Cho\u00adcia\u017c jest sku\u00adtecz\u00adna w rekla\u00admie, by\u0142a\u00adby wte\u00addy pozba\u00adwio\u00adna sen\u00adsu i by\u0142a\u00adby nie\u00adod\u00adpo\u00adwie\u00addzial\u00adn\u0105, oszu\u00adka\u0144\u00adcz\u0105 ety\u00adkie\u00adt\u0105, kt\u00f3\u00adr\u0105 nasze sto\u00adwa\u00adrzy\u00adsze\u00adnie, podob\u00adnie jak wszy\u00adscy obro\u0144\u00adcy przy\u00adro\u00addy, musi odrzuci\u0107.<\/p>\n<p> Sto\u00adwa\u00adrzy\u00adsze\u00adnie Przy\u00adja\u00adci\u00f3\u0142 Pol\u00adsko-Nie\u00admiec\u00adkie\u00adgo Euro\u00adpej\u00adskie\u00adgo Par\u00adku Naro\u00addo\u00adwe\u00adgo Unte\u00adres Ode\u00adrtal e. V. b\u0119dzie dalej dzia\u00ad\u0142a\u0142 zgod\u00adnie ze sta\u00adtu\u00adtem na rzecz praw\u00addzi\u00adwe\u00adgo par\u00adku naro\u00addo\u00adwe\u00adgo, kt\u00f3\u00adry zas\u0142u\u00adgu\u00adje na t\u0119 nazw\u0119, czy\u00adli par\u00adku naro\u00addo\u00adwe\u00adgo wg Kate\u00adgo\u00adrii II IUCN. Ale nawet je\u015bli par\u00adla\u00adment kra\u00adju zwi\u0105z\u00adko\u00adwe\u00adgo Bran\u00adden\u00adbur\u00adgii os\u0142a\u00adbi lub znie\u00adsie park naro\u00addo\u00adwy, sto\u00adwa\u00adrzy\u00adsze\u00adnie b\u0119dzie kon\u00adty\u00adnu\u00adowa\u0107 swo\u00adj\u0105 pra\u00adc\u0119 zgod\u00adnie z decy\u00adzja\u00admi o przy\u00adzna\u00adniu dota\u00adcji oraz pla\u00adnem utrzy\u00adma\u00adnia i rozwoju.\u201d<\/p>\n","protected":false},"featured_media":0,"template":"","categories":[816],"class_list":["post-8850","presseerklaerung","type-presseerklaerung","status-publish","hentry","category-komunikaty-prasowe-stowarzyszenia-parkow-narodowych"],"yoast_head":"<title>Komunikat prasowy 03\/2004 - Nationalpark Unteres Odertal<\/title>\n<meta name=\"robots\" content=\"index, follow, max-snippet:-1, max-image-preview:large, max-video-preview:-1\" \/>\n<link rel=\"canonical\" href=\"https:\/\/www.nationalpark-unteres-odertal.de\/pl\/komunikat-prasowy\/komunikat-prasowy-03-2004\/\" \/>\n<meta property=\"og:locale\" content=\"pl_PL\" \/>\n<meta property=\"og:type\" content=\"article\" \/>\n<meta property=\"og:title\" content=\"Komunikat prasowy 03\/2004 - Nationalpark Unteres Odertal\" \/>\n<meta property=\"og:description\" content=\"Park Naro\u00addo\u00adwy Doli\u00adny Dol\u00adnej Odry to szan\u00adsa dla regionu Wie\u00adlo\u00adkrot\u00adnie [&hellip;]\" \/>\n<meta property=\"og:url\" content=\"https:\/\/www.nationalpark-unteres-odertal.de\/pl\/komunikat-prasowy\/komunikat-prasowy-03-2004\/\" \/>\n<meta property=\"og:site_name\" content=\"Nationalpark Unteres Odertal\" \/>\n<meta name=\"twitter:card\" content=\"summary_large_image\" \/>\n<script type=\"application\/ld+json\" class=\"yoast-schema-graph\">{\"@context\":\"https:\/\/schema.org\",\"@graph\":[{\"@type\":\"WebPage\",\"@id\":\"https:\/\/www.nationalpark-unteres-odertal.de\/pl\/komunikat-prasowy\/komunikat-prasowy-03-2004\/\",\"url\":\"https:\/\/www.nationalpark-unteres-odertal.de\/pl\/komunikat-prasowy\/komunikat-prasowy-03-2004\/\",\"name\":\"Komunikat prasowy 03\/2004 - Nationalpark Unteres Odertal\",\"isPartOf\":{\"@id\":\"https:\/\/www.nationalpark-unteres-odertal.de\/pl\/#website\"},\"datePublished\":\"2004-03-11T14:03:50+00:00\",\"dateModified\":\"2004-03-11T14:03:50+00:00\",\"breadcrumb\":{\"@id\":\"https:\/\/www.nationalpark-unteres-odertal.de\/pl\/komunikat-prasowy\/komunikat-prasowy-03-2004\/#breadcrumb\"},\"inLanguage\":\"pl-PL\",\"potentialAction\":[{\"@type\":\"ReadAction\",\"target\":[\"https:\/\/www.nationalpark-unteres-odertal.de\/pl\/komunikat-prasowy\/komunikat-prasowy-03-2004\/\"]}]},{\"@type\":\"BreadcrumbList\",\"@id\":\"https:\/\/www.nationalpark-unteres-odertal.de\/pl\/komunikat-prasowy\/komunikat-prasowy-03-2004\/#breadcrumb\",\"itemListElement\":[{\"@type\":\"ListItem\",\"position\":1,\"name\":\"Strona g\u0142\u00f3wna\",\"item\":\"https:\/\/www.nationalpark-unteres-odertal.de\/pl\/\"},{\"@type\":\"ListItem\",\"position\":2,\"name\":\"Komunikaty prasowe\",\"item\":\"https:\/\/www.nationalpark-unteres-odertal.de\/pl\/komunikat-prasowy\/\"},{\"@type\":\"ListItem\",\"position\":3,\"name\":\"Komunikat prasowy 03\/2004\"}]},{\"@type\":\"WebSite\",\"@id\":\"https:\/\/www.nationalpark-unteres-odertal.de\/pl\/#website\",\"url\":\"https:\/\/www.nationalpark-unteres-odertal.de\/pl\/\",\"name\":\"Nationalpark Unteres Odertal\",\"description\":\"Verein der Freunde des Deutsch-Polnischen Europa-Nationalparks Unteres Odertal e.V. &amp; Nationalparkstiftung Unteres Odertal\",\"publisher\":{\"@id\":\"https:\/\/www.nationalpark-unteres-odertal.de\/pl\/#organization\"},\"potentialAction\":[{\"@type\":\"SearchAction\",\"target\":{\"@type\":\"EntryPoint\",\"urlTemplate\":\"https:\/\/www.nationalpark-unteres-odertal.de\/pl\/?s={search_term_string}\"},\"query-input\":{\"@type\":\"PropertyValueSpecification\",\"valueRequired\":true,\"valueName\":\"search_term_string\"}}],\"inLanguage\":\"pl-PL\"},{\"@type\":\"Organization\",\"@id\":\"https:\/\/www.nationalpark-unteres-odertal.de\/pl\/#organization\",\"name\":\"Verein der Freunde des Deutsch-Polnischen Europa-Nationalparks Unteres Odertal e.V. & Nationalparkstiftung Unteres Odertal\",\"url\":\"https:\/\/www.nationalpark-unteres-odertal.de\/pl\/\",\"logo\":{\"@type\":\"ImageObject\",\"inLanguage\":\"pl-PL\",\"@id\":\"https:\/\/www.nationalpark-unteres-odertal.de\/pl\/#\/schema\/logo\/image\/\",\"url\":\"https:\/\/www.nationalpark-unteres-odertal.de\/wp-content\/uploads\/logos-google.png\",\"contentUrl\":\"https:\/\/www.nationalpark-unteres-odertal.de\/wp-content\/uploads\/logos-google.png\",\"width\":800,\"height\":344,\"caption\":\"Verein der Freunde des Deutsch-Polnischen Europa-Nationalparks Unteres Odertal e.V. & Nationalparkstiftung Unteres Odertal\"},\"image\":{\"@id\":\"https:\/\/www.nationalpark-unteres-odertal.de\/pl\/#\/schema\/logo\/image\/\"}}]}<\/script>","yoast_head_json":{"title":"Komunikat prasowy 03\/2004 - Nationalpark Unteres Odertal","robots":{"index":"index","follow":"follow","max-snippet":"max-snippet:-1","max-image-preview":"max-image-preview:large","max-video-preview":"max-video-preview:-1"},"canonical":"https:\/\/www.nationalpark-unteres-odertal.de\/pl\/komunikat-prasowy\/komunikat-prasowy-03-2004\/","og_locale":"pl_PL","og_type":"article","og_title":"Komunikat prasowy 03\/2004 - Nationalpark Unteres Odertal","og_description":"Park Naro\u00addo\u00adwy Doli\u00adny Dol\u00adnej Odry to szan\u00adsa dla regionu Wie\u00adlo\u00adkrot\u00adnie [&hellip;]","og_url":"https:\/\/www.nationalpark-unteres-odertal.de\/pl\/komunikat-prasowy\/komunikat-prasowy-03-2004\/","og_site_name":"Nationalpark Unteres Odertal","twitter_card":"summary_large_image","schema":{"@context":"https:\/\/schema.org","@graph":[{"@type":"WebPage","@id":"https:\/\/www.nationalpark-unteres-odertal.de\/pl\/komunikat-prasowy\/komunikat-prasowy-03-2004\/","url":"https:\/\/www.nationalpark-unteres-odertal.de\/pl\/komunikat-prasowy\/komunikat-prasowy-03-2004\/","name":"Komunikat prasowy 03\/2004 - Nationalpark Unteres Odertal","isPartOf":{"@id":"https:\/\/www.nationalpark-unteres-odertal.de\/pl\/#website"},"datePublished":"2004-03-11T14:03:50+00:00","dateModified":"2004-03-11T14:03:50+00:00","breadcrumb":{"@id":"https:\/\/www.nationalpark-unteres-odertal.de\/pl\/komunikat-prasowy\/komunikat-prasowy-03-2004\/#breadcrumb"},"inLanguage":"pl-PL","potentialAction":[{"@type":"ReadAction","target":["https:\/\/www.nationalpark-unteres-odertal.de\/pl\/komunikat-prasowy\/komunikat-prasowy-03-2004\/"]}]},{"@type":"BreadcrumbList","@id":"https:\/\/www.nationalpark-unteres-odertal.de\/pl\/komunikat-prasowy\/komunikat-prasowy-03-2004\/#breadcrumb","itemListElement":[{"@type":"ListItem","position":1,"name":"Strona g\u0142\u00f3wna","item":"https:\/\/www.nationalpark-unteres-odertal.de\/pl\/"},{"@type":"ListItem","position":2,"name":"Komunikaty prasowe","item":"https:\/\/www.nationalpark-unteres-odertal.de\/pl\/komunikat-prasowy\/"},{"@type":"ListItem","position":3,"name":"Komunikat prasowy 03\/2004"}]},{"@type":"WebSite","@id":"https:\/\/www.nationalpark-unteres-odertal.de\/pl\/#website","url":"https:\/\/www.nationalpark-unteres-odertal.de\/pl\/","name":"Nationalpark Unteres Odertal","description":"Verein der Freunde des Deutsch-Polnischen Europa-Nationalparks Unteres Odertal e.V. &amp; Nationalparkstiftung Unteres Odertal","publisher":{"@id":"https:\/\/www.nationalpark-unteres-odertal.de\/pl\/#organization"},"potentialAction":[{"@type":"SearchAction","target":{"@type":"EntryPoint","urlTemplate":"https:\/\/www.nationalpark-unteres-odertal.de\/pl\/?s={search_term_string}"},"query-input":{"@type":"PropertyValueSpecification","valueRequired":true,"valueName":"search_term_string"}}],"inLanguage":"pl-PL"},{"@type":"Organization","@id":"https:\/\/www.nationalpark-unteres-odertal.de\/pl\/#organization","name":"Verein der Freunde des Deutsch-Polnischen Europa-Nationalparks Unteres Odertal e.V. & Nationalparkstiftung Unteres Odertal","url":"https:\/\/www.nationalpark-unteres-odertal.de\/pl\/","logo":{"@type":"ImageObject","inLanguage":"pl-PL","@id":"https:\/\/www.nationalpark-unteres-odertal.de\/pl\/#\/schema\/logo\/image\/","url":"https:\/\/www.nationalpark-unteres-odertal.de\/wp-content\/uploads\/logos-google.png","contentUrl":"https:\/\/www.nationalpark-unteres-odertal.de\/wp-content\/uploads\/logos-google.png","width":800,"height":344,"caption":"Verein der Freunde des Deutsch-Polnischen Europa-Nationalparks Unteres Odertal e.V. & Nationalparkstiftung Unteres Odertal"},"image":{"@id":"https:\/\/www.nationalpark-unteres-odertal.de\/pl\/#\/schema\/logo\/image\/"}}]}},"_links":{"self":[{"href":"https:\/\/www.nationalpark-unteres-odertal.de\/pl\/wp-json\/wp\/v2\/presseerklaerung\/8850","targetHints":{"allow":["GET"]}}],"collection":[{"href":"https:\/\/www.nationalpark-unteres-odertal.de\/pl\/wp-json\/wp\/v2\/presseerklaerung"}],"about":[{"href":"https:\/\/www.nationalpark-unteres-odertal.de\/pl\/wp-json\/wp\/v2\/types\/presseerklaerung"}],"wp:attachment":[{"href":"https:\/\/www.nationalpark-unteres-odertal.de\/pl\/wp-json\/wp\/v2\/media?parent=8850"}],"wp:term":[{"taxonomy":"category","embeddable":true,"href":"https:\/\/www.nationalpark-unteres-odertal.de\/pl\/wp-json\/wp\/v2\/categories?post=8850"}],"curies":[{"name":"wp","href":"https:\/\/api.w.org\/{rel}","templated":true}]}}