{"id":8852,"date":"2004-01-13T14:54:26","date_gmt":"2004-01-13T13:54:26","guid":{"rendered":"https:\/\/2021.nationalpark-unteres-odertal.de\/presseerklaerung\/komunikat-prasowy-01-2004\/"},"modified":"2004-01-13T14:54:26","modified_gmt":"2004-01-13T13:54:26","slug":"komunikat-prasowy-01-2004","status":"publish","type":"presseerklaerung","link":"https:\/\/www.nationalpark-unteres-odertal.de\/pl\/komunikat-prasowy\/komunikat-prasowy-01-2004\/","title":{"rendered":"Komunikat prasowy 01\/2004"},"content":{"rendered":"<p>\n\t<strong>Dorocz\u00adna kon\u00adfe\u00adren\u00adcja prasowa<\/strong><br>\n Sto\u00adwa\u00adrzy\u00adsze\u00adnia Przy\u00adja\u00adci\u00f3\u0142 Pol\u00adsko-Nie\u00admiec\u00adkie\u00adgo Euro\u00adpej\u00adskie\u00adgo Par\u00adku Naro\u00addo\u00adwe\u00adgo Unte\u00adres Ode\u00adrtal e.&nbsp;V.<br>\n we wto\u00adrek 13 stycz\u00adnia 2004&nbsp;r.<\/p>\n<p>\n 1. Minio\u00adny rok 2003 by\u0142 dla klu\u00adbu rokiem pe\u0142\u00adnym suk\u00adce\u00ads\u00f3w. Potra\u00adfi\u0142 wype\u0142\u00adnia\u0107 powie\u00adrzo\u00adne mu zada\u00adnia zgod\u00adnie ze sta\u00adtu\u00adtem iw ramach du\u017ce\u00adgo pro\u00adjek\u00adtu ochro\u00adny przy\u00adro\u00addy o zna\u00adcze\u00adniu repre\u00adzen\u00adta\u00adcyj\u00adnym pa\u0144\u00adstwa oraz przed\u00adsta\u00adwi\u0107 bilans finan\u00adso\u00adwy. W ten spo\u00ads\u00f3b nadal naby\u00adwa\u00adno zie\u00admi\u0119. Pozy\u00adska\u00adne tere\u00adny by\u0142y zago\u00adspo\u00adda\u00adro\u00adwy\u00adwa\u00adne i utrzy\u00admy\u00adwa\u00adne zgod\u00adnie z pla\u00adnem utrzy\u00adma\u00adnia i roz\u00adwo\u00adju, a edu\u00adka\u00adcja eko\u00adlo\u00adgicz\u00adna i nauka by\u0142y w jak naj\u00adwi\u0119k\u00adszym stop\u00adniu pro\u00admo\u00adwa\u00adne, szcze\u00adg\u00f3l\u00adnie w kon\u00adtek\u00ad\u015bcie niemiecko-polskim.<\/p>\n<p> Na pocz\u0105t\u00adku 2004 roku sto\u00adwa\u00adrzy\u00adsze\u00adnie b\u0119dzie nadal nie\u00adza\u00adle\u017c\u00adne i odpo\u00adwie\u00addzial\u00adne, z naci\u00adskiem na ochro\u00adn\u0119 przy\u00adro\u00addy, w reali\u00adza\u00adcji swo\u00adich zada\u0144. B\u0119dzie nadal kupo\u00adwa\u0142 wszyst\u00adkie odpo\u00adwied\u00adnie dla nie\u00adgo tere\u00adny, zin\u00adten\u00adsy\u00adfi\u00adku\u00adje zamia\u00adn\u0119 grun\u00adt\u00f3w oraz wdro\u00ad\u017cy plan utrzy\u00adma\u00adnia i roz\u00adwo\u00adju na tere\u00adnach nale\u00ad\u017c\u0105\u00adcych do klu\u00adbu w spo\u00ads\u00f3b jak naj\u00adbar\u00addziej zgod\u00adny z pro\u00adwa\u00addzo\u00adn\u0105 dzia\u00ad\u0142al\u00adno\u00ad\u015bci\u0105. Pro\u00adgram wycie\u00adczek z udzia\u00ad\u0142em cenio\u00adnych eks\u00adper\u00adt\u00f3w z insty\u00adtu\u00adcji nauko\u00adwych w Ber\u00adli\u00adnie i Bran\u00adden\u00adbur\u00adgii, kt\u00f3\u00adry jest obec\u00adnie tra\u00addy\u00adcyj\u00adnie ofe\u00adro\u00adwa\u00adny (od 1998 r.), b\u0119dzie kon\u00adty\u00adnu\u00adowa\u00adny, podob\u00adnie jak o\u017cy\u00adwio\u00adna dzia\u00ad\u0142al\u00adno\u015b\u0107 wydaw\u00adni\u00adcza. Pra\u00adca z m\u0142o\u00addzie\u00ad\u017c\u0105 i ucznia\u00admi b\u0119dzie nadal pro\u00adwa\u00addzo\u00adna przez gGmbH w Szko\u00adle Teero\u00adfen\u00adbr\u00fcc\u00adke Wil\u00adder\u00adness i w Labo\u00adra\u00adto\u00adrium Par\u00adku Naro\u00addo\u00adwe\u00adgo, nato\u00admiast edu\u00adka\u00adcja doro\u00ads\u0142ych b\u0119dzie w r\u0119kach Bran\u00adden\u00adbur\u00adskiej Aka\u00adde\u00admii Zam\u00adku Crie\u00adwen \u2013 nie\u00admiec\u00adko-pol\u00adskiej edu\u00adka\u00adcji eko\u00adlo\u00adgicz\u00adnej i spo\u00adtka\u00adnia \u015brodek.<\/p>\n<p> 2. Opr\u00f3cz wyko\u00adny\u00adwa\u00adnia w\u0142a\u00adsnych zada\u0144 sto\u00adwa\u00adrzy\u00adsze\u00adnie b\u0119dzie nadal aktyw\u00adnie uczest\u00adni\u00adczy\u0107 we wszyst\u00adkich dys\u00adku\u00adsjach doty\u00adcz\u0105\u00adcych \u015bro\u00addo\u00adwi\u00adska i pro\u00adce\u00adsach decy\u00adzyj\u00adnych w regio\u00adnie. Jest zaan\u00adga\u00ad\u017co\u00adwa\u00adny nie tyl\u00adko w ochro\u00adn\u0119 przy\u00adro\u00addy, ale tak\u00ad\u017ce w og\u00f3l\u00adny roz\u00adw\u00f3j regio\u00adnal\u00adny. Zw\u0142asz\u00adcza wte\u00addy, gdy przy\u00adro\u00adda i \u015bro\u00addo\u00adwi\u00adsko s\u0105 zabu\u00adrzo\u00adne i znisz\u00adczo\u00adne lub gdy maj\u0105\u00adtek wsp\u00f3l\u00adny i pie\u00adni\u0105\u00addze z podat\u00adk\u00f3w s\u0105 bez\u00adsen\u00adsow\u00adnie mar\u00adno\u00adwa\u00adne, zgod\u00adnie z jego sta\u00adtu\u00adsem cha\u00adry\u00adta\u00adtyw\u00adnym i odpo\u00adwie\u00addzial\u00adno\u00ad\u015bci\u0105 spo\u00ad\u0142ecz\u00adn\u0105 jako nie\u00adza\u00adle\u017c\u00adne\u00adgo i nie\u00adprze\u00adkup\u00adne\u00adgo zarz\u0105d\u00adcy inte\u00adre\u00ads\u00f3w ludzi, ro\u015blin i zwie\u00adrz\u0119\u00adta w Doli\u00adnie Dol\u00adnej&nbsp;Odry.<\/p>\n<p> 3. Na pocz\u0105t\u00adku 2004 roku roz\u00adcza\u00adro\u00adwa\u00adli\u00ad\u015bmy si\u0119 fak\u00adtem, \u017ce prak\u00adtycz\u00adnie wszyst\u00adkie du\u017ce pro\u00adjek\u00adty w Bran\u00adden\u00adbur\u00adgii zako\u0144\u00adczy\u00ad\u0142y si\u0119 nie\u00adpo\u00adwo\u00addze\u00adniem przy du\u017cych stra\u00adtach finan\u00adso\u00adwych. Ist\u00adnie\u00adje pil\u00adna potrze\u00adba zmia\u00adny kierunku:<\/p>\n<p> Ma\u0142e, zde\u00adcen\u00adtra\u00adli\u00adzo\u00adwa\u00adne pro\u00adjek\u00adty przy\u00adno\u00adsz\u0105 nowy wzrost i nowe miej\u00adsca pra\u00adcy. Na przy\u00adk\u0142ad w Doli\u00adnie Dol\u00adnej Odry ozna\u00adcza to spa\u00adlar\u00adni\u0119 lub zga\u00adzo\u00adwa\u00adnie sko\u00adszo\u00adnej tra\u00adwy i trzci\u00adny, kt\u00f3\u00adre w sierp\u00adniu lub wrze\u00ad\u015bniu zosta\u00ad\u0142y sko\u00adszo\u00adne w par\u00adku naro\u00addo\u00adwym w try\u00adbie kosze\u00adnia jed\u00adno\u00adko\u00ad\u015bne\u00adgo i nie mog\u0105 by\u0107 ju\u017c wyko\u00adrzy\u00adsty\u00adwa\u00adne w dzi\u00adsiej\u00adszych cyklach rol\u00adni\u00adczych do wytwa\u00adrza\u00adnia ener\u00adgii . Surow\u00adce odna\u00adwial\u00adne b\u0119d\u0105 odgry\u00adwa\u0107 coraz wi\u0119k\u00adsz\u0105 rol\u0119. Ale ozna\u00adcza to r\u00f3w\u00adnie\u017c stwo\u00adrze\u00adnie tury\u00adstycz\u00adnych punk\u00adt\u00f3w kon\u00adtak\u00adto\u00adwych, na przy\u00adk\u0142ad du\u017ce\u00adgo wybie\u00adgu \u017cubr\u00f3w w pobli\u00ad\u017cu Crie\u00adwen w pobli\u00ad\u017cu w du\u017cej mie\u00adrze nie\u00adwy\u00adko\u00adrzy\u00adsta\u00adne\u00adgo par\u00adkin\u00adgu. Sto\u00adwa\u00adrzy\u00adsze\u00adnie posia\u00adda odpo\u00adwied\u00adnie obsza\u00adry. Mo\u017ce, ale nie\u00adko\u00adniecz\u00adnie musi prze\u00adj\u0105\u0107 za to sponsoring.<\/p>\n<p> 4. Uwa\u00ad\u017ca\u00admy, \u017ce wiel\u00adkim b\u0142\u0119\u00addem jest ci\u0105\u00adg\u0142e wznie\u00adca\u00adnie zacie\u00adk\u0142e\u00adgo spo\u00adru mi\u0119\u00addzy cz\u0119\u00ad\u015bcia\u00admi gospo\u00addar\u00adki a admi\u00adni\u00adstra\u00adcj\u0105 miej\u00adsk\u0105 Schwedt i ochro\u00adn\u0105 przy\u00adro\u00addy. Psu\u00adje to og\u00f3l\u00adno\u00adkra\u00adjo\u00adwy wize\u00adru\u00adnek regio\u00adnu raczej pokrzyw\u00addzo\u00adne\u00adgo, kt\u00f3\u00adry jest sil\u00adnie uza\u00adle\u017c\u00adnio\u00adny od daro\u00adwizn i wspar\u00adcia z zewn\u0105trz. Wa\u017c\u00adniej\u00adsza by\u0142a\u00adby wsp\u00f3l\u00adna kam\u00adpa\u00adnia wize\u00adrun\u00adko\u00adwa pod has\u0142em: \u201eSchwedt, odno\u00adsz\u0105\u00adce suk\u00adce\u00adsy mia\u00adsto prze\u00admy\u00ads\u0142o\u00adwe w Par\u00adku Naro\u00addo\u00adwym Doli\u00adny Dol\u00adnej Odry\u201d. To nie zda\u00adrzy\u00ad\u0142o\u00adby si\u0119 po raz dru\u00adgi w Niem\u00adczech. Chcie\u00adli\u00adby\u00ad\u015bmy zoba\u00adczy\u0107 wie\u00adle nowych zak\u0142a\u00add\u00f3w prze\u00admy\u00ads\u0142o\u00adwych i miejsc pra\u00adcy w obsza\u00adrze prze\u00admy\u00ads\u0142o\u00adwym Schwedt i wok\u00f3\u0142 PCK-Raf\u00adfi\u00adne\u00adrie GmbH. Ale zro\u00adbi\u00admy te\u017c co w naszej mocy, aby bro\u00adni\u0107 par\u00adku naro\u00addo\u00adwe\u00adgo, kt\u00f3\u00adry napraw\u00add\u0119 zas\u0142u\u00adgu\u00adje na swo\u00adj\u0105 nazw\u0119 i nie widzi\u00admy w tym \u017cad\u00adnej sprzecz\u00adno\u00ad\u015bci. Publicz\u00adny sp\u00f3r doty\u00adcz\u0105\u00adcy pro\u00adjek\u00adt\u00f3w tras komu\u00adni\u00adka\u00adcyj\u00adnych, na przy\u00adk\u0142ad roz\u00adbu\u00addo\u00adwy dro\u00adgi wod\u00adnej Hohen\u00adsa\u00adaten-Frie\u00addrich\u00adsthal dla \u017ceglu\u00adgi mor\u00adskiej mi\u0119\u00addzy Schwedt i Westo\u00adder lub budo\u00adwy B 166 i nowe\u00adgo przej\u00ad\u015bcia gra\u00adnicz\u00adne\u00adgo, os\u0142a\u00adbi\u0142 Schwedt w ca\u0142ych Niem\u00adczech, a w nie\u00adkt\u00f3\u00adrych przy\u00adpad\u00adkach Schwedt pod\u00adda\u0142 si\u0119 o\u015bmie\u00adsza\u00adniu. Dono\u00adsz\u0105 o tym nie tyl\u00adko wszyst\u00adkie g\u0142\u00f3w\u00adne dzien\u00adni\u00adki i sta\u00adcje tele\u00adwi\u00adzyj\u00adne, ale tak\u00ad\u017ce gaze\u00adty pro\u00adwin\u00adcjo\u00adnal\u00adne, takie jak Nad\u00adre\u00adnii-Pala\u00adty\u00adna\u00adtu czy Weser Kurier. Teraz, gdy oba pla\u00adny ruchu nie b\u0119d\u0105 reali\u00adzo\u00adwa\u00adne w daj\u0105\u00adcej si\u0119 prze\u00adwi\u00addzie\u0107 przy\u00adsz\u0142o\u00ad\u015bci z powo\u00addu bra\u00adku pie\u00adni\u0119\u00addzy (brak wp\u0142y\u00adw\u00f3w z op\u0142at dro\u00adgo\u00adwych) oraz bra\u00adku zgo\u00addy Pol\u00adski, powin\u00adni\u00ad\u015bmy nada\u0107 dys\u00adku\u00adsji nowy wymiar. Ale nawet je\u015bli ochro\u00adna przy\u00adro\u00addy ma odmien\u00adne zda\u00adnie w tej kwe\u00adstii z cz\u0119\u00ad\u015bcia\u00admi admi\u00adni\u00adstra\u00adcji miej\u00adskiej i gospo\u00addar\u00adki, nadal nale\u00ad\u017cy by\u0107 w sta\u00adnie zna\u00adle\u017a\u0107 wsp\u00f3l\u00adn\u0105 p\u0142asz\u00adczy\u00adzn\u0119 i wsp\u00f3\u0142\u00adpra\u00adc\u0119 we wszyst\u00adkich innych, zde\u00adcy\u00addo\u00adwa\u00adnie domi\u00adnu\u00adj\u0105\u00adcych kwe\u00adstiach. Wte\u00addy i tyl\u00adko wte\u00addy roz\u00ads\u0105d\u00adnie zaini\u00adcjo\u00adwa\u00adna przez Schwedt kam\u00adpa\u00adnia wize\u00adrun\u00adko\u00adwa r\u00f3w\u00adnie\u017c odnie\u00adsie sukces.<\/p>\n<p> 5.&nbsp;A teraz kil\u00adka uwag o ochro\u00adnie przy\u00adro\u00addy w par\u00adku narodowym:<\/p>\n<p> a.) Tak zwa\u00adne stu\u00addium wody nie by\u0142o dla nas zasko\u00adcze\u00adniem. Da\u0142o to dok\u0142ad\u00adnie takie rezul\u00adta\u00adty, jakich klient \u017c\u0105da\u0142 od wyko\u00adnaw\u00adcy: zacho\u00adwa\u00adnie sta\u00adtus quo \u2013 bez zmian. Zale\u00adwo\u00adwe\u00adgo par\u00adku naro\u00addo\u00adwe\u00adgo nie da si\u0119 zre\u00adali\u00adzo\u00adwa\u0107 bez wody. Mo\u017c\u00adna powie\u00addzie\u0107, \u017ce sie\u00addzi na suchym l\u0105dzie, jak to prze\u00adra\u00ad\u017ca\u00adj\u0105\u00adco poka\u00adza\u00adno zesz\u0142e\u00adgo lata. Naj\u00adpierw wypom\u00adpo\u00adwa\u00adno mokre polde\u00adry do sucha, potem park naro\u00addo\u00adwy dos\u0142ow\u00adnie wysch\u0142. Chce\u00admy stop\u00adnio\u00adwo, zgod\u00adnie z pla\u00adnem pie\u00adl\u0119\u00adgna\u00adcyj\u00adnym i roz\u00adwo\u00adjo\u00adwym, zaprze\u00adsta\u0107 kosz\u00adtow\u00adne\u00adgo pom\u00adpo\u00adwa\u00adnia i pozwo\u00adli\u0107 na bar\u00addziej natu\u00adral\u00adny re\u017cim wod\u00adny, acz\u00adkol\u00adwiek w spo\u00ads\u00f3b kon\u00adtro\u00adlo\u00adwa\u00adny. Dla\u00adte\u00adgo nadal b\u0119dzie\u00admy robi\u0107 wszyst\u00adko, co w naszej mocy \u2013 bo to jest nasze zada\u00adnie \u2013 w celu reali\u00adza\u00adcji pla\u00adnu utrzy\u00adma\u00adnia i roz\u00adwo\u00adju uzgod\u00adnio\u00adne\u00adgo w 1999 r. pomi\u0119\u00addzy MLUR, BfN i&nbsp;nami.<\/p>\n<p> b.) Wyzna\u00adcza\u00adnie rezer\u00adwa\u00adt\u00f3w ca\u0142\u00adko\u00adwi\u00adtych ma r\u00f3w\u00adnie\u017c sens tyl\u00adko wte\u00addy, gdy w par\u00adku naro\u00addo\u00adwym jest r\u00f3w\u00adnie\u017c woda, w prze\u00adciw\u00adnym razie w nie\u00adutrzy\u00admy\u00adwa\u00adnych rezer\u00adwa\u00adtach ca\u0142\u00adko\u00adwi\u00adtych nie b\u0119d\u0105 ros\u0142y fak\u00adtycz\u00adnie natu\u00adral\u00adne zbio\u00adro\u00adwi\u00adska alu\u00adwial\u00adne, a jedy\u00adnie pokrzy\u00adwa i perz. To wygl\u0105\u00adda okrop\u00adnie i zmniej\u00adsza akcep\u00adta\u00adcj\u0119. Dla\u00adte\u00adgo nasz\u0105 dewi\u00adz\u0105 jest: naj\u00adpierw woda, a potem ca\u0142\u00adko\u00adwi\u00adte zapa\u00adsy, a naj\u00adle\u00adpiej oba jednocze\u015bnie.<\/p>\n<p> Rada dyrektor\u00f3w<\/p>\n","protected":false},"featured_media":0,"template":"","categories":[816],"class_list":["post-8852","presseerklaerung","type-presseerklaerung","status-publish","hentry","category-komunikaty-prasowe-stowarzyszenia-parkow-narodowych"],"yoast_head":"<title>Komunikat prasowy 01\/2004 - Nationalpark Unteres Odertal<\/title>\n<meta name=\"robots\" content=\"index, follow, max-snippet:-1, max-image-preview:large, max-video-preview:-1\" \/>\n<link rel=\"canonical\" href=\"https:\/\/www.nationalpark-unteres-odertal.de\/pl\/komunikat-prasowy\/komunikat-prasowy-01-2004\/\" \/>\n<meta property=\"og:locale\" content=\"pl_PL\" \/>\n<meta property=\"og:type\" content=\"article\" \/>\n<meta property=\"og:title\" content=\"Komunikat prasowy 01\/2004 - Nationalpark Unteres Odertal\" \/>\n<meta property=\"og:description\" content=\"Dorocz\u00adna kon\u00adfe\u00adren\u00adcja prasowa Sto\u00adwa\u00adrzy\u00adsze\u00adnia Przy\u00adja\u00adci\u00f3\u0142 Pol\u00adsko-Nie\u00admiec\u00adkie\u00adgo Euro\u00adpej\u00adskie\u00adgo Par\u00adku Naro\u00addo\u00adwe\u00adgo Unte\u00adres [&hellip;]\" \/>\n<meta property=\"og:url\" content=\"https:\/\/www.nationalpark-unteres-odertal.de\/pl\/komunikat-prasowy\/komunikat-prasowy-01-2004\/\" \/>\n<meta property=\"og:site_name\" content=\"Nationalpark Unteres Odertal\" \/>\n<meta name=\"twitter:card\" content=\"summary_large_image\" \/>\n<script type=\"application\/ld+json\" class=\"yoast-schema-graph\">{\"@context\":\"https:\/\/schema.org\",\"@graph\":[{\"@type\":\"WebPage\",\"@id\":\"https:\/\/www.nationalpark-unteres-odertal.de\/pl\/komunikat-prasowy\/komunikat-prasowy-01-2004\/\",\"url\":\"https:\/\/www.nationalpark-unteres-odertal.de\/pl\/komunikat-prasowy\/komunikat-prasowy-01-2004\/\",\"name\":\"Komunikat prasowy 01\/2004 - Nationalpark Unteres Odertal\",\"isPartOf\":{\"@id\":\"https:\/\/www.nationalpark-unteres-odertal.de\/pl\/#website\"},\"datePublished\":\"2004-01-13T13:54:26+00:00\",\"dateModified\":\"2004-01-13T13:54:26+00:00\",\"breadcrumb\":{\"@id\":\"https:\/\/www.nationalpark-unteres-odertal.de\/pl\/komunikat-prasowy\/komunikat-prasowy-01-2004\/#breadcrumb\"},\"inLanguage\":\"pl-PL\",\"potentialAction\":[{\"@type\":\"ReadAction\",\"target\":[\"https:\/\/www.nationalpark-unteres-odertal.de\/pl\/komunikat-prasowy\/komunikat-prasowy-01-2004\/\"]}]},{\"@type\":\"BreadcrumbList\",\"@id\":\"https:\/\/www.nationalpark-unteres-odertal.de\/pl\/komunikat-prasowy\/komunikat-prasowy-01-2004\/#breadcrumb\",\"itemListElement\":[{\"@type\":\"ListItem\",\"position\":1,\"name\":\"Strona g\u0142\u00f3wna\",\"item\":\"https:\/\/www.nationalpark-unteres-odertal.de\/pl\/\"},{\"@type\":\"ListItem\",\"position\":2,\"name\":\"Komunikaty prasowe\",\"item\":\"https:\/\/www.nationalpark-unteres-odertal.de\/pl\/komunikat-prasowy\/\"},{\"@type\":\"ListItem\",\"position\":3,\"name\":\"Komunikat prasowy 01\/2004\"}]},{\"@type\":\"WebSite\",\"@id\":\"https:\/\/www.nationalpark-unteres-odertal.de\/pl\/#website\",\"url\":\"https:\/\/www.nationalpark-unteres-odertal.de\/pl\/\",\"name\":\"Nationalpark Unteres Odertal\",\"description\":\"Verein der Freunde des Deutsch-Polnischen Europa-Nationalparks Unteres Odertal e.V. &amp; Nationalparkstiftung Unteres Odertal\",\"publisher\":{\"@id\":\"https:\/\/www.nationalpark-unteres-odertal.de\/pl\/#organization\"},\"potentialAction\":[{\"@type\":\"SearchAction\",\"target\":{\"@type\":\"EntryPoint\",\"urlTemplate\":\"https:\/\/www.nationalpark-unteres-odertal.de\/pl\/?s={search_term_string}\"},\"query-input\":{\"@type\":\"PropertyValueSpecification\",\"valueRequired\":true,\"valueName\":\"search_term_string\"}}],\"inLanguage\":\"pl-PL\"},{\"@type\":\"Organization\",\"@id\":\"https:\/\/www.nationalpark-unteres-odertal.de\/pl\/#organization\",\"name\":\"Verein der Freunde des Deutsch-Polnischen Europa-Nationalparks Unteres Odertal e.V. & Nationalparkstiftung Unteres Odertal\",\"url\":\"https:\/\/www.nationalpark-unteres-odertal.de\/pl\/\",\"logo\":{\"@type\":\"ImageObject\",\"inLanguage\":\"pl-PL\",\"@id\":\"https:\/\/www.nationalpark-unteres-odertal.de\/pl\/#\/schema\/logo\/image\/\",\"url\":\"https:\/\/www.nationalpark-unteres-odertal.de\/wp-content\/uploads\/logos-google.png\",\"contentUrl\":\"https:\/\/www.nationalpark-unteres-odertal.de\/wp-content\/uploads\/logos-google.png\",\"width\":800,\"height\":344,\"caption\":\"Verein der Freunde des Deutsch-Polnischen Europa-Nationalparks Unteres Odertal e.V. & Nationalparkstiftung Unteres Odertal\"},\"image\":{\"@id\":\"https:\/\/www.nationalpark-unteres-odertal.de\/pl\/#\/schema\/logo\/image\/\"}}]}<\/script>","yoast_head_json":{"title":"Komunikat prasowy 01\/2004 - Nationalpark Unteres Odertal","robots":{"index":"index","follow":"follow","max-snippet":"max-snippet:-1","max-image-preview":"max-image-preview:large","max-video-preview":"max-video-preview:-1"},"canonical":"https:\/\/www.nationalpark-unteres-odertal.de\/pl\/komunikat-prasowy\/komunikat-prasowy-01-2004\/","og_locale":"pl_PL","og_type":"article","og_title":"Komunikat prasowy 01\/2004 - Nationalpark Unteres Odertal","og_description":"Dorocz\u00adna kon\u00adfe\u00adren\u00adcja prasowa Sto\u00adwa\u00adrzy\u00adsze\u00adnia Przy\u00adja\u00adci\u00f3\u0142 Pol\u00adsko-Nie\u00admiec\u00adkie\u00adgo Euro\u00adpej\u00adskie\u00adgo Par\u00adku Naro\u00addo\u00adwe\u00adgo Unte\u00adres [&hellip;]","og_url":"https:\/\/www.nationalpark-unteres-odertal.de\/pl\/komunikat-prasowy\/komunikat-prasowy-01-2004\/","og_site_name":"Nationalpark Unteres Odertal","twitter_card":"summary_large_image","schema":{"@context":"https:\/\/schema.org","@graph":[{"@type":"WebPage","@id":"https:\/\/www.nationalpark-unteres-odertal.de\/pl\/komunikat-prasowy\/komunikat-prasowy-01-2004\/","url":"https:\/\/www.nationalpark-unteres-odertal.de\/pl\/komunikat-prasowy\/komunikat-prasowy-01-2004\/","name":"Komunikat prasowy 01\/2004 - Nationalpark Unteres Odertal","isPartOf":{"@id":"https:\/\/www.nationalpark-unteres-odertal.de\/pl\/#website"},"datePublished":"2004-01-13T13:54:26+00:00","dateModified":"2004-01-13T13:54:26+00:00","breadcrumb":{"@id":"https:\/\/www.nationalpark-unteres-odertal.de\/pl\/komunikat-prasowy\/komunikat-prasowy-01-2004\/#breadcrumb"},"inLanguage":"pl-PL","potentialAction":[{"@type":"ReadAction","target":["https:\/\/www.nationalpark-unteres-odertal.de\/pl\/komunikat-prasowy\/komunikat-prasowy-01-2004\/"]}]},{"@type":"BreadcrumbList","@id":"https:\/\/www.nationalpark-unteres-odertal.de\/pl\/komunikat-prasowy\/komunikat-prasowy-01-2004\/#breadcrumb","itemListElement":[{"@type":"ListItem","position":1,"name":"Strona g\u0142\u00f3wna","item":"https:\/\/www.nationalpark-unteres-odertal.de\/pl\/"},{"@type":"ListItem","position":2,"name":"Komunikaty prasowe","item":"https:\/\/www.nationalpark-unteres-odertal.de\/pl\/komunikat-prasowy\/"},{"@type":"ListItem","position":3,"name":"Komunikat prasowy 01\/2004"}]},{"@type":"WebSite","@id":"https:\/\/www.nationalpark-unteres-odertal.de\/pl\/#website","url":"https:\/\/www.nationalpark-unteres-odertal.de\/pl\/","name":"Nationalpark Unteres Odertal","description":"Verein der Freunde des Deutsch-Polnischen Europa-Nationalparks Unteres Odertal e.V. &amp; Nationalparkstiftung Unteres Odertal","publisher":{"@id":"https:\/\/www.nationalpark-unteres-odertal.de\/pl\/#organization"},"potentialAction":[{"@type":"SearchAction","target":{"@type":"EntryPoint","urlTemplate":"https:\/\/www.nationalpark-unteres-odertal.de\/pl\/?s={search_term_string}"},"query-input":{"@type":"PropertyValueSpecification","valueRequired":true,"valueName":"search_term_string"}}],"inLanguage":"pl-PL"},{"@type":"Organization","@id":"https:\/\/www.nationalpark-unteres-odertal.de\/pl\/#organization","name":"Verein der Freunde des Deutsch-Polnischen Europa-Nationalparks Unteres Odertal e.V. & Nationalparkstiftung Unteres Odertal","url":"https:\/\/www.nationalpark-unteres-odertal.de\/pl\/","logo":{"@type":"ImageObject","inLanguage":"pl-PL","@id":"https:\/\/www.nationalpark-unteres-odertal.de\/pl\/#\/schema\/logo\/image\/","url":"https:\/\/www.nationalpark-unteres-odertal.de\/wp-content\/uploads\/logos-google.png","contentUrl":"https:\/\/www.nationalpark-unteres-odertal.de\/wp-content\/uploads\/logos-google.png","width":800,"height":344,"caption":"Verein der Freunde des Deutsch-Polnischen Europa-Nationalparks Unteres Odertal e.V. & Nationalparkstiftung Unteres Odertal"},"image":{"@id":"https:\/\/www.nationalpark-unteres-odertal.de\/pl\/#\/schema\/logo\/image\/"}}]}},"_links":{"self":[{"href":"https:\/\/www.nationalpark-unteres-odertal.de\/pl\/wp-json\/wp\/v2\/presseerklaerung\/8852","targetHints":{"allow":["GET"]}}],"collection":[{"href":"https:\/\/www.nationalpark-unteres-odertal.de\/pl\/wp-json\/wp\/v2\/presseerklaerung"}],"about":[{"href":"https:\/\/www.nationalpark-unteres-odertal.de\/pl\/wp-json\/wp\/v2\/types\/presseerklaerung"}],"wp:attachment":[{"href":"https:\/\/www.nationalpark-unteres-odertal.de\/pl\/wp-json\/wp\/v2\/media?parent=8852"}],"wp:term":[{"taxonomy":"category","embeddable":true,"href":"https:\/\/www.nationalpark-unteres-odertal.de\/pl\/wp-json\/wp\/v2\/categories?post=8852"}],"curies":[{"name":"wp","href":"https:\/\/api.w.org\/{rel}","templated":true}]}}