{"id":8855,"date":"2003-12-10T23:26:45","date_gmt":"2003-12-10T22:26:45","guid":{"rendered":"https:\/\/2021.nationalpark-unteres-odertal.de\/presseerklaerung\/komunikat-prasowy-06-2003\/"},"modified":"2003-12-10T23:26:45","modified_gmt":"2003-12-10T22:26:45","slug":"komunikat-prasowy-06-2003","status":"publish","type":"presseerklaerung","link":"https:\/\/www.nationalpark-unteres-odertal.de\/pl\/komunikat-prasowy\/komunikat-prasowy-06-2003\/","title":{"rendered":"Komunikat prasowy 06\/2003"},"content":{"rendered":"<p>\n\t<strong>Lob\u00adby in\u017cy\u00adnie\u00adrii hydrau\u00adlicz\u00adnej wycho\u00addzi na ca\u0142o\u015b\u0107:<\/strong><br>\n In\u017cy\u00adnie\u00adro\u00adwie hydrau\u00adli\u00adcy doma\u00adga\u00adj\u0105 si\u0119 mak\u00adsy\u00admal\u00adnej roz\u00adbu\u00addo\u00adwy Odry i r\u00f3w\u00adno\u00adle\u00adg\u0142ej dro\u00adgi wod\u00adnej Hohensaaten-Friedrichsthal<\/p>\n<p> Nie\u00adza\u00adle\u017c\u00adnie od rosn\u0105\u00adcych potrzeb bud\u017ce\u00adto\u00adwych, zw\u0142asz\u00adcza w bud\u017ce\u00adcie ruchu znisz\u00adczo\u00adne\u00adgo przez mini\u00adstra trans\u00adpor\u00adtu Stol\u00adpe, lob\u00adby Was\u00adser\u00adbau\u00adera wzy\u00adwa nie tyl\u00adko do roz\u00adbu\u00addo\u00adwy szla\u00adku wod\u00adne\u00adgo Hohen\u00adsa\u00adaten-Frie\u00addrich\u00adstha\u00adler dla kole\u00adjek, ale tak\u00ad\u017ce do roz\u00adbu\u00addo\u00adwy Stro\u00admo\u00adder , kt\u00f3\u00adry bie\u00adgnie r\u00f3w\u00adno\u00adle\u00adgle w nie\u00adwiel\u00adkiej odleg\u0142o\u015bci.<\/p>\n<p> Pod\u00adczas gdy stro\u00adna bran\u00adden\u00adbur\u00adska chcia\u00ad\u0142a\u00adby prze\u00adkszta\u0142\u00adci\u0107 Schwedt w bran\u00adden\u00adbur\u00adski port dale\u00adko\u00admor\u00adski, stro\u00adna pol\u00adska, ze swo\u00adim nie\u00adco nie\u00adja\u00adsnym pro\u00adgra\u00admem ODRA 2006, chce przede wszyst\u00adkim ukie\u00adrun\u00adko\u00adwa\u0107 Stromoder.<\/p>\n<p> Jako roz\u00adwi\u0105\u00adza\u00adnie kon\u00adflik\u00adtu inte\u00adre\u00ads\u00f3w lob\u00adby hydro\u00adtech\u00adnicz\u00adne pro\u00adpo\u00adnu\u00adje w nowej kam\u00adpa\u00adnii, aby obie stro\u00adny spe\u0142\u00adni\u00ad\u0142y swo\u00adje \u017cycze\u00adnia i aby Hohen\u00adsa\u00adaten-Frie\u00addrich\u00adstha\u00adler Was\u00adser\u00adstra\u00ad\u00dfe zosta\u0142 mak\u00adsy\u00admal\u00adnie roz\u00adbu\u00addo\u00adwa\u00adny zgod\u00adnie z ide\u00adami bran\u00adden\u00adbur\u00adski\u00admi, podob\u00adnie jak rze\u00adka czy Polska.<\/p>\n<p> Poza mak\u00adsy\u00admal\u00adnym znisz\u00adcze\u00adniem eko\u00adsys\u00adte\u00admu pro\u00adpo\u00adzy\u00adcje te s\u0105 r\u00f3w\u00adnie\u017c bez\u00adsen\u00adsow\u00adne i nie\u00adod\u00adpo\u00adwie\u00addzial\u00adne z eko\u00adno\u00admicz\u00adne\u00adgo i bud\u017ce\u00adto\u00adwe\u00adgo punk\u00adtu widze\u00adnia. W przy\u00adro\u00addzie nie ma nawet pod\u00adsta\u00adwo\u00adwej potrze\u00adby eko\u00adno\u00admicz\u00adnej dla tych zna\u00adcz\u0105\u00adcych inter\u00adwen\u00adcji. Fede\u00adral\u00adny mini\u00adster trans\u00adpor\u00adtu Stol\u00adpe zawsze zatem kate\u00adgo\u00adrycz\u00adnie odma\u00adwia\u0142 zle\u00adce\u00adnia nie\u00adza\u00adle\u017c\u00adnej, uzna\u00adnej na are\u00adnie mi\u0119\u00addzy\u00adna\u00adro\u00addo\u00adwej insty\u00adtu\u00adcji bada\u0144 eko\u00adno\u00admicz\u00adnych aktu\u00adal\u00adnej ana\u00adli\u00adzy kosz\u00adt\u00f3w i korzy\u00ad\u015bci, tj. stu\u00addium potrzeb eko\u00adno\u00admicz\u00adnych. Wie dla\u00adcze\u00adgo. Wynik ten pozba\u00adwi\u0142\u00adby wszyst\u00adkie jego pla\u00adny eks\u00adpan\u00adsji bazy ekonomicznej.<\/p>\n<p> Sto\u00adwa\u00adrzy\u00adsze\u00adnie Przy\u00adja\u00adci\u00f3\u0142 Pol\u00adsko-Nie\u00admiec\u00adkie\u00adgo Euro\u00adpej\u00adskie\u00adgo Par\u00adku Naro\u00addo\u00adwe\u00adgo Unte\u00adres Ode\u00adrtal e. V. ape\u00adlu\u00adje o roz\u00adbu\u00addo\u00adw\u0119 ist\u00adnie\u00adj\u0105\u00adcych szla\u00adk\u00f3w komu\u00adni\u00adka\u00adcyj\u00adnych, zw\u0142asz\u00adcza we wra\u017c\u00adli\u00adwej Doli\u00adnie Dol\u00adnej Odry, tyl\u00adko w razie udo\u00adwod\u00adnio\u00adnej potrze\u00adby, czy to rze\u00adki, czy toru wod\u00adne\u00adgo Hohen\u00adsa\u00adaten-Frie\u00addrich\u00adsthal, kt\u00f3\u00adry prze\u00adbie\u00adga w odle\u00adg\u0142o\u00ad\u015bci kil\u00adku\u00adset metr\u00f3w, oraz bez\u00adsen\u00adsow\u00adne\u00adgo pre\u00adsti\u00ad\u017cu pro\u00adjek\u00adty, dla kt\u00f3\u00adrych Niem\u00adcy s\u0105 kosz\u00adtem przy\u00adsz\u0142e\u00adgo poko\u00adle\u00adnia, b\u0119d\u0105 musia\u00ad\u0142y zre\u00adzy\u00adgno\u00adwa\u0107 jesz\u00adcze bardziej.<\/p>\n<p> Rada dyrektor\u00f3w<\/p>\n","protected":false},"featured_media":0,"template":"","categories":[816],"class_list":["post-8855","presseerklaerung","type-presseerklaerung","status-publish","hentry","category-komunikaty-prasowe-stowarzyszenia-parkow-narodowych"],"yoast_head":"<title>Komunikat prasowy 06\/2003 - Nationalpark Unteres Odertal<\/title>\n<meta name=\"robots\" content=\"index, follow, max-snippet:-1, max-image-preview:large, max-video-preview:-1\" \/>\n<link rel=\"canonical\" href=\"https:\/\/www.nationalpark-unteres-odertal.de\/pl\/komunikat-prasowy\/komunikat-prasowy-06-2003\/\" \/>\n<meta property=\"og:locale\" content=\"pl_PL\" \/>\n<meta property=\"og:type\" content=\"article\" \/>\n<meta property=\"og:title\" content=\"Komunikat prasowy 06\/2003 - Nationalpark Unteres Odertal\" \/>\n<meta property=\"og:description\" content=\"Lob\u00adby in\u017cy\u00adnie\u00adrii hydrau\u00adlicz\u00adnej wycho\u00addzi na ca\u0142o\u015b\u0107: In\u017cy\u00adnie\u00adro\u00adwie hydrau\u00adli\u00adcy doma\u00adga\u00adj\u0105 si\u0119 [&hellip;]\" \/>\n<meta property=\"og:url\" content=\"https:\/\/www.nationalpark-unteres-odertal.de\/pl\/komunikat-prasowy\/komunikat-prasowy-06-2003\/\" \/>\n<meta property=\"og:site_name\" content=\"Nationalpark Unteres Odertal\" \/>\n<meta name=\"twitter:card\" content=\"summary_large_image\" \/>\n<script type=\"application\/ld+json\" class=\"yoast-schema-graph\">{\"@context\":\"https:\/\/schema.org\",\"@graph\":[{\"@type\":\"WebPage\",\"@id\":\"https:\/\/www.nationalpark-unteres-odertal.de\/pl\/komunikat-prasowy\/komunikat-prasowy-06-2003\/\",\"url\":\"https:\/\/www.nationalpark-unteres-odertal.de\/pl\/komunikat-prasowy\/komunikat-prasowy-06-2003\/\",\"name\":\"Komunikat prasowy 06\/2003 - Nationalpark Unteres Odertal\",\"isPartOf\":{\"@id\":\"https:\/\/www.nationalpark-unteres-odertal.de\/pl\/#website\"},\"datePublished\":\"2003-12-10T22:26:45+00:00\",\"dateModified\":\"2003-12-10T22:26:45+00:00\",\"breadcrumb\":{\"@id\":\"https:\/\/www.nationalpark-unteres-odertal.de\/pl\/komunikat-prasowy\/komunikat-prasowy-06-2003\/#breadcrumb\"},\"inLanguage\":\"pl-PL\",\"potentialAction\":[{\"@type\":\"ReadAction\",\"target\":[\"https:\/\/www.nationalpark-unteres-odertal.de\/pl\/komunikat-prasowy\/komunikat-prasowy-06-2003\/\"]}]},{\"@type\":\"BreadcrumbList\",\"@id\":\"https:\/\/www.nationalpark-unteres-odertal.de\/pl\/komunikat-prasowy\/komunikat-prasowy-06-2003\/#breadcrumb\",\"itemListElement\":[{\"@type\":\"ListItem\",\"position\":1,\"name\":\"Strona g\u0142\u00f3wna\",\"item\":\"https:\/\/www.nationalpark-unteres-odertal.de\/pl\/\"},{\"@type\":\"ListItem\",\"position\":2,\"name\":\"Komunikaty prasowe\",\"item\":\"https:\/\/www.nationalpark-unteres-odertal.de\/pl\/komunikat-prasowy\/\"},{\"@type\":\"ListItem\",\"position\":3,\"name\":\"Komunikat prasowy 06\/2003\"}]},{\"@type\":\"WebSite\",\"@id\":\"https:\/\/www.nationalpark-unteres-odertal.de\/pl\/#website\",\"url\":\"https:\/\/www.nationalpark-unteres-odertal.de\/pl\/\",\"name\":\"Nationalpark Unteres Odertal\",\"description\":\"Verein der Freunde des Deutsch-Polnischen Europa-Nationalparks Unteres Odertal e.V. &amp; Nationalparkstiftung Unteres Odertal\",\"publisher\":{\"@id\":\"https:\/\/www.nationalpark-unteres-odertal.de\/pl\/#organization\"},\"potentialAction\":[{\"@type\":\"SearchAction\",\"target\":{\"@type\":\"EntryPoint\",\"urlTemplate\":\"https:\/\/www.nationalpark-unteres-odertal.de\/pl\/?s={search_term_string}\"},\"query-input\":{\"@type\":\"PropertyValueSpecification\",\"valueRequired\":true,\"valueName\":\"search_term_string\"}}],\"inLanguage\":\"pl-PL\"},{\"@type\":\"Organization\",\"@id\":\"https:\/\/www.nationalpark-unteres-odertal.de\/pl\/#organization\",\"name\":\"Verein der Freunde des Deutsch-Polnischen Europa-Nationalparks Unteres Odertal e.V. & Nationalparkstiftung Unteres Odertal\",\"url\":\"https:\/\/www.nationalpark-unteres-odertal.de\/pl\/\",\"logo\":{\"@type\":\"ImageObject\",\"inLanguage\":\"pl-PL\",\"@id\":\"https:\/\/www.nationalpark-unteres-odertal.de\/pl\/#\/schema\/logo\/image\/\",\"url\":\"https:\/\/www.nationalpark-unteres-odertal.de\/wp-content\/uploads\/logos-google.png\",\"contentUrl\":\"https:\/\/www.nationalpark-unteres-odertal.de\/wp-content\/uploads\/logos-google.png\",\"width\":800,\"height\":344,\"caption\":\"Verein der Freunde des Deutsch-Polnischen Europa-Nationalparks Unteres Odertal e.V. & Nationalparkstiftung Unteres Odertal\"},\"image\":{\"@id\":\"https:\/\/www.nationalpark-unteres-odertal.de\/pl\/#\/schema\/logo\/image\/\"}}]}<\/script>","yoast_head_json":{"title":"Komunikat prasowy 06\/2003 - Nationalpark Unteres Odertal","robots":{"index":"index","follow":"follow","max-snippet":"max-snippet:-1","max-image-preview":"max-image-preview:large","max-video-preview":"max-video-preview:-1"},"canonical":"https:\/\/www.nationalpark-unteres-odertal.de\/pl\/komunikat-prasowy\/komunikat-prasowy-06-2003\/","og_locale":"pl_PL","og_type":"article","og_title":"Komunikat prasowy 06\/2003 - Nationalpark Unteres Odertal","og_description":"Lob\u00adby in\u017cy\u00adnie\u00adrii hydrau\u00adlicz\u00adnej wycho\u00addzi na ca\u0142o\u015b\u0107: In\u017cy\u00adnie\u00adro\u00adwie hydrau\u00adli\u00adcy doma\u00adga\u00adj\u0105 si\u0119 [&hellip;]","og_url":"https:\/\/www.nationalpark-unteres-odertal.de\/pl\/komunikat-prasowy\/komunikat-prasowy-06-2003\/","og_site_name":"Nationalpark Unteres Odertal","twitter_card":"summary_large_image","schema":{"@context":"https:\/\/schema.org","@graph":[{"@type":"WebPage","@id":"https:\/\/www.nationalpark-unteres-odertal.de\/pl\/komunikat-prasowy\/komunikat-prasowy-06-2003\/","url":"https:\/\/www.nationalpark-unteres-odertal.de\/pl\/komunikat-prasowy\/komunikat-prasowy-06-2003\/","name":"Komunikat prasowy 06\/2003 - Nationalpark Unteres Odertal","isPartOf":{"@id":"https:\/\/www.nationalpark-unteres-odertal.de\/pl\/#website"},"datePublished":"2003-12-10T22:26:45+00:00","dateModified":"2003-12-10T22:26:45+00:00","breadcrumb":{"@id":"https:\/\/www.nationalpark-unteres-odertal.de\/pl\/komunikat-prasowy\/komunikat-prasowy-06-2003\/#breadcrumb"},"inLanguage":"pl-PL","potentialAction":[{"@type":"ReadAction","target":["https:\/\/www.nationalpark-unteres-odertal.de\/pl\/komunikat-prasowy\/komunikat-prasowy-06-2003\/"]}]},{"@type":"BreadcrumbList","@id":"https:\/\/www.nationalpark-unteres-odertal.de\/pl\/komunikat-prasowy\/komunikat-prasowy-06-2003\/#breadcrumb","itemListElement":[{"@type":"ListItem","position":1,"name":"Strona g\u0142\u00f3wna","item":"https:\/\/www.nationalpark-unteres-odertal.de\/pl\/"},{"@type":"ListItem","position":2,"name":"Komunikaty prasowe","item":"https:\/\/www.nationalpark-unteres-odertal.de\/pl\/komunikat-prasowy\/"},{"@type":"ListItem","position":3,"name":"Komunikat prasowy 06\/2003"}]},{"@type":"WebSite","@id":"https:\/\/www.nationalpark-unteres-odertal.de\/pl\/#website","url":"https:\/\/www.nationalpark-unteres-odertal.de\/pl\/","name":"Nationalpark Unteres Odertal","description":"Verein der Freunde des Deutsch-Polnischen Europa-Nationalparks Unteres Odertal e.V. &amp; Nationalparkstiftung Unteres Odertal","publisher":{"@id":"https:\/\/www.nationalpark-unteres-odertal.de\/pl\/#organization"},"potentialAction":[{"@type":"SearchAction","target":{"@type":"EntryPoint","urlTemplate":"https:\/\/www.nationalpark-unteres-odertal.de\/pl\/?s={search_term_string}"},"query-input":{"@type":"PropertyValueSpecification","valueRequired":true,"valueName":"search_term_string"}}],"inLanguage":"pl-PL"},{"@type":"Organization","@id":"https:\/\/www.nationalpark-unteres-odertal.de\/pl\/#organization","name":"Verein der Freunde des Deutsch-Polnischen Europa-Nationalparks Unteres Odertal e.V. & Nationalparkstiftung Unteres Odertal","url":"https:\/\/www.nationalpark-unteres-odertal.de\/pl\/","logo":{"@type":"ImageObject","inLanguage":"pl-PL","@id":"https:\/\/www.nationalpark-unteres-odertal.de\/pl\/#\/schema\/logo\/image\/","url":"https:\/\/www.nationalpark-unteres-odertal.de\/wp-content\/uploads\/logos-google.png","contentUrl":"https:\/\/www.nationalpark-unteres-odertal.de\/wp-content\/uploads\/logos-google.png","width":800,"height":344,"caption":"Verein der Freunde des Deutsch-Polnischen Europa-Nationalparks Unteres Odertal e.V. & Nationalparkstiftung Unteres Odertal"},"image":{"@id":"https:\/\/www.nationalpark-unteres-odertal.de\/pl\/#\/schema\/logo\/image\/"}}]}},"_links":{"self":[{"href":"https:\/\/www.nationalpark-unteres-odertal.de\/pl\/wp-json\/wp\/v2\/presseerklaerung\/8855","targetHints":{"allow":["GET"]}}],"collection":[{"href":"https:\/\/www.nationalpark-unteres-odertal.de\/pl\/wp-json\/wp\/v2\/presseerklaerung"}],"about":[{"href":"https:\/\/www.nationalpark-unteres-odertal.de\/pl\/wp-json\/wp\/v2\/types\/presseerklaerung"}],"wp:attachment":[{"href":"https:\/\/www.nationalpark-unteres-odertal.de\/pl\/wp-json\/wp\/v2\/media?parent=8855"}],"wp:term":[{"taxonomy":"category","embeddable":true,"href":"https:\/\/www.nationalpark-unteres-odertal.de\/pl\/wp-json\/wp\/v2\/categories?post=8855"}],"curies":[{"name":"wp","href":"https:\/\/api.w.org\/{rel}","templated":true}]}}