{"id":8856,"date":"2004-06-25T15:30:39","date_gmt":"2004-06-25T13:30:39","guid":{"rendered":"https:\/\/2021.nationalpark-unteres-odertal.de\/presseerklaerung\/komunikat-prasowy-07-2004\/"},"modified":"2004-06-25T15:30:39","modified_gmt":"2004-06-25T13:30:39","slug":"komunikat-prasowy-07-2004","status":"publish","type":"presseerklaerung","link":"https:\/\/www.nationalpark-unteres-odertal.de\/pl\/komunikat-prasowy\/komunikat-prasowy-07-2004\/","title":{"rendered":"Komunikat prasowy 07\/2004"},"content":{"rendered":"<p>\n\t<strong>Decy\u00adzj\u0105 Fede\u00adral\u00adne\u00adgo Mini\u00adstra \u015aro\u00addo\u00adwi\u00adska J\u00fcr\u00adge\u00adna Trittin<\/strong><\/p>\n<p> W zwi\u0105z\u00adku z decy\u00adzj\u0105 Fede\u00adral\u00adne\u00adgo Mini\u00adstra \u015aro\u00addo\u00adwi\u00adska J\u00fcr\u00adge\u00adna Trit\u00adti\u00adna, wbrew woli rz\u0105\u00addu Bran\u00adden\u00adbur\u00adgii, Sto\u00adwa\u00adrzy\u00adsze\u00adnie Przy\u00adja\u00adci\u00f3\u0142 Pol\u00adsko-Nie\u00admiec\u00adkie\u00adgo Euro\u00adpej\u00adskie\u00adgo Par\u00adku Naro\u00addo\u00adwe\u00adgo Unte\u00adres Ode\u00adrtal e. V. nie wyco\u00adfy\u00adwa\u0107 spon\u00adso\u00adro\u00adwa\u00adnia wiel\u00adkie\u00adgo pro\u00adjek\u00adtu ochro\u00adny przy\u00adro\u00addy o zna\u00adcze\u00adniu repre\u00adzen\u00adta\u00adcyj\u00adnym w kra\u00adju \u201eDol\u00adna Ode\u00adrtal\u201d, wyja\u00ad\u015bni\u0142 pre\u00adzes zarz\u0105\u00addu Tho\u00admas&nbsp;Berg:<\/p>\n<p> \u201eOd 1992 roku sto\u00adwa\u00adrzy\u00adsze\u00adnie spe\u0142\u00adnia, punkt po punk\u00adcie, wymo\u00adgi ochro\u00adny przy\u00adro\u00addy zawar\u00adte w powia\u00addo\u00admie\u00adniu o przy\u00adzna\u00adniu dota\u00adcji wyda\u00adne\u00adgo przez bran\u00adden\u00adbur\u00adskie\u00adgo mini\u00adstra \u015bro\u00addo\u00adwi\u00adska Mat\u00adthia\u00adsa Plat\u00adzec\u00adka dla naby\u00adtych przez nie\u00adgo tere\u00adn\u00f3w. Trak\u00adto\u00adwa\u0142 \u00f3wcze\u00adsne\u00adgo mini\u00adstra \u015bro\u00addo\u00adwi\u00adska powa\u017c\u00adnie i za jego s\u0142o\u00adwo i d\u0105\u017cy\u0142 do wyso\u00adkiej jako\u00ad\u015bci, wyma\u00adga\u00adj\u0105\u00adcej i uzna\u00adnej na ca\u0142ym \u015bwie\u00adcie ochro\u00adny przy\u00adro\u00addy z korzy\u00ad\u015bci\u0105 dla ludzi \u017cyj\u0105\u00adcych dzi\u015b i w przy\u00adsz\u0142o\u00ad\u015bci, na zasa\u00addzie dobro\u00adwol\u00adno\u00ad\u015bci i non-pro\u00adfit. W przy\u00adsz\u0142o\u00ad\u015bci b\u0119dzie kon\u00adty\u00adnu\u00adowa\u0142 swo\u00adj\u0105 pra\u00adc\u0119 w inte\u00adre\u00adsie dobra wsp\u00f3l\u00adne\u00adgo i zacho\u00adwa\u00adnia stwo\u00adrze\u00adnia dla przy\u00adsz\u0142ych poko\u00adle\u0144, nie da si\u0119 zwie\u015b\u0107 popu\u00adli\u00adstycz\u00adnym sko\u00adkom i zawro\u00adtom Plat\u00adzec\u00adka i Bir\u00adth\u00adle\u00adra, ale b\u0119dzie wier\u00adnie wype\u0142\u00adnia\u0142 man\u00addat, kt\u00f3\u00adry otrzy\u00adma\u0142 od Plat\u00adzec\u00adka w 1992 roku. Sto\u00adwa\u00adrzy\u00adsze\u00adnie b\u0119dzie kon\u00adty\u00adnu\u00adowa\u0107 swo\u00adj\u0105 pra\u00adc\u0119 na pod\u00adsta\u00adwie usta\u00adwy o par\u00adkach naro\u00addo\u00adwych z 1995 r., zawia\u00addo\u00admie\u00adnia o przy\u00adzna\u00adniu dota\u00adcji z 1992 r. oraz wytycz\u00adnych IUCN II w przy\u00adsz\u0142o\u00ad\u015bci, w \u015bci\u00ads\u0142ej wsp\u00f3\u0142\u00adpra\u00adcy ze sto\u00adwa\u00adrzy\u00adsze\u00adnia\u00admi ochro\u00adny przy\u00adro\u00addy i wszyst\u00adki\u00admi miesz\u00adka\u0144\u00adca\u00admi regio\u00adnu, w gmi\u00adnie, na szcze\u00adblu sta\u00adno\u00adwym i fede\u00adral\u00adnym, kt\u00f3\u00adrzy uczest\u00adni\u00adcz\u0105, s\u0105 zain\u00adte\u00adre\u00adso\u00adwa\u00adni przy\u00adsz\u0142o\u00ad\u015bcio\u00adw\u0105 ochro\u00adn\u0105 przy\u00adro\u00addy i tury\u00adsty\u00adk\u0105 przy\u00adja\u00adzn\u0105 naturze\u201d.<\/p>\n","protected":false},"featured_media":0,"template":"","categories":[816],"class_list":["post-8856","presseerklaerung","type-presseerklaerung","status-publish","hentry","category-komunikaty-prasowe-stowarzyszenia-parkow-narodowych"],"yoast_head":"<title>Komunikat prasowy 07\/2004 - Nationalpark Unteres Odertal<\/title>\n<meta name=\"robots\" content=\"index, follow, max-snippet:-1, max-image-preview:large, max-video-preview:-1\" \/>\n<link rel=\"canonical\" href=\"https:\/\/www.nationalpark-unteres-odertal.de\/pl\/komunikat-prasowy\/komunikat-prasowy-07-2004\/\" \/>\n<meta property=\"og:locale\" content=\"pl_PL\" \/>\n<meta property=\"og:type\" content=\"article\" \/>\n<meta property=\"og:title\" content=\"Komunikat prasowy 07\/2004 - Nationalpark Unteres Odertal\" \/>\n<meta property=\"og:description\" content=\"Decy\u00adzj\u0105 Fede\u00adral\u00adne\u00adgo Mini\u00adstra \u015aro\u00addo\u00adwi\u00adska J\u00fcr\u00adge\u00adna Trittin W zwi\u0105z\u00adku z decy\u00adzj\u0105 [&hellip;]\" \/>\n<meta property=\"og:url\" content=\"https:\/\/www.nationalpark-unteres-odertal.de\/pl\/komunikat-prasowy\/komunikat-prasowy-07-2004\/\" \/>\n<meta property=\"og:site_name\" content=\"Nationalpark Unteres Odertal\" \/>\n<meta name=\"twitter:card\" content=\"summary_large_image\" \/>\n<script type=\"application\/ld+json\" class=\"yoast-schema-graph\">{\"@context\":\"https:\/\/schema.org\",\"@graph\":[{\"@type\":\"WebPage\",\"@id\":\"https:\/\/www.nationalpark-unteres-odertal.de\/pl\/komunikat-prasowy\/komunikat-prasowy-07-2004\/\",\"url\":\"https:\/\/www.nationalpark-unteres-odertal.de\/pl\/komunikat-prasowy\/komunikat-prasowy-07-2004\/\",\"name\":\"Komunikat prasowy 07\/2004 - Nationalpark Unteres Odertal\",\"isPartOf\":{\"@id\":\"https:\/\/www.nationalpark-unteres-odertal.de\/pl\/#website\"},\"datePublished\":\"2004-06-25T13:30:39+00:00\",\"dateModified\":\"2004-06-25T13:30:39+00:00\",\"breadcrumb\":{\"@id\":\"https:\/\/www.nationalpark-unteres-odertal.de\/pl\/komunikat-prasowy\/komunikat-prasowy-07-2004\/#breadcrumb\"},\"inLanguage\":\"pl-PL\",\"potentialAction\":[{\"@type\":\"ReadAction\",\"target\":[\"https:\/\/www.nationalpark-unteres-odertal.de\/pl\/komunikat-prasowy\/komunikat-prasowy-07-2004\/\"]}]},{\"@type\":\"BreadcrumbList\",\"@id\":\"https:\/\/www.nationalpark-unteres-odertal.de\/pl\/komunikat-prasowy\/komunikat-prasowy-07-2004\/#breadcrumb\",\"itemListElement\":[{\"@type\":\"ListItem\",\"position\":1,\"name\":\"Strona g\u0142\u00f3wna\",\"item\":\"https:\/\/www.nationalpark-unteres-odertal.de\/pl\/\"},{\"@type\":\"ListItem\",\"position\":2,\"name\":\"Komunikaty prasowe\",\"item\":\"https:\/\/www.nationalpark-unteres-odertal.de\/pl\/komunikat-prasowy\/\"},{\"@type\":\"ListItem\",\"position\":3,\"name\":\"Komunikat prasowy 07\/2004\"}]},{\"@type\":\"WebSite\",\"@id\":\"https:\/\/www.nationalpark-unteres-odertal.de\/pl\/#website\",\"url\":\"https:\/\/www.nationalpark-unteres-odertal.de\/pl\/\",\"name\":\"Nationalpark Unteres Odertal\",\"description\":\"Verein der Freunde des Deutsch-Polnischen Europa-Nationalparks Unteres Odertal e.V. &amp; Nationalparkstiftung Unteres Odertal\",\"publisher\":{\"@id\":\"https:\/\/www.nationalpark-unteres-odertal.de\/pl\/#organization\"},\"potentialAction\":[{\"@type\":\"SearchAction\",\"target\":{\"@type\":\"EntryPoint\",\"urlTemplate\":\"https:\/\/www.nationalpark-unteres-odertal.de\/pl\/?s={search_term_string}\"},\"query-input\":{\"@type\":\"PropertyValueSpecification\",\"valueRequired\":true,\"valueName\":\"search_term_string\"}}],\"inLanguage\":\"pl-PL\"},{\"@type\":\"Organization\",\"@id\":\"https:\/\/www.nationalpark-unteres-odertal.de\/pl\/#organization\",\"name\":\"Verein der Freunde des Deutsch-Polnischen Europa-Nationalparks Unteres Odertal e.V. & Nationalparkstiftung Unteres Odertal\",\"url\":\"https:\/\/www.nationalpark-unteres-odertal.de\/pl\/\",\"logo\":{\"@type\":\"ImageObject\",\"inLanguage\":\"pl-PL\",\"@id\":\"https:\/\/www.nationalpark-unteres-odertal.de\/pl\/#\/schema\/logo\/image\/\",\"url\":\"https:\/\/www.nationalpark-unteres-odertal.de\/wp-content\/uploads\/logos-google.png\",\"contentUrl\":\"https:\/\/www.nationalpark-unteres-odertal.de\/wp-content\/uploads\/logos-google.png\",\"width\":800,\"height\":344,\"caption\":\"Verein der Freunde des Deutsch-Polnischen Europa-Nationalparks Unteres Odertal e.V. & Nationalparkstiftung Unteres Odertal\"},\"image\":{\"@id\":\"https:\/\/www.nationalpark-unteres-odertal.de\/pl\/#\/schema\/logo\/image\/\"}}]}<\/script>","yoast_head_json":{"title":"Komunikat prasowy 07\/2004 - Nationalpark Unteres Odertal","robots":{"index":"index","follow":"follow","max-snippet":"max-snippet:-1","max-image-preview":"max-image-preview:large","max-video-preview":"max-video-preview:-1"},"canonical":"https:\/\/www.nationalpark-unteres-odertal.de\/pl\/komunikat-prasowy\/komunikat-prasowy-07-2004\/","og_locale":"pl_PL","og_type":"article","og_title":"Komunikat prasowy 07\/2004 - Nationalpark Unteres Odertal","og_description":"Decy\u00adzj\u0105 Fede\u00adral\u00adne\u00adgo Mini\u00adstra \u015aro\u00addo\u00adwi\u00adska J\u00fcr\u00adge\u00adna Trittin W zwi\u0105z\u00adku z decy\u00adzj\u0105 [&hellip;]","og_url":"https:\/\/www.nationalpark-unteres-odertal.de\/pl\/komunikat-prasowy\/komunikat-prasowy-07-2004\/","og_site_name":"Nationalpark Unteres Odertal","twitter_card":"summary_large_image","schema":{"@context":"https:\/\/schema.org","@graph":[{"@type":"WebPage","@id":"https:\/\/www.nationalpark-unteres-odertal.de\/pl\/komunikat-prasowy\/komunikat-prasowy-07-2004\/","url":"https:\/\/www.nationalpark-unteres-odertal.de\/pl\/komunikat-prasowy\/komunikat-prasowy-07-2004\/","name":"Komunikat prasowy 07\/2004 - Nationalpark Unteres Odertal","isPartOf":{"@id":"https:\/\/www.nationalpark-unteres-odertal.de\/pl\/#website"},"datePublished":"2004-06-25T13:30:39+00:00","dateModified":"2004-06-25T13:30:39+00:00","breadcrumb":{"@id":"https:\/\/www.nationalpark-unteres-odertal.de\/pl\/komunikat-prasowy\/komunikat-prasowy-07-2004\/#breadcrumb"},"inLanguage":"pl-PL","potentialAction":[{"@type":"ReadAction","target":["https:\/\/www.nationalpark-unteres-odertal.de\/pl\/komunikat-prasowy\/komunikat-prasowy-07-2004\/"]}]},{"@type":"BreadcrumbList","@id":"https:\/\/www.nationalpark-unteres-odertal.de\/pl\/komunikat-prasowy\/komunikat-prasowy-07-2004\/#breadcrumb","itemListElement":[{"@type":"ListItem","position":1,"name":"Strona g\u0142\u00f3wna","item":"https:\/\/www.nationalpark-unteres-odertal.de\/pl\/"},{"@type":"ListItem","position":2,"name":"Komunikaty prasowe","item":"https:\/\/www.nationalpark-unteres-odertal.de\/pl\/komunikat-prasowy\/"},{"@type":"ListItem","position":3,"name":"Komunikat prasowy 07\/2004"}]},{"@type":"WebSite","@id":"https:\/\/www.nationalpark-unteres-odertal.de\/pl\/#website","url":"https:\/\/www.nationalpark-unteres-odertal.de\/pl\/","name":"Nationalpark Unteres Odertal","description":"Verein der Freunde des Deutsch-Polnischen Europa-Nationalparks Unteres Odertal e.V. &amp; Nationalparkstiftung Unteres Odertal","publisher":{"@id":"https:\/\/www.nationalpark-unteres-odertal.de\/pl\/#organization"},"potentialAction":[{"@type":"SearchAction","target":{"@type":"EntryPoint","urlTemplate":"https:\/\/www.nationalpark-unteres-odertal.de\/pl\/?s={search_term_string}"},"query-input":{"@type":"PropertyValueSpecification","valueRequired":true,"valueName":"search_term_string"}}],"inLanguage":"pl-PL"},{"@type":"Organization","@id":"https:\/\/www.nationalpark-unteres-odertal.de\/pl\/#organization","name":"Verein der Freunde des Deutsch-Polnischen Europa-Nationalparks Unteres Odertal e.V. & Nationalparkstiftung Unteres Odertal","url":"https:\/\/www.nationalpark-unteres-odertal.de\/pl\/","logo":{"@type":"ImageObject","inLanguage":"pl-PL","@id":"https:\/\/www.nationalpark-unteres-odertal.de\/pl\/#\/schema\/logo\/image\/","url":"https:\/\/www.nationalpark-unteres-odertal.de\/wp-content\/uploads\/logos-google.png","contentUrl":"https:\/\/www.nationalpark-unteres-odertal.de\/wp-content\/uploads\/logos-google.png","width":800,"height":344,"caption":"Verein der Freunde des Deutsch-Polnischen Europa-Nationalparks Unteres Odertal e.V. & Nationalparkstiftung Unteres Odertal"},"image":{"@id":"https:\/\/www.nationalpark-unteres-odertal.de\/pl\/#\/schema\/logo\/image\/"}}]}},"_links":{"self":[{"href":"https:\/\/www.nationalpark-unteres-odertal.de\/pl\/wp-json\/wp\/v2\/presseerklaerung\/8856","targetHints":{"allow":["GET"]}}],"collection":[{"href":"https:\/\/www.nationalpark-unteres-odertal.de\/pl\/wp-json\/wp\/v2\/presseerklaerung"}],"about":[{"href":"https:\/\/www.nationalpark-unteres-odertal.de\/pl\/wp-json\/wp\/v2\/types\/presseerklaerung"}],"wp:attachment":[{"href":"https:\/\/www.nationalpark-unteres-odertal.de\/pl\/wp-json\/wp\/v2\/media?parent=8856"}],"wp:term":[{"taxonomy":"category","embeddable":true,"href":"https:\/\/www.nationalpark-unteres-odertal.de\/pl\/wp-json\/wp\/v2\/categories?post=8856"}],"curies":[{"name":"wp","href":"https:\/\/api.w.org\/{rel}","templated":true}]}}