{"id":8859,"date":"2003-11-12T23:22:54","date_gmt":"2003-11-12T22:22:54","guid":{"rendered":"https:\/\/2021.nationalpark-unteres-odertal.de\/presseerklaerung\/komunikat-prasowy-05-2003\/"},"modified":"2003-11-12T23:22:54","modified_gmt":"2003-11-12T22:22:54","slug":"komunikat-prasowy-05-2003","status":"publish","type":"presseerklaerung","link":"https:\/\/www.nationalpark-unteres-odertal.de\/pl\/komunikat-prasowy\/komunikat-prasowy-05-2003\/","title":{"rendered":"Komunikat prasowy 05\/2003"},"content":{"rendered":"<p>\n\t<strong>Nie ma potrze\u00adby zmiany<\/strong><\/p>\n<p> W zwi\u0105z\u00adku z wzno\u00adwio\u00adn\u0105 na miej\u00adscu audy\u00adcj\u0105 na temat \u201ePark Naro\u00addo\u00adwy\u201d w Schwedt w dniu 13.11.2003 pre\u00adzes zarz\u0105\u00addu Towa\u00adrzy\u00adstwa Przy\u00adja\u00adci\u00f3\u0142 Pol\u00adsko-Nie\u00admiec\u00adkie\u00adgo Euro\u00adpej\u00adskie\u00adgo Par\u00adku Naro\u00addo\u00adwe\u00adgo Unte\u00adres Ode\u00adrtal e. W., Tho\u00admas&nbsp;Berg:<\/p>\n<p> \u201eObec\u00adnie nie ma powo\u00addu do zmia\u00adny usta\u00adwy o par\u00adkach naro\u00addo\u00adwych z 1995 roku. Cho\u0107 roz\u00adbu\u00addo\u00adwa\u00adne pra\u00adwo jest mi\u0119k\u00adkie i nie\u00adokre\u00ad\u015blo\u00adne, stwa\u00adrza przy\u00adnaj\u00admniej ramy, w jakich powi\u00adnien prze\u00adbie\u00adga\u0107 roz\u00adw\u00f3j Doli\u00adny Dol\u00adnej Odry. Region ma wi\u0119c jasne per\u00adspek\u00adty\u00adwy na przy\u00adsz\u0142o\u015b\u0107, jedy\u00adny park naro\u00addo\u00adwy w Bran\u00adden\u00adbur\u00adgii dla swo\u00adje\u00adgo roz\u00adwo\u00adju przy\u00adnaj\u00admniej pla\u00adno\u00adwa\u00adnia bezpiecze\u0144stwa&nbsp;\u201d.<\/p>\n<p> Usta\u00adwa o Par\u00adku Naro\u00addo\u00adwym z 1995 roku to mozol\u00adnie wypra\u00adco\u00adwa\u00adny kom\u00adpro\u00admis, kt\u00f3\u00adre\u00adgo \u017cad\u00adna ze stron nie zado\u00adwa\u00adla, ale daje solid\u00adn\u0105 pod\u00adsta\u00adw\u0119 na przy\u00adsz\u0142o\u015b\u0107. Kon\u00adser\u00adwa\u00adto\u00adrzy doma\u00adga\u00adli si\u0119 w\u00f3w\u00adczas ja\u015bniej\u00adszych i ostrzej\u00adszych prze\u00adpi\u00ads\u00f3w, ale lob\u00adby ruchu dro\u00adgo\u00adwe\u00adgo i biz\u00adne\u00adsu nie chcia\u00ad\u0142o zaak\u00adcep\u00adto\u00adwa\u0107 \u017cad\u00adnych ogra\u00adni\u00adcze\u0144. Nie nale\u00ad\u017cy lek\u00adce\u00adwa\u00ad\u017cy\u0107 tego mozol\u00adnie wypra\u00adco\u00adwa\u00adne\u00adgo kom\u00adpro\u00admi\u00adsu. Nowy sp\u00f3r o park naro\u00addo\u00adwy nisz\u00adczy region.<\/p>\n<p> Ci, kt\u00f3\u00adrzy chc\u0105 zmie\u00adni\u0107 usta\u00adw\u0119 o par\u00adku naro\u00addo\u00adwym, chc\u0105 teraz w zasa\u00addzie os\u0142a\u00adbi\u0107 park naro\u00addo\u00adwy, a nawet ca\u0142\u00adko\u00adwi\u00adcie go pod\u00adwa\u00ad\u017cy\u0107, aby osta\u00adtecz\u00adnie jako no\u015bnik rekla\u00admy pozo\u00adsta\u00ad\u0142a tyl\u00adko nazwa. Sto\u00adwa\u00adrzy\u00adsze\u00adnie Przy\u00adja\u00adci\u00f3\u0142 Pol\u00adsko-Nie\u00admiec\u00adkie\u00adgo Euro\u00adpej\u00adskie\u00adgo Par\u00adku Naro\u00addo\u00adwe\u00adgo Unte\u00adres Ode\u00adrtal e. V. kate\u00adgo\u00adrycz\u00adnie odrzu\u00adci\u0107. Je\u015bli jest na niej napi\u00adsa\u00adne park naro\u00addo\u00adwy, to musi to by\u0107 park naro\u00addo\u00adwy. Ka\u017c\u00addy, kto nisz\u00adczy lub likwi\u00addu\u00adje park naro\u00addo\u00adwy, mar\u00adnu\u00adje przy\u00adsz\u0142e mo\u017c\u00adli\u00adwo\u00ad\u015bci regio\u00adnu. Dla\u00adte\u00adgo: r\u0119ce precz od par\u00adku narodowego!<\/p>\n<p> Rada dyrektor\u00f3w<\/p>\n","protected":false},"featured_media":0,"template":"","categories":[816],"class_list":["post-8859","presseerklaerung","type-presseerklaerung","status-publish","hentry","category-komunikaty-prasowe-stowarzyszenia-parkow-narodowych"],"yoast_head":"<title>Komunikat prasowy 05\/2003 - Nationalpark Unteres Odertal<\/title>\n<meta name=\"robots\" content=\"index, follow, max-snippet:-1, max-image-preview:large, max-video-preview:-1\" \/>\n<link rel=\"canonical\" href=\"https:\/\/www.nationalpark-unteres-odertal.de\/pl\/komunikat-prasowy\/komunikat-prasowy-05-2003\/\" \/>\n<meta property=\"og:locale\" content=\"pl_PL\" \/>\n<meta property=\"og:type\" content=\"article\" \/>\n<meta property=\"og:title\" content=\"Komunikat prasowy 05\/2003 - Nationalpark Unteres Odertal\" \/>\n<meta property=\"og:description\" content=\"Nie ma potrze\u00adby zmiany W zwi\u0105z\u00adku z wzno\u00adwio\u00adn\u0105 na miej\u00adscu [&hellip;]\" \/>\n<meta property=\"og:url\" content=\"https:\/\/www.nationalpark-unteres-odertal.de\/pl\/komunikat-prasowy\/komunikat-prasowy-05-2003\/\" \/>\n<meta property=\"og:site_name\" content=\"Nationalpark Unteres Odertal\" \/>\n<meta name=\"twitter:card\" content=\"summary_large_image\" \/>\n<script type=\"application\/ld+json\" class=\"yoast-schema-graph\">{\"@context\":\"https:\/\/schema.org\",\"@graph\":[{\"@type\":\"WebPage\",\"@id\":\"https:\/\/www.nationalpark-unteres-odertal.de\/pl\/komunikat-prasowy\/komunikat-prasowy-05-2003\/\",\"url\":\"https:\/\/www.nationalpark-unteres-odertal.de\/pl\/komunikat-prasowy\/komunikat-prasowy-05-2003\/\",\"name\":\"Komunikat prasowy 05\/2003 - Nationalpark Unteres Odertal\",\"isPartOf\":{\"@id\":\"https:\/\/www.nationalpark-unteres-odertal.de\/pl\/#website\"},\"datePublished\":\"2003-11-12T22:22:54+00:00\",\"dateModified\":\"2003-11-12T22:22:54+00:00\",\"breadcrumb\":{\"@id\":\"https:\/\/www.nationalpark-unteres-odertal.de\/pl\/komunikat-prasowy\/komunikat-prasowy-05-2003\/#breadcrumb\"},\"inLanguage\":\"pl-PL\",\"potentialAction\":[{\"@type\":\"ReadAction\",\"target\":[\"https:\/\/www.nationalpark-unteres-odertal.de\/pl\/komunikat-prasowy\/komunikat-prasowy-05-2003\/\"]}]},{\"@type\":\"BreadcrumbList\",\"@id\":\"https:\/\/www.nationalpark-unteres-odertal.de\/pl\/komunikat-prasowy\/komunikat-prasowy-05-2003\/#breadcrumb\",\"itemListElement\":[{\"@type\":\"ListItem\",\"position\":1,\"name\":\"Strona g\u0142\u00f3wna\",\"item\":\"https:\/\/www.nationalpark-unteres-odertal.de\/pl\/\"},{\"@type\":\"ListItem\",\"position\":2,\"name\":\"Komunikaty prasowe\",\"item\":\"https:\/\/www.nationalpark-unteres-odertal.de\/pl\/komunikat-prasowy\/\"},{\"@type\":\"ListItem\",\"position\":3,\"name\":\"Komunikat prasowy 05\/2003\"}]},{\"@type\":\"WebSite\",\"@id\":\"https:\/\/www.nationalpark-unteres-odertal.de\/pl\/#website\",\"url\":\"https:\/\/www.nationalpark-unteres-odertal.de\/pl\/\",\"name\":\"Nationalpark Unteres Odertal\",\"description\":\"Verein der Freunde des Deutsch-Polnischen Europa-Nationalparks Unteres Odertal e.V. &amp; Nationalparkstiftung Unteres Odertal\",\"publisher\":{\"@id\":\"https:\/\/www.nationalpark-unteres-odertal.de\/pl\/#organization\"},\"potentialAction\":[{\"@type\":\"SearchAction\",\"target\":{\"@type\":\"EntryPoint\",\"urlTemplate\":\"https:\/\/www.nationalpark-unteres-odertal.de\/pl\/?s={search_term_string}\"},\"query-input\":{\"@type\":\"PropertyValueSpecification\",\"valueRequired\":true,\"valueName\":\"search_term_string\"}}],\"inLanguage\":\"pl-PL\"},{\"@type\":\"Organization\",\"@id\":\"https:\/\/www.nationalpark-unteres-odertal.de\/pl\/#organization\",\"name\":\"Verein der Freunde des Deutsch-Polnischen Europa-Nationalparks Unteres Odertal e.V. & Nationalparkstiftung Unteres Odertal\",\"url\":\"https:\/\/www.nationalpark-unteres-odertal.de\/pl\/\",\"logo\":{\"@type\":\"ImageObject\",\"inLanguage\":\"pl-PL\",\"@id\":\"https:\/\/www.nationalpark-unteres-odertal.de\/pl\/#\/schema\/logo\/image\/\",\"url\":\"https:\/\/www.nationalpark-unteres-odertal.de\/wp-content\/uploads\/logos-google.png\",\"contentUrl\":\"https:\/\/www.nationalpark-unteres-odertal.de\/wp-content\/uploads\/logos-google.png\",\"width\":800,\"height\":344,\"caption\":\"Verein der Freunde des Deutsch-Polnischen Europa-Nationalparks Unteres Odertal e.V. & Nationalparkstiftung Unteres Odertal\"},\"image\":{\"@id\":\"https:\/\/www.nationalpark-unteres-odertal.de\/pl\/#\/schema\/logo\/image\/\"}}]}<\/script>","yoast_head_json":{"title":"Komunikat prasowy 05\/2003 - Nationalpark Unteres Odertal","robots":{"index":"index","follow":"follow","max-snippet":"max-snippet:-1","max-image-preview":"max-image-preview:large","max-video-preview":"max-video-preview:-1"},"canonical":"https:\/\/www.nationalpark-unteres-odertal.de\/pl\/komunikat-prasowy\/komunikat-prasowy-05-2003\/","og_locale":"pl_PL","og_type":"article","og_title":"Komunikat prasowy 05\/2003 - Nationalpark Unteres Odertal","og_description":"Nie ma potrze\u00adby zmiany W zwi\u0105z\u00adku z wzno\u00adwio\u00adn\u0105 na miej\u00adscu [&hellip;]","og_url":"https:\/\/www.nationalpark-unteres-odertal.de\/pl\/komunikat-prasowy\/komunikat-prasowy-05-2003\/","og_site_name":"Nationalpark Unteres Odertal","twitter_card":"summary_large_image","schema":{"@context":"https:\/\/schema.org","@graph":[{"@type":"WebPage","@id":"https:\/\/www.nationalpark-unteres-odertal.de\/pl\/komunikat-prasowy\/komunikat-prasowy-05-2003\/","url":"https:\/\/www.nationalpark-unteres-odertal.de\/pl\/komunikat-prasowy\/komunikat-prasowy-05-2003\/","name":"Komunikat prasowy 05\/2003 - Nationalpark Unteres Odertal","isPartOf":{"@id":"https:\/\/www.nationalpark-unteres-odertal.de\/pl\/#website"},"datePublished":"2003-11-12T22:22:54+00:00","dateModified":"2003-11-12T22:22:54+00:00","breadcrumb":{"@id":"https:\/\/www.nationalpark-unteres-odertal.de\/pl\/komunikat-prasowy\/komunikat-prasowy-05-2003\/#breadcrumb"},"inLanguage":"pl-PL","potentialAction":[{"@type":"ReadAction","target":["https:\/\/www.nationalpark-unteres-odertal.de\/pl\/komunikat-prasowy\/komunikat-prasowy-05-2003\/"]}]},{"@type":"BreadcrumbList","@id":"https:\/\/www.nationalpark-unteres-odertal.de\/pl\/komunikat-prasowy\/komunikat-prasowy-05-2003\/#breadcrumb","itemListElement":[{"@type":"ListItem","position":1,"name":"Strona g\u0142\u00f3wna","item":"https:\/\/www.nationalpark-unteres-odertal.de\/pl\/"},{"@type":"ListItem","position":2,"name":"Komunikaty prasowe","item":"https:\/\/www.nationalpark-unteres-odertal.de\/pl\/komunikat-prasowy\/"},{"@type":"ListItem","position":3,"name":"Komunikat prasowy 05\/2003"}]},{"@type":"WebSite","@id":"https:\/\/www.nationalpark-unteres-odertal.de\/pl\/#website","url":"https:\/\/www.nationalpark-unteres-odertal.de\/pl\/","name":"Nationalpark Unteres Odertal","description":"Verein der Freunde des Deutsch-Polnischen Europa-Nationalparks Unteres Odertal e.V. &amp; Nationalparkstiftung Unteres Odertal","publisher":{"@id":"https:\/\/www.nationalpark-unteres-odertal.de\/pl\/#organization"},"potentialAction":[{"@type":"SearchAction","target":{"@type":"EntryPoint","urlTemplate":"https:\/\/www.nationalpark-unteres-odertal.de\/pl\/?s={search_term_string}"},"query-input":{"@type":"PropertyValueSpecification","valueRequired":true,"valueName":"search_term_string"}}],"inLanguage":"pl-PL"},{"@type":"Organization","@id":"https:\/\/www.nationalpark-unteres-odertal.de\/pl\/#organization","name":"Verein der Freunde des Deutsch-Polnischen Europa-Nationalparks Unteres Odertal e.V. & Nationalparkstiftung Unteres Odertal","url":"https:\/\/www.nationalpark-unteres-odertal.de\/pl\/","logo":{"@type":"ImageObject","inLanguage":"pl-PL","@id":"https:\/\/www.nationalpark-unteres-odertal.de\/pl\/#\/schema\/logo\/image\/","url":"https:\/\/www.nationalpark-unteres-odertal.de\/wp-content\/uploads\/logos-google.png","contentUrl":"https:\/\/www.nationalpark-unteres-odertal.de\/wp-content\/uploads\/logos-google.png","width":800,"height":344,"caption":"Verein der Freunde des Deutsch-Polnischen Europa-Nationalparks Unteres Odertal e.V. & Nationalparkstiftung Unteres Odertal"},"image":{"@id":"https:\/\/www.nationalpark-unteres-odertal.de\/pl\/#\/schema\/logo\/image\/"}}]}},"_links":{"self":[{"href":"https:\/\/www.nationalpark-unteres-odertal.de\/pl\/wp-json\/wp\/v2\/presseerklaerung\/8859","targetHints":{"allow":["GET"]}}],"collection":[{"href":"https:\/\/www.nationalpark-unteres-odertal.de\/pl\/wp-json\/wp\/v2\/presseerklaerung"}],"about":[{"href":"https:\/\/www.nationalpark-unteres-odertal.de\/pl\/wp-json\/wp\/v2\/types\/presseerklaerung"}],"wp:attachment":[{"href":"https:\/\/www.nationalpark-unteres-odertal.de\/pl\/wp-json\/wp\/v2\/media?parent=8859"}],"wp:term":[{"taxonomy":"category","embeddable":true,"href":"https:\/\/www.nationalpark-unteres-odertal.de\/pl\/wp-json\/wp\/v2\/categories?post=8859"}],"curies":[{"name":"wp","href":"https:\/\/api.w.org\/{rel}","templated":true}]}}