{"id":8860,"date":"2003-10-08T23:08:26","date_gmt":"2003-10-08T21:08:26","guid":{"rendered":"https:\/\/2021.nationalpark-unteres-odertal.de\/presseerklaerung\/komunikat-prasowy-03-2003\/"},"modified":"2003-10-08T23:08:26","modified_gmt":"2003-10-08T21:08:26","slug":"komunikat-prasowy-03-2003","status":"publish","type":"presseerklaerung","link":"https:\/\/www.nationalpark-unteres-odertal.de\/pl\/komunikat-prasowy\/komunikat-prasowy-03-2003\/","title":{"rendered":"Komunikat prasowy 03\/2003"},"content":{"rendered":"<p>\n\t<strong>Brak du\u017ce\u00adgo sys\u00adte\u00admu roz\u00addrab\u00adnia\u00adnia \u017cura\u00adwi w regio\u00adnie par\u00adku narodowego<\/strong><\/p>\n<p> Na tere\u00adnie gmi\u00adny Hohen\u00adsel\u00adchow w urz\u0119\u00addzie Gartz obec\u00adnie dys\u00adku\u00adto\u00adwa\u00adna jest zmia\u00adna pla\u00adnu zago\u00adspo\u00adda\u00adro\u00adwa\u00adnia prze\u00adstrzen\u00adne\u00adgo. Nale\u00ad\u017cy ziden\u00adty\u00adfi\u00adko\u00adwa\u0107 spe\u00adcjal\u00adny obszar par\u00adku ener\u00adge\u00adty\u00adki wia\u00adtro\u00adwej. Gmi\u00adna Hohen\u00adsel\u00adchow wyra\u017a\u00adnie opo\u00adwie\u00addzia\u00ad\u0142a si\u0119 za par\u00adkiem ener\u00adgii wia\u00adtro\u00adwej. Pro\u00adces jest obec\u00adnie bada\u00adny przez biu\u00adro&nbsp;Gartz.<\/p>\n<p> Sto\u00adwa\u00adrzy\u00adsze\u00adnie Przy\u00adja\u00adci\u00f3\u0142 Pol\u00adsko-Nie\u00admiec\u00adkie\u00adgo Euro\u00adpej\u00adskie\u00adgo Par\u00adku Naro\u00addo\u00adwe\u00adgo Unte\u00adres Ode\u00adrtal e. V. kate\u00adgo\u00adrycz\u00adnie odrzu\u00adca park ener\u00adge\u00adty\u00adki wia\u00adtro\u00adwej na spe\u00adcjal\u00adnym obsza\u00adrze w pobli\u00ad\u017cu gra\u00adni\u00adcy z regio\u00adnem par\u00adku naro\u00addo\u00adwe\u00adgo, a tym samym r\u00f3w\u00adnie\u017c w gmi\u00adnie Hohen\u00adsel\u00adchow. Taki obszar kon\u00adcen\u00adtra\u00adcji tur\u00adbin wia\u00adtro\u00adwych spo\u00adwo\u00addo\u00adwa\u0142\u00adby znacz\u00adne szko\u00addy dla par\u00adku naro\u00addo\u00adwe\u00adgo, w szcze\u00adg\u00f3l\u00adno\u00ad\u015bci dla \u017cura\u00adwi, dzi\u00adkich g\u0119si i innych pta\u00adk\u00f3w w\u0119drow\u00adnych. Obec\u00adnie w Doli\u00adnie Dol\u00adnej Odry ponow\u00adnie odpo\u00adczy\u00adwa oko\u00ad\u0142o 8500 \u017cura\u00adwi. W ostat\u00adnich latach zawsze liczo\u00adno od 4000 do 15 000 pta\u00adk\u00f3w. Czy\u00adni to region jed\u00adnym z naj\u00adwi\u0119k\u00adszych \u015brod\u00adko\u00adwo\u00adeu\u00adro\u00adpej\u00adskich \u015br\u00f3d\u00adl\u0105\u00addo\u00adwych miejsc odpo\u00adczyn\u00adku \u017curawi.<\/p>\n<p> W ostat\u00adnich latach, zw\u0142asz\u00adcza jesie\u00adni\u0105, w Doli\u00adnie Dol\u00adnej Odry roz\u00adwi\u00adn\u0119\u00ad\u0142a si\u0119 praw\u00addzi\u00adwa tury\u00adsty\u00adka \u017cura\u00adwia. Z ponad 100 uczest\u00adni\u00adka\u00admi corocz\u00adna wyciecz\u00adka z \u017cura\u00adwiem Fun\u00adda\u00adcji Par\u00adku Naro\u00addo\u00adwe\u00adgo jest zde\u00adcy\u00addo\u00adwa\u00adnie naj\u00adpo\u00adpu\u00adlar\u00adniej\u00adszym wyda\u00adrze\u00adniem w ramach pro\u00adgra\u00admu wycie\u00adczek Fun\u00adda\u00adcji Par\u00adku Naro\u00addo\u00adwe\u00adgo. \u017bura\u00adwie nie tyl\u00adko przy\u00adno\u00adsz\u0105 szcz\u0119\u00ad\u015bcie, ale tak\u00ad\u017ce przy\u00adwo\u00ad\u017c\u0105 go\u015bci, a tym samym pobyt, a tym samym pie\u00adni\u0105\u00addze w regionie.<\/p>\n<p> W ostat\u00adnich mie\u00adsi\u0105\u00adcach toczy\u00ad\u0142o si\u0119 wie\u00adle dys\u00adku\u00adsji i spo\u00adr\u00f3w na temat tur\u00adbin wia\u00adtro\u00adwych w regio\u00adnie Ucker\u00admark. Udo\u00adwod\u00adnio\u00adno, \u017ce ich wp\u0142yw na pta\u00adsi \u015bwiat, a zw\u0142asz\u00adcza na w\u0119dr\u00f3w\u00adki pta\u00adk\u00f3w, jest nie\u00adzwy\u00adkle nega\u00adtyw\u00adny. W szcze\u00adg\u00f3l\u00adno\u00ad\u015bci w rejo\u00adnie par\u00adku naro\u00addo\u00adwe\u00adgo i na tere\u00adnach przy\u00adle\u00adg\u0142ych, tur\u00adbi\u00adny wia\u00adtro\u00adwe s\u0105 zatem odrzu\u00adca\u00adne, zw\u0142asz\u00adcza na tak nie\u00adty\u00adpo\u00adwym miej\u00adscu posto\u00adju \u017cura\u00adwia. W zwi\u0105z\u00adku z tym wzy\u00adwa\u00admy urz\u0105d Gartz i okr\u0119g Ucker\u00admark do odrzu\u00adce\u00adnia zezwo\u00adle\u0144 wyma\u00adga\u00adnych dla tur\u00adbin wia\u00adtro\u00adwych, w szcze\u00adg\u00f3l\u00adno\u00ad\u015bci zmia\u00adny pla\u00adnu zago\u00adspo\u00adda\u00adro\u00adwa\u00adnia prze\u00adstrzen\u00adne\u00adgo gmi\u00adny Hohenselchow.<\/p>\n<p> Rada dyrektor\u00f3w<\/p>\n","protected":false},"featured_media":0,"template":"","categories":[816],"class_list":["post-8860","presseerklaerung","type-presseerklaerung","status-publish","hentry","category-komunikaty-prasowe-stowarzyszenia-parkow-narodowych"],"yoast_head":"<title>Komunikat prasowy 03\/2003 - Nationalpark Unteres Odertal<\/title>\n<meta name=\"robots\" content=\"index, follow, max-snippet:-1, max-image-preview:large, max-video-preview:-1\" \/>\n<link rel=\"canonical\" href=\"https:\/\/www.nationalpark-unteres-odertal.de\/pl\/komunikat-prasowy\/komunikat-prasowy-03-2003\/\" \/>\n<meta property=\"og:locale\" content=\"pl_PL\" \/>\n<meta property=\"og:type\" content=\"article\" \/>\n<meta property=\"og:title\" content=\"Komunikat prasowy 03\/2003 - Nationalpark Unteres Odertal\" \/>\n<meta property=\"og:description\" content=\"Brak du\u017ce\u00adgo sys\u00adte\u00admu roz\u00addrab\u00adnia\u00adnia \u017cura\u00adwi w regio\u00adnie par\u00adku narodowego Na [&hellip;]\" \/>\n<meta property=\"og:url\" content=\"https:\/\/www.nationalpark-unteres-odertal.de\/pl\/komunikat-prasowy\/komunikat-prasowy-03-2003\/\" \/>\n<meta property=\"og:site_name\" content=\"Nationalpark Unteres Odertal\" \/>\n<meta name=\"twitter:card\" content=\"summary_large_image\" \/>\n<script type=\"application\/ld+json\" class=\"yoast-schema-graph\">{\"@context\":\"https:\/\/schema.org\",\"@graph\":[{\"@type\":\"WebPage\",\"@id\":\"https:\/\/www.nationalpark-unteres-odertal.de\/pl\/komunikat-prasowy\/komunikat-prasowy-03-2003\/\",\"url\":\"https:\/\/www.nationalpark-unteres-odertal.de\/pl\/komunikat-prasowy\/komunikat-prasowy-03-2003\/\",\"name\":\"Komunikat prasowy 03\/2003 - Nationalpark Unteres Odertal\",\"isPartOf\":{\"@id\":\"https:\/\/www.nationalpark-unteres-odertal.de\/pl\/#website\"},\"datePublished\":\"2003-10-08T21:08:26+00:00\",\"dateModified\":\"2003-10-08T21:08:26+00:00\",\"breadcrumb\":{\"@id\":\"https:\/\/www.nationalpark-unteres-odertal.de\/pl\/komunikat-prasowy\/komunikat-prasowy-03-2003\/#breadcrumb\"},\"inLanguage\":\"pl-PL\",\"potentialAction\":[{\"@type\":\"ReadAction\",\"target\":[\"https:\/\/www.nationalpark-unteres-odertal.de\/pl\/komunikat-prasowy\/komunikat-prasowy-03-2003\/\"]}]},{\"@type\":\"BreadcrumbList\",\"@id\":\"https:\/\/www.nationalpark-unteres-odertal.de\/pl\/komunikat-prasowy\/komunikat-prasowy-03-2003\/#breadcrumb\",\"itemListElement\":[{\"@type\":\"ListItem\",\"position\":1,\"name\":\"Strona g\u0142\u00f3wna\",\"item\":\"https:\/\/www.nationalpark-unteres-odertal.de\/pl\/\"},{\"@type\":\"ListItem\",\"position\":2,\"name\":\"Komunikaty prasowe\",\"item\":\"https:\/\/www.nationalpark-unteres-odertal.de\/pl\/komunikat-prasowy\/\"},{\"@type\":\"ListItem\",\"position\":3,\"name\":\"Komunikat prasowy 03\/2003\"}]},{\"@type\":\"WebSite\",\"@id\":\"https:\/\/www.nationalpark-unteres-odertal.de\/pl\/#website\",\"url\":\"https:\/\/www.nationalpark-unteres-odertal.de\/pl\/\",\"name\":\"Nationalpark Unteres Odertal\",\"description\":\"Verein der Freunde des Deutsch-Polnischen Europa-Nationalparks Unteres Odertal e.V. &amp; Nationalparkstiftung Unteres Odertal\",\"publisher\":{\"@id\":\"https:\/\/www.nationalpark-unteres-odertal.de\/pl\/#organization\"},\"potentialAction\":[{\"@type\":\"SearchAction\",\"target\":{\"@type\":\"EntryPoint\",\"urlTemplate\":\"https:\/\/www.nationalpark-unteres-odertal.de\/pl\/?s={search_term_string}\"},\"query-input\":{\"@type\":\"PropertyValueSpecification\",\"valueRequired\":true,\"valueName\":\"search_term_string\"}}],\"inLanguage\":\"pl-PL\"},{\"@type\":\"Organization\",\"@id\":\"https:\/\/www.nationalpark-unteres-odertal.de\/pl\/#organization\",\"name\":\"Verein der Freunde des Deutsch-Polnischen Europa-Nationalparks Unteres Odertal e.V. & Nationalparkstiftung Unteres Odertal\",\"url\":\"https:\/\/www.nationalpark-unteres-odertal.de\/pl\/\",\"logo\":{\"@type\":\"ImageObject\",\"inLanguage\":\"pl-PL\",\"@id\":\"https:\/\/www.nationalpark-unteres-odertal.de\/pl\/#\/schema\/logo\/image\/\",\"url\":\"https:\/\/www.nationalpark-unteres-odertal.de\/wp-content\/uploads\/logos-google.png\",\"contentUrl\":\"https:\/\/www.nationalpark-unteres-odertal.de\/wp-content\/uploads\/logos-google.png\",\"width\":800,\"height\":344,\"caption\":\"Verein der Freunde des Deutsch-Polnischen Europa-Nationalparks Unteres Odertal e.V. & Nationalparkstiftung Unteres Odertal\"},\"image\":{\"@id\":\"https:\/\/www.nationalpark-unteres-odertal.de\/pl\/#\/schema\/logo\/image\/\"}}]}<\/script>","yoast_head_json":{"title":"Komunikat prasowy 03\/2003 - Nationalpark Unteres Odertal","robots":{"index":"index","follow":"follow","max-snippet":"max-snippet:-1","max-image-preview":"max-image-preview:large","max-video-preview":"max-video-preview:-1"},"canonical":"https:\/\/www.nationalpark-unteres-odertal.de\/pl\/komunikat-prasowy\/komunikat-prasowy-03-2003\/","og_locale":"pl_PL","og_type":"article","og_title":"Komunikat prasowy 03\/2003 - Nationalpark Unteres Odertal","og_description":"Brak du\u017ce\u00adgo sys\u00adte\u00admu roz\u00addrab\u00adnia\u00adnia \u017cura\u00adwi w regio\u00adnie par\u00adku narodowego Na [&hellip;]","og_url":"https:\/\/www.nationalpark-unteres-odertal.de\/pl\/komunikat-prasowy\/komunikat-prasowy-03-2003\/","og_site_name":"Nationalpark Unteres Odertal","twitter_card":"summary_large_image","schema":{"@context":"https:\/\/schema.org","@graph":[{"@type":"WebPage","@id":"https:\/\/www.nationalpark-unteres-odertal.de\/pl\/komunikat-prasowy\/komunikat-prasowy-03-2003\/","url":"https:\/\/www.nationalpark-unteres-odertal.de\/pl\/komunikat-prasowy\/komunikat-prasowy-03-2003\/","name":"Komunikat prasowy 03\/2003 - Nationalpark Unteres Odertal","isPartOf":{"@id":"https:\/\/www.nationalpark-unteres-odertal.de\/pl\/#website"},"datePublished":"2003-10-08T21:08:26+00:00","dateModified":"2003-10-08T21:08:26+00:00","breadcrumb":{"@id":"https:\/\/www.nationalpark-unteres-odertal.de\/pl\/komunikat-prasowy\/komunikat-prasowy-03-2003\/#breadcrumb"},"inLanguage":"pl-PL","potentialAction":[{"@type":"ReadAction","target":["https:\/\/www.nationalpark-unteres-odertal.de\/pl\/komunikat-prasowy\/komunikat-prasowy-03-2003\/"]}]},{"@type":"BreadcrumbList","@id":"https:\/\/www.nationalpark-unteres-odertal.de\/pl\/komunikat-prasowy\/komunikat-prasowy-03-2003\/#breadcrumb","itemListElement":[{"@type":"ListItem","position":1,"name":"Strona g\u0142\u00f3wna","item":"https:\/\/www.nationalpark-unteres-odertal.de\/pl\/"},{"@type":"ListItem","position":2,"name":"Komunikaty prasowe","item":"https:\/\/www.nationalpark-unteres-odertal.de\/pl\/komunikat-prasowy\/"},{"@type":"ListItem","position":3,"name":"Komunikat prasowy 03\/2003"}]},{"@type":"WebSite","@id":"https:\/\/www.nationalpark-unteres-odertal.de\/pl\/#website","url":"https:\/\/www.nationalpark-unteres-odertal.de\/pl\/","name":"Nationalpark Unteres Odertal","description":"Verein der Freunde des Deutsch-Polnischen Europa-Nationalparks Unteres Odertal e.V. &amp; Nationalparkstiftung Unteres Odertal","publisher":{"@id":"https:\/\/www.nationalpark-unteres-odertal.de\/pl\/#organization"},"potentialAction":[{"@type":"SearchAction","target":{"@type":"EntryPoint","urlTemplate":"https:\/\/www.nationalpark-unteres-odertal.de\/pl\/?s={search_term_string}"},"query-input":{"@type":"PropertyValueSpecification","valueRequired":true,"valueName":"search_term_string"}}],"inLanguage":"pl-PL"},{"@type":"Organization","@id":"https:\/\/www.nationalpark-unteres-odertal.de\/pl\/#organization","name":"Verein der Freunde des Deutsch-Polnischen Europa-Nationalparks Unteres Odertal e.V. & Nationalparkstiftung Unteres Odertal","url":"https:\/\/www.nationalpark-unteres-odertal.de\/pl\/","logo":{"@type":"ImageObject","inLanguage":"pl-PL","@id":"https:\/\/www.nationalpark-unteres-odertal.de\/pl\/#\/schema\/logo\/image\/","url":"https:\/\/www.nationalpark-unteres-odertal.de\/wp-content\/uploads\/logos-google.png","contentUrl":"https:\/\/www.nationalpark-unteres-odertal.de\/wp-content\/uploads\/logos-google.png","width":800,"height":344,"caption":"Verein der Freunde des Deutsch-Polnischen Europa-Nationalparks Unteres Odertal e.V. & Nationalparkstiftung Unteres Odertal"},"image":{"@id":"https:\/\/www.nationalpark-unteres-odertal.de\/pl\/#\/schema\/logo\/image\/"}}]}},"_links":{"self":[{"href":"https:\/\/www.nationalpark-unteres-odertal.de\/pl\/wp-json\/wp\/v2\/presseerklaerung\/8860","targetHints":{"allow":["GET"]}}],"collection":[{"href":"https:\/\/www.nationalpark-unteres-odertal.de\/pl\/wp-json\/wp\/v2\/presseerklaerung"}],"about":[{"href":"https:\/\/www.nationalpark-unteres-odertal.de\/pl\/wp-json\/wp\/v2\/types\/presseerklaerung"}],"wp:attachment":[{"href":"https:\/\/www.nationalpark-unteres-odertal.de\/pl\/wp-json\/wp\/v2\/media?parent=8860"}],"wp:term":[{"taxonomy":"category","embeddable":true,"href":"https:\/\/www.nationalpark-unteres-odertal.de\/pl\/wp-json\/wp\/v2\/categories?post=8860"}],"curies":[{"name":"wp","href":"https:\/\/api.w.org\/{rel}","templated":true}]}}