{"id":8861,"date":"2004-04-29T15:27:23","date_gmt":"2004-04-29T13:27:23","guid":{"rendered":"https:\/\/2021.nationalpark-unteres-odertal.de\/presseerklaerung\/komunikat-prasowy-06-2004\/"},"modified":"2004-04-29T15:27:23","modified_gmt":"2004-04-29T13:27:23","slug":"komunikat-prasowy-06-2004","status":"publish","type":"presseerklaerung","link":"https:\/\/www.nationalpark-unteres-odertal.de\/pl\/komunikat-prasowy\/komunikat-prasowy-06-2004\/","title":{"rendered":"Komunikat prasowy 06\/2004"},"content":{"rendered":"<p>\n\t<strong>Sto\u00adwa\u00adrzy\u00adsze\u00adnie wspie\u00adra nowe osto\u00adje pta\u00adk\u00f3w wok\u00f3\u0142 Gartz\/O.<\/strong><\/p>\n<p> Nie cho\u00addzi tyl\u00adko o spe\u0142\u00adnie\u00adnie by\u0107 mo\u017ce iry\u00adtu\u00adj\u0105\u00adcych wymo\u00adg\u00f3w UE, ale bar\u00addziej o zabez\u00adpie\u00adcze\u00adnie naszych natu\u00adral\u00adnych pod\u00adstaw \u017cycia, naszej bio\u00adr\u00f3\u017c\u00adno\u00adrod\u00adno\u00ad\u015bci w lasach i \u0142\u0105kach oraz ochro\u00adn\u0119 naszej ojczy\u00adzny. Sto\u00adwa\u00adrzy\u00adsze\u00adnie Przy\u00adja\u00adci\u00f3\u0142 Pol\u00adsko-Nie\u00admiec\u00adkie\u00adgo Euro\u00adpej\u00adskie\u00adgo Par\u00adku Naro\u00addo\u00adwe\u00adgo Unte\u00adres Ode\u00adrtal e. V. wyra\u017a\u00adnie wyra\u00ad\u017ca plan rz\u0105\u00addu kra\u00adju zwi\u0105z\u00adko\u00adwe\u00adgo Bran\u00adden\u00adbur\u00adgii o wyzna\u00adcze\u00adniu euro\u00adpej\u00adskich ostoi pta\u00adk\u00f3w w rejo\u00adnie Gart\u00adzer. Mog\u0105 two\u00adrzy\u0107 cen\u00adne mosty i odskocz\u00adnie do innych du\u017cych obsza\u00adr\u00f3w chro\u00adnio\u00adnych w Schor\u00adfhe\u00adide i wok\u00f3\u0142 jezior Uckermark.<\/p>\n<p> Nie\u00adko\u00adrzyst\u00adne warun\u00adki eko\u00adno\u00admicz\u00adne lub utra\u00adta miejsc pra\u00adcy nie s\u0105 z tym zwi\u0105\u00adza\u00adne. Natu\u00adral\u00adny kra\u00adjo\u00adbraz jest raczej pod\u00adsta\u00adw\u0105 zr\u00f3w\u00adno\u00adwa\u00ad\u017co\u00adnej eko\u00adtu\u00adry\u00adsty\u00adki, jed\u00adnej z nie\u00adwie\u00adlu mo\u017c\u00adli\u00adwo\u00ad\u015bci gospo\u00addar\u00adczych w odle\u00adg\u0142ym regio\u00adnie&nbsp;Odry.<\/p>\n<p> W ka\u017c\u00addym razie sto\u00adwa\u00adrzy\u00adsze\u00adnie oczy\u00adwi\u00ad\u015bcie udo\u00adst\u0119p\u00adni swo\u00adje obsza\u00adry na tym tere\u00adnie dla euro\u00adpej\u00adskich ostoi ptak\u00f3w.<\/p>\n","protected":false},"featured_media":0,"template":"","categories":[816],"class_list":["post-8861","presseerklaerung","type-presseerklaerung","status-publish","hentry","category-komunikaty-prasowe-stowarzyszenia-parkow-narodowych"],"yoast_head":"<title>Komunikat prasowy 06\/2004 - Nationalpark Unteres Odertal<\/title>\n<meta name=\"robots\" content=\"index, follow, max-snippet:-1, max-image-preview:large, max-video-preview:-1\" \/>\n<link rel=\"canonical\" href=\"https:\/\/www.nationalpark-unteres-odertal.de\/pl\/komunikat-prasowy\/komunikat-prasowy-06-2004\/\" \/>\n<meta property=\"og:locale\" content=\"pl_PL\" \/>\n<meta property=\"og:type\" content=\"article\" \/>\n<meta property=\"og:title\" content=\"Komunikat prasowy 06\/2004 - Nationalpark Unteres Odertal\" \/>\n<meta property=\"og:description\" content=\"Sto\u00adwa\u00adrzy\u00adsze\u00adnie wspie\u00adra nowe osto\u00adje pta\u00adk\u00f3w wok\u00f3\u0142 Gartz\/O. Nie cho\u00addzi tyl\u00adko [&hellip;]\" \/>\n<meta property=\"og:url\" content=\"https:\/\/www.nationalpark-unteres-odertal.de\/pl\/komunikat-prasowy\/komunikat-prasowy-06-2004\/\" \/>\n<meta property=\"og:site_name\" content=\"Nationalpark Unteres Odertal\" \/>\n<meta name=\"twitter:card\" content=\"summary_large_image\" \/>\n<script type=\"application\/ld+json\" class=\"yoast-schema-graph\">{\"@context\":\"https:\/\/schema.org\",\"@graph\":[{\"@type\":\"WebPage\",\"@id\":\"https:\/\/www.nationalpark-unteres-odertal.de\/pl\/komunikat-prasowy\/komunikat-prasowy-06-2004\/\",\"url\":\"https:\/\/www.nationalpark-unteres-odertal.de\/pl\/komunikat-prasowy\/komunikat-prasowy-06-2004\/\",\"name\":\"Komunikat prasowy 06\/2004 - Nationalpark Unteres Odertal\",\"isPartOf\":{\"@id\":\"https:\/\/www.nationalpark-unteres-odertal.de\/pl\/#website\"},\"datePublished\":\"2004-04-29T13:27:23+00:00\",\"dateModified\":\"2004-04-29T13:27:23+00:00\",\"breadcrumb\":{\"@id\":\"https:\/\/www.nationalpark-unteres-odertal.de\/pl\/komunikat-prasowy\/komunikat-prasowy-06-2004\/#breadcrumb\"},\"inLanguage\":\"pl-PL\",\"potentialAction\":[{\"@type\":\"ReadAction\",\"target\":[\"https:\/\/www.nationalpark-unteres-odertal.de\/pl\/komunikat-prasowy\/komunikat-prasowy-06-2004\/\"]}]},{\"@type\":\"BreadcrumbList\",\"@id\":\"https:\/\/www.nationalpark-unteres-odertal.de\/pl\/komunikat-prasowy\/komunikat-prasowy-06-2004\/#breadcrumb\",\"itemListElement\":[{\"@type\":\"ListItem\",\"position\":1,\"name\":\"Strona g\u0142\u00f3wna\",\"item\":\"https:\/\/www.nationalpark-unteres-odertal.de\/pl\/\"},{\"@type\":\"ListItem\",\"position\":2,\"name\":\"Komunikaty prasowe\",\"item\":\"https:\/\/www.nationalpark-unteres-odertal.de\/pl\/komunikat-prasowy\/\"},{\"@type\":\"ListItem\",\"position\":3,\"name\":\"Komunikat prasowy 06\/2004\"}]},{\"@type\":\"WebSite\",\"@id\":\"https:\/\/www.nationalpark-unteres-odertal.de\/pl\/#website\",\"url\":\"https:\/\/www.nationalpark-unteres-odertal.de\/pl\/\",\"name\":\"Nationalpark Unteres Odertal\",\"description\":\"Verein der Freunde des Deutsch-Polnischen Europa-Nationalparks Unteres Odertal e.V. &amp; Nationalparkstiftung Unteres Odertal\",\"publisher\":{\"@id\":\"https:\/\/www.nationalpark-unteres-odertal.de\/pl\/#organization\"},\"potentialAction\":[{\"@type\":\"SearchAction\",\"target\":{\"@type\":\"EntryPoint\",\"urlTemplate\":\"https:\/\/www.nationalpark-unteres-odertal.de\/pl\/?s={search_term_string}\"},\"query-input\":{\"@type\":\"PropertyValueSpecification\",\"valueRequired\":true,\"valueName\":\"search_term_string\"}}],\"inLanguage\":\"pl-PL\"},{\"@type\":\"Organization\",\"@id\":\"https:\/\/www.nationalpark-unteres-odertal.de\/pl\/#organization\",\"name\":\"Verein der Freunde des Deutsch-Polnischen Europa-Nationalparks Unteres Odertal e.V. & Nationalparkstiftung Unteres Odertal\",\"url\":\"https:\/\/www.nationalpark-unteres-odertal.de\/pl\/\",\"logo\":{\"@type\":\"ImageObject\",\"inLanguage\":\"pl-PL\",\"@id\":\"https:\/\/www.nationalpark-unteres-odertal.de\/pl\/#\/schema\/logo\/image\/\",\"url\":\"https:\/\/www.nationalpark-unteres-odertal.de\/wp-content\/uploads\/logos-google.png\",\"contentUrl\":\"https:\/\/www.nationalpark-unteres-odertal.de\/wp-content\/uploads\/logos-google.png\",\"width\":800,\"height\":344,\"caption\":\"Verein der Freunde des Deutsch-Polnischen Europa-Nationalparks Unteres Odertal e.V. & Nationalparkstiftung Unteres Odertal\"},\"image\":{\"@id\":\"https:\/\/www.nationalpark-unteres-odertal.de\/pl\/#\/schema\/logo\/image\/\"}}]}<\/script>","yoast_head_json":{"title":"Komunikat prasowy 06\/2004 - Nationalpark Unteres Odertal","robots":{"index":"index","follow":"follow","max-snippet":"max-snippet:-1","max-image-preview":"max-image-preview:large","max-video-preview":"max-video-preview:-1"},"canonical":"https:\/\/www.nationalpark-unteres-odertal.de\/pl\/komunikat-prasowy\/komunikat-prasowy-06-2004\/","og_locale":"pl_PL","og_type":"article","og_title":"Komunikat prasowy 06\/2004 - Nationalpark Unteres Odertal","og_description":"Sto\u00adwa\u00adrzy\u00adsze\u00adnie wspie\u00adra nowe osto\u00adje pta\u00adk\u00f3w wok\u00f3\u0142 Gartz\/O. Nie cho\u00addzi tyl\u00adko [&hellip;]","og_url":"https:\/\/www.nationalpark-unteres-odertal.de\/pl\/komunikat-prasowy\/komunikat-prasowy-06-2004\/","og_site_name":"Nationalpark Unteres Odertal","twitter_card":"summary_large_image","schema":{"@context":"https:\/\/schema.org","@graph":[{"@type":"WebPage","@id":"https:\/\/www.nationalpark-unteres-odertal.de\/pl\/komunikat-prasowy\/komunikat-prasowy-06-2004\/","url":"https:\/\/www.nationalpark-unteres-odertal.de\/pl\/komunikat-prasowy\/komunikat-prasowy-06-2004\/","name":"Komunikat prasowy 06\/2004 - Nationalpark Unteres Odertal","isPartOf":{"@id":"https:\/\/www.nationalpark-unteres-odertal.de\/pl\/#website"},"datePublished":"2004-04-29T13:27:23+00:00","dateModified":"2004-04-29T13:27:23+00:00","breadcrumb":{"@id":"https:\/\/www.nationalpark-unteres-odertal.de\/pl\/komunikat-prasowy\/komunikat-prasowy-06-2004\/#breadcrumb"},"inLanguage":"pl-PL","potentialAction":[{"@type":"ReadAction","target":["https:\/\/www.nationalpark-unteres-odertal.de\/pl\/komunikat-prasowy\/komunikat-prasowy-06-2004\/"]}]},{"@type":"BreadcrumbList","@id":"https:\/\/www.nationalpark-unteres-odertal.de\/pl\/komunikat-prasowy\/komunikat-prasowy-06-2004\/#breadcrumb","itemListElement":[{"@type":"ListItem","position":1,"name":"Strona g\u0142\u00f3wna","item":"https:\/\/www.nationalpark-unteres-odertal.de\/pl\/"},{"@type":"ListItem","position":2,"name":"Komunikaty prasowe","item":"https:\/\/www.nationalpark-unteres-odertal.de\/pl\/komunikat-prasowy\/"},{"@type":"ListItem","position":3,"name":"Komunikat prasowy 06\/2004"}]},{"@type":"WebSite","@id":"https:\/\/www.nationalpark-unteres-odertal.de\/pl\/#website","url":"https:\/\/www.nationalpark-unteres-odertal.de\/pl\/","name":"Nationalpark Unteres Odertal","description":"Verein der Freunde des Deutsch-Polnischen Europa-Nationalparks Unteres Odertal e.V. &amp; Nationalparkstiftung Unteres Odertal","publisher":{"@id":"https:\/\/www.nationalpark-unteres-odertal.de\/pl\/#organization"},"potentialAction":[{"@type":"SearchAction","target":{"@type":"EntryPoint","urlTemplate":"https:\/\/www.nationalpark-unteres-odertal.de\/pl\/?s={search_term_string}"},"query-input":{"@type":"PropertyValueSpecification","valueRequired":true,"valueName":"search_term_string"}}],"inLanguage":"pl-PL"},{"@type":"Organization","@id":"https:\/\/www.nationalpark-unteres-odertal.de\/pl\/#organization","name":"Verein der Freunde des Deutsch-Polnischen Europa-Nationalparks Unteres Odertal e.V. & Nationalparkstiftung Unteres Odertal","url":"https:\/\/www.nationalpark-unteres-odertal.de\/pl\/","logo":{"@type":"ImageObject","inLanguage":"pl-PL","@id":"https:\/\/www.nationalpark-unteres-odertal.de\/pl\/#\/schema\/logo\/image\/","url":"https:\/\/www.nationalpark-unteres-odertal.de\/wp-content\/uploads\/logos-google.png","contentUrl":"https:\/\/www.nationalpark-unteres-odertal.de\/wp-content\/uploads\/logos-google.png","width":800,"height":344,"caption":"Verein der Freunde des Deutsch-Polnischen Europa-Nationalparks Unteres Odertal e.V. & Nationalparkstiftung Unteres Odertal"},"image":{"@id":"https:\/\/www.nationalpark-unteres-odertal.de\/pl\/#\/schema\/logo\/image\/"}}]}},"_links":{"self":[{"href":"https:\/\/www.nationalpark-unteres-odertal.de\/pl\/wp-json\/wp\/v2\/presseerklaerung\/8861","targetHints":{"allow":["GET"]}}],"collection":[{"href":"https:\/\/www.nationalpark-unteres-odertal.de\/pl\/wp-json\/wp\/v2\/presseerklaerung"}],"about":[{"href":"https:\/\/www.nationalpark-unteres-odertal.de\/pl\/wp-json\/wp\/v2\/types\/presseerklaerung"}],"wp:attachment":[{"href":"https:\/\/www.nationalpark-unteres-odertal.de\/pl\/wp-json\/wp\/v2\/media?parent=8861"}],"wp:term":[{"taxonomy":"category","embeddable":true,"href":"https:\/\/www.nationalpark-unteres-odertal.de\/pl\/wp-json\/wp\/v2\/categories?post=8861"}],"curies":[{"name":"wp","href":"https:\/\/api.w.org\/{rel}","templated":true}]}}