{"id":8863,"date":"2003-10-23T23:18:29","date_gmt":"2003-10-23T21:18:29","guid":{"rendered":"https:\/\/2021.nationalpark-unteres-odertal.de\/presseerklaerung\/komunikat-prasowy-04-2003\/"},"modified":"2003-10-23T23:18:29","modified_gmt":"2003-10-23T21:18:29","slug":"komunikat-prasowy-04-2003","status":"publish","type":"presseerklaerung","link":"https:\/\/www.nationalpark-unteres-odertal.de\/pl\/komunikat-prasowy\/komunikat-prasowy-04-2003\/","title":{"rendered":"Komunikat prasowy 04\/2003"},"content":{"rendered":"<p>\n Pre\u00adzes Towa\u00adrzy\u00adstwa Przy\u00adja\u00adci\u00f3\u0142 Pol\u00adsko-Nie\u00admiec\u00adkie\u00adgo Euro\u00adpej\u00adskie\u00adgo Par\u00adku Naro\u00addo\u00adwe\u00adgo Doli\u00adna Dol\u00adnej Odry Tho\u00admas Berg wyja\u015bnia:<\/p>\n<p>\t<strong>Schwedt musi sta\u0107 si\u0119 cen\u00adtrum wyko\u00adrzy\u00adsta\u00adnia surow\u00adc\u00f3w odnawialnych<\/strong><\/p>\n<p> Schwedt i region par\u00adku naro\u00addo\u00adwe\u00adgo Doli\u00adny Dol\u00adnej Odry maj\u0105 du\u017ce szan\u00adse na prze\u00adkszta\u0142\u00adce\u00adnie si\u0119 w cen\u00adtrum surow\u00adc\u00f3w odna\u00adwial\u00adnych. Mia\u00adsto Schwedt, powiat Ucker\u00admark i Mini\u00adster\u00adstwo Gospo\u00addar\u00adki Bran\u00adden\u00adbur\u00adgii musz\u0105 w pe\u0142\u00adni wyko\u00adrzy\u00adsta\u0107 te mo\u017cliwo\u015bci.<\/p>\n<p> Wresz\u00adcie, na obsza\u00adrach ochro\u00adny przy\u00adro\u00addy znaj\u00addu\u00adje si\u0119 znacz\u00adna ilo\u015b\u0107 bio\u00adma\u00adsy, kt\u00f3\u00adr\u0105 mo\u017c\u00adna wyko\u00adrzy\u00adsta\u0107 zar\u00f3w\u00adno w bio\u00adga\u00adzow\u00adniach, jak i ter\u00admicz\u00adnie w przed\u00adsi\u0119\u00adbior\u00adstwach prze\u00admy\u00ads\u0142o\u00adwych Schwedt. Otwie\u00adra to nowe for\u00admy wsp\u00f3\u0142\u00adpra\u00adcy biz\u00adne\u00adsu z ochro\u00adn\u0105 przy\u00adro\u00addy w regio\u00adnie par\u00adk\u00f3w narodowych.<\/p>\n<p> Poli\u00adty\u00adka gospo\u00addar\u00adcza Schwedt nie mo\u017ce jed\u00adno\u00adstron\u00adnie kon\u00adcen\u00adtro\u00adwa\u0107 si\u0119 na nie\u00aduza\u00adsad\u00adnio\u00adnych eko\u00adno\u00admicz\u00adnie \u015brod\u00adkach budo\u00adwy tras komu\u00adni\u00adka\u00adcyj\u00adnych. Tutaj nie\u00adpo\u00adtrzeb\u00adnie pro\u00addu\u00adku\u00adje si\u0119 dzi\u015b pora\u017c\u00adki jutra, ponie\u00adwa\u017c resz\u00adta repu\u00adbli\u00adki nie b\u0119dzie na d\u0142u\u017c\u00adsz\u0105 met\u0119 goto\u00adwa na finan\u00adso\u00adwa\u00adnie dro\u00adgich, p\u00f3\u017a\u00adniej nie\u00adu\u017cy\u00adwa\u00adnych i nie\u00adwy\u00adko\u00adrzy\u00adsta\u00adnych tras komu\u00adni\u00adka\u00adcyj\u00adnych dla Schwedt bez koniecz\u00adno\u00ad\u015bci eko\u00adno\u00admicz\u00adnej. Wa\u017c\u00adniej\u00adsze s\u0105 pio\u00adnier\u00adskie tech\u00adno\u00adlo\u00adgie prze\u00admy\u00ads\u0142o\u00adwe, kt\u00f3\u00adre dobrze wsp\u00f3\u0142\u00adgra\u00adj\u0105 z zak\u0142a\u00addem papier\u00adni\u00adczym i che\u00admicz\u00adnym w Schwedt. Ryn\u00adki i loka\u00adli\u00adza\u00adcje s\u0105 obec\u00adnie dys\u00adtry\u00adbu\u00adowa\u00adne. Schwedt m\u00f3g\u0142 i powi\u00adnien gra\u0107 w pierw\u00adszej&nbsp;lidze.<\/p>\n<p> Rada dyrektor\u00f3w<\/p>\n","protected":false},"featured_media":0,"template":"","categories":[816],"class_list":["post-8863","presseerklaerung","type-presseerklaerung","status-publish","hentry","category-komunikaty-prasowe-stowarzyszenia-parkow-narodowych"],"yoast_head":"<title>Komunikat prasowy 04\/2003 - Nationalpark Unteres Odertal<\/title>\n<meta name=\"robots\" content=\"index, follow, max-snippet:-1, max-image-preview:large, max-video-preview:-1\" \/>\n<link rel=\"canonical\" href=\"https:\/\/www.nationalpark-unteres-odertal.de\/pl\/komunikat-prasowy\/komunikat-prasowy-04-2003\/\" \/>\n<meta property=\"og:locale\" content=\"pl_PL\" \/>\n<meta property=\"og:type\" content=\"article\" \/>\n<meta property=\"og:title\" content=\"Komunikat prasowy 04\/2003 - Nationalpark Unteres Odertal\" \/>\n<meta property=\"og:description\" content=\"Pre\u00adzes Towa\u00adrzy\u00adstwa Przy\u00adja\u00adci\u00f3\u0142 Pol\u00adsko-Nie\u00admiec\u00adkie\u00adgo Euro\u00adpej\u00adskie\u00adgo Par\u00adku Naro\u00addo\u00adwe\u00adgo Doli\u00adna Dol\u00adnej Odry [&hellip;]\" \/>\n<meta property=\"og:url\" content=\"https:\/\/www.nationalpark-unteres-odertal.de\/pl\/komunikat-prasowy\/komunikat-prasowy-04-2003\/\" \/>\n<meta property=\"og:site_name\" content=\"Nationalpark Unteres Odertal\" \/>\n<meta name=\"twitter:card\" content=\"summary_large_image\" \/>\n<script type=\"application\/ld+json\" class=\"yoast-schema-graph\">{\"@context\":\"https:\/\/schema.org\",\"@graph\":[{\"@type\":\"WebPage\",\"@id\":\"https:\/\/www.nationalpark-unteres-odertal.de\/pl\/komunikat-prasowy\/komunikat-prasowy-04-2003\/\",\"url\":\"https:\/\/www.nationalpark-unteres-odertal.de\/pl\/komunikat-prasowy\/komunikat-prasowy-04-2003\/\",\"name\":\"Komunikat prasowy 04\/2003 - Nationalpark Unteres Odertal\",\"isPartOf\":{\"@id\":\"https:\/\/www.nationalpark-unteres-odertal.de\/pl\/#website\"},\"datePublished\":\"2003-10-23T21:18:29+00:00\",\"dateModified\":\"2003-10-23T21:18:29+00:00\",\"breadcrumb\":{\"@id\":\"https:\/\/www.nationalpark-unteres-odertal.de\/pl\/komunikat-prasowy\/komunikat-prasowy-04-2003\/#breadcrumb\"},\"inLanguage\":\"pl-PL\",\"potentialAction\":[{\"@type\":\"ReadAction\",\"target\":[\"https:\/\/www.nationalpark-unteres-odertal.de\/pl\/komunikat-prasowy\/komunikat-prasowy-04-2003\/\"]}]},{\"@type\":\"BreadcrumbList\",\"@id\":\"https:\/\/www.nationalpark-unteres-odertal.de\/pl\/komunikat-prasowy\/komunikat-prasowy-04-2003\/#breadcrumb\",\"itemListElement\":[{\"@type\":\"ListItem\",\"position\":1,\"name\":\"Strona g\u0142\u00f3wna\",\"item\":\"https:\/\/www.nationalpark-unteres-odertal.de\/pl\/\"},{\"@type\":\"ListItem\",\"position\":2,\"name\":\"Komunikaty prasowe\",\"item\":\"https:\/\/www.nationalpark-unteres-odertal.de\/pl\/komunikat-prasowy\/\"},{\"@type\":\"ListItem\",\"position\":3,\"name\":\"Komunikat prasowy 04\/2003\"}]},{\"@type\":\"WebSite\",\"@id\":\"https:\/\/www.nationalpark-unteres-odertal.de\/pl\/#website\",\"url\":\"https:\/\/www.nationalpark-unteres-odertal.de\/pl\/\",\"name\":\"Nationalpark Unteres Odertal\",\"description\":\"Verein der Freunde des Deutsch-Polnischen Europa-Nationalparks Unteres Odertal e.V. &amp; Nationalparkstiftung Unteres Odertal\",\"publisher\":{\"@id\":\"https:\/\/www.nationalpark-unteres-odertal.de\/pl\/#organization\"},\"potentialAction\":[{\"@type\":\"SearchAction\",\"target\":{\"@type\":\"EntryPoint\",\"urlTemplate\":\"https:\/\/www.nationalpark-unteres-odertal.de\/pl\/?s={search_term_string}\"},\"query-input\":{\"@type\":\"PropertyValueSpecification\",\"valueRequired\":true,\"valueName\":\"search_term_string\"}}],\"inLanguage\":\"pl-PL\"},{\"@type\":\"Organization\",\"@id\":\"https:\/\/www.nationalpark-unteres-odertal.de\/pl\/#organization\",\"name\":\"Verein der Freunde des Deutsch-Polnischen Europa-Nationalparks Unteres Odertal e.V. & Nationalparkstiftung Unteres Odertal\",\"url\":\"https:\/\/www.nationalpark-unteres-odertal.de\/pl\/\",\"logo\":{\"@type\":\"ImageObject\",\"inLanguage\":\"pl-PL\",\"@id\":\"https:\/\/www.nationalpark-unteres-odertal.de\/pl\/#\/schema\/logo\/image\/\",\"url\":\"https:\/\/www.nationalpark-unteres-odertal.de\/wp-content\/uploads\/logos-google.png\",\"contentUrl\":\"https:\/\/www.nationalpark-unteres-odertal.de\/wp-content\/uploads\/logos-google.png\",\"width\":800,\"height\":344,\"caption\":\"Verein der Freunde des Deutsch-Polnischen Europa-Nationalparks Unteres Odertal e.V. & Nationalparkstiftung Unteres Odertal\"},\"image\":{\"@id\":\"https:\/\/www.nationalpark-unteres-odertal.de\/pl\/#\/schema\/logo\/image\/\"}}]}<\/script>","yoast_head_json":{"title":"Komunikat prasowy 04\/2003 - Nationalpark Unteres Odertal","robots":{"index":"index","follow":"follow","max-snippet":"max-snippet:-1","max-image-preview":"max-image-preview:large","max-video-preview":"max-video-preview:-1"},"canonical":"https:\/\/www.nationalpark-unteres-odertal.de\/pl\/komunikat-prasowy\/komunikat-prasowy-04-2003\/","og_locale":"pl_PL","og_type":"article","og_title":"Komunikat prasowy 04\/2003 - Nationalpark Unteres Odertal","og_description":"Pre\u00adzes Towa\u00adrzy\u00adstwa Przy\u00adja\u00adci\u00f3\u0142 Pol\u00adsko-Nie\u00admiec\u00adkie\u00adgo Euro\u00adpej\u00adskie\u00adgo Par\u00adku Naro\u00addo\u00adwe\u00adgo Doli\u00adna Dol\u00adnej Odry [&hellip;]","og_url":"https:\/\/www.nationalpark-unteres-odertal.de\/pl\/komunikat-prasowy\/komunikat-prasowy-04-2003\/","og_site_name":"Nationalpark Unteres Odertal","twitter_card":"summary_large_image","schema":{"@context":"https:\/\/schema.org","@graph":[{"@type":"WebPage","@id":"https:\/\/www.nationalpark-unteres-odertal.de\/pl\/komunikat-prasowy\/komunikat-prasowy-04-2003\/","url":"https:\/\/www.nationalpark-unteres-odertal.de\/pl\/komunikat-prasowy\/komunikat-prasowy-04-2003\/","name":"Komunikat prasowy 04\/2003 - Nationalpark Unteres Odertal","isPartOf":{"@id":"https:\/\/www.nationalpark-unteres-odertal.de\/pl\/#website"},"datePublished":"2003-10-23T21:18:29+00:00","dateModified":"2003-10-23T21:18:29+00:00","breadcrumb":{"@id":"https:\/\/www.nationalpark-unteres-odertal.de\/pl\/komunikat-prasowy\/komunikat-prasowy-04-2003\/#breadcrumb"},"inLanguage":"pl-PL","potentialAction":[{"@type":"ReadAction","target":["https:\/\/www.nationalpark-unteres-odertal.de\/pl\/komunikat-prasowy\/komunikat-prasowy-04-2003\/"]}]},{"@type":"BreadcrumbList","@id":"https:\/\/www.nationalpark-unteres-odertal.de\/pl\/komunikat-prasowy\/komunikat-prasowy-04-2003\/#breadcrumb","itemListElement":[{"@type":"ListItem","position":1,"name":"Strona g\u0142\u00f3wna","item":"https:\/\/www.nationalpark-unteres-odertal.de\/pl\/"},{"@type":"ListItem","position":2,"name":"Komunikaty prasowe","item":"https:\/\/www.nationalpark-unteres-odertal.de\/pl\/komunikat-prasowy\/"},{"@type":"ListItem","position":3,"name":"Komunikat prasowy 04\/2003"}]},{"@type":"WebSite","@id":"https:\/\/www.nationalpark-unteres-odertal.de\/pl\/#website","url":"https:\/\/www.nationalpark-unteres-odertal.de\/pl\/","name":"Nationalpark Unteres Odertal","description":"Verein der Freunde des Deutsch-Polnischen Europa-Nationalparks Unteres Odertal e.V. &amp; Nationalparkstiftung Unteres Odertal","publisher":{"@id":"https:\/\/www.nationalpark-unteres-odertal.de\/pl\/#organization"},"potentialAction":[{"@type":"SearchAction","target":{"@type":"EntryPoint","urlTemplate":"https:\/\/www.nationalpark-unteres-odertal.de\/pl\/?s={search_term_string}"},"query-input":{"@type":"PropertyValueSpecification","valueRequired":true,"valueName":"search_term_string"}}],"inLanguage":"pl-PL"},{"@type":"Organization","@id":"https:\/\/www.nationalpark-unteres-odertal.de\/pl\/#organization","name":"Verein der Freunde des Deutsch-Polnischen Europa-Nationalparks Unteres Odertal e.V. & Nationalparkstiftung Unteres Odertal","url":"https:\/\/www.nationalpark-unteres-odertal.de\/pl\/","logo":{"@type":"ImageObject","inLanguage":"pl-PL","@id":"https:\/\/www.nationalpark-unteres-odertal.de\/pl\/#\/schema\/logo\/image\/","url":"https:\/\/www.nationalpark-unteres-odertal.de\/wp-content\/uploads\/logos-google.png","contentUrl":"https:\/\/www.nationalpark-unteres-odertal.de\/wp-content\/uploads\/logos-google.png","width":800,"height":344,"caption":"Verein der Freunde des Deutsch-Polnischen Europa-Nationalparks Unteres Odertal e.V. & Nationalparkstiftung Unteres Odertal"},"image":{"@id":"https:\/\/www.nationalpark-unteres-odertal.de\/pl\/#\/schema\/logo\/image\/"}}]}},"_links":{"self":[{"href":"https:\/\/www.nationalpark-unteres-odertal.de\/pl\/wp-json\/wp\/v2\/presseerklaerung\/8863","targetHints":{"allow":["GET"]}}],"collection":[{"href":"https:\/\/www.nationalpark-unteres-odertal.de\/pl\/wp-json\/wp\/v2\/presseerklaerung"}],"about":[{"href":"https:\/\/www.nationalpark-unteres-odertal.de\/pl\/wp-json\/wp\/v2\/types\/presseerklaerung"}],"wp:attachment":[{"href":"https:\/\/www.nationalpark-unteres-odertal.de\/pl\/wp-json\/wp\/v2\/media?parent=8863"}],"wp:term":[{"taxonomy":"category","embeddable":true,"href":"https:\/\/www.nationalpark-unteres-odertal.de\/pl\/wp-json\/wp\/v2\/categories?post=8863"}],"curies":[{"name":"wp","href":"https:\/\/api.w.org\/{rel}","templated":true}]}}