{"id":8867,"date":"2004-04-22T15:22:32","date_gmt":"2004-04-22T13:22:32","guid":{"rendered":"https:\/\/2021.nationalpark-unteres-odertal.de\/presseerklaerung\/komunikat-prasowy-05-2004\/"},"modified":"2004-04-22T15:22:32","modified_gmt":"2004-04-22T13:22:32","slug":"komunikat-prasowy-05-2004","status":"publish","type":"presseerklaerung","link":"https:\/\/www.nationalpark-unteres-odertal.de\/pl\/komunikat-prasowy\/komunikat-prasowy-05-2004\/","title":{"rendered":"Komunikat prasowy 05\/2004"},"content":{"rendered":"<p>\n\t<strong>Przy\u00adsz\u0142o\u015b\u0107 regio\u00adnu le\u017cy w edu\u00adka\u00adcji i kwalifikacjach<\/strong><\/p>\n<p> Pre\u00adzes Sto\u00adwa\u00adrzy\u00adsze\u00adnia Przy\u00adja\u00adci\u00f3\u0142 Pol\u00adsko-Nie\u00admiec\u00adkie\u00adgo Euro\u00adpej\u00adskie\u00adgo Par\u00adku Naro\u00addo\u00adwe\u00adgo Unte\u00adres Ode\u00adrtal e. V. Tho\u00admas&nbsp;Berg:<\/p>\n<p> \u201eBada\u00adnie zle\u00adco\u00adne przez admi\u00adni\u00adstra\u00adcj\u0119 mia\u00adsta Schwedt wyzna\u00adcza sze\u00adreg nowych akcen\u00adt\u00f3w, kt\u00f3\u00adre do tej pory by\u0142y pomi\u00adja\u00adne przez poli\u00adty\u00adk\u00f3w Schwedt. Przy\u00adsz\u0142o\u015b\u0107 loka\u00adli\u00adza\u00adcji prze\u00admy\u00ads\u0142o\u00adwej le\u017cy w edu\u00adka\u00adcji i kwa\u00adli\u00adfi\u00adka\u00adcjach. Trze\u00adba napra\u00adwi\u0107 b\u0142\u0105d pole\u00adga\u00adj\u0105\u00adcy na nie spro\u00adwa\u00addza\u00adniu uczel\u00adni tech\u00adnicz\u00adnej do mia\u00adsta. Jako roz\u00adbu\u00addo\u00adwa\u00adny warsz\u00adtat, region Odry nie ma szans po wej\u00ad\u015bciu Pol\u00adski do UE, p\u0142a\u00adce na wscho\u00addzie s\u0105 bez\u00adkon\u00adku\u00adren\u00adcyj\u00adnie niskie. W Niem\u00adczech, kra\u00adju o wyso\u00adkich zarob\u00adkach, nale\u00ad\u017cy po\u0142o\u00ad\u017cy\u0107 nacisk na jako\u015b\u0107, w prze\u00adciw\u00adnym razie nega\u00adtyw\u00adny sce\u00adna\u00adriusz bada\u00adnia z 26 000 miesz\u00adka\u0144\u00adc\u00f3w w 2020 r. jest bar\u00addziej praw\u00addo\u00adpo\u00addob\u00adny dla Schwedt ni\u017c pozy\u00adtyw\u00adny sce\u00adna\u00adriusz z 36 000 miesz\u00adka\u0144\u00adc\u00f3w. Dla stu\u00addium eko\u00adno\u00admicz\u00adne\u00adgo zro\u00adzu\u00admia\u00ad\u0142e jest, \u017ce lista \u017cycze\u0144 zawie\u00adra mak\u00adsy\u00admal\u00adne roz\u00adsze\u00adrze\u00adnie wszyst\u00adkich mo\u017c\u00adli\u00adwych tras trans\u00adpor\u00adto\u00adwych. Jed\u00adnak ze wzgl\u0119\u00addu na og\u00f3l\u00adnie napi\u0119\u00adte bud\u017ce\u00adty nale\u00ad\u017cy usta\u00adli\u0107 prio\u00adry\u00adte\u00adty, kt\u00f3\u00adre wyra\u017a\u00adnie doty\u00adcz\u0105 po\u0142\u0105\u00adcze\u00adnia dro\u00adgo\u00adwe\u00adgo i kole\u00adjo\u00adwe\u00adgo Ber\u00adlin \u2013 Schwedt \u2013 Szczecin.<\/p>\n<p> W opra\u00adco\u00adwa\u00adniu pomi\u00adni\u0119\u00adto tzw. mi\u0119k\u00adkie czyn\u00adni\u00adki loka\u00adli\u00adza\u00adcyj\u00adne, kul\u00adtu\u00adr\u0119, kt\u00f3\u00adra obec\u00adnie maso\u00adwo roz\u00adwi\u00adja si\u0119 w Schwedt na rzecz asfal\u00adtu i beto\u00adnu, ale tak\u00ad\u017ce tury\u00adsty\u00adki i ochro\u00adny przy\u00adro\u00addy. Region musi zaak\u00adcep\u00adto\u00adwa\u0107 sw\u00f3j park naro\u00addo\u00adwy, kt\u00f3\u00adry jest struk\u00adtu\u00adral\u00adnie nie\u00adod\u00adwra\u00adcal\u00adny, i agre\u00adsyw\u00adnie wyko\u00adrzy\u00adsty\u00adwa\u0107 go jako pozy\u00adtyw\u00adny czyn\u00adnik loka\u00adli\u00adza\u00adcyj\u00adny. Wte\u00addy szan\u00adse&nbsp;rosn\u0105\u201d.<\/p>\n","protected":false},"featured_media":0,"template":"","categories":[816],"class_list":["post-8867","presseerklaerung","type-presseerklaerung","status-publish","hentry","category-komunikaty-prasowe-stowarzyszenia-parkow-narodowych"],"yoast_head":"<title>Komunikat prasowy 05\/2004 - Nationalpark Unteres Odertal<\/title>\n<meta name=\"robots\" content=\"index, follow, max-snippet:-1, max-image-preview:large, max-video-preview:-1\" \/>\n<link rel=\"canonical\" href=\"https:\/\/www.nationalpark-unteres-odertal.de\/pl\/komunikat-prasowy\/komunikat-prasowy-05-2004\/\" \/>\n<meta property=\"og:locale\" content=\"pl_PL\" \/>\n<meta property=\"og:type\" content=\"article\" \/>\n<meta property=\"og:title\" content=\"Komunikat prasowy 05\/2004 - Nationalpark Unteres Odertal\" \/>\n<meta property=\"og:description\" content=\"Przy\u00adsz\u0142o\u015b\u0107 regio\u00adnu le\u017cy w edu\u00adka\u00adcji i kwalifikacjach Pre\u00adzes Sto\u00adwa\u00adrzy\u00adsze\u00adnia Przy\u00adja\u00adci\u00f3\u0142 [&hellip;]\" \/>\n<meta property=\"og:url\" content=\"https:\/\/www.nationalpark-unteres-odertal.de\/pl\/komunikat-prasowy\/komunikat-prasowy-05-2004\/\" \/>\n<meta property=\"og:site_name\" content=\"Nationalpark Unteres Odertal\" \/>\n<meta name=\"twitter:card\" content=\"summary_large_image\" \/>\n<script type=\"application\/ld+json\" class=\"yoast-schema-graph\">{\"@context\":\"https:\/\/schema.org\",\"@graph\":[{\"@type\":\"WebPage\",\"@id\":\"https:\/\/www.nationalpark-unteres-odertal.de\/pl\/komunikat-prasowy\/komunikat-prasowy-05-2004\/\",\"url\":\"https:\/\/www.nationalpark-unteres-odertal.de\/pl\/komunikat-prasowy\/komunikat-prasowy-05-2004\/\",\"name\":\"Komunikat prasowy 05\/2004 - Nationalpark Unteres Odertal\",\"isPartOf\":{\"@id\":\"https:\/\/www.nationalpark-unteres-odertal.de\/pl\/#website\"},\"datePublished\":\"2004-04-22T13:22:32+00:00\",\"dateModified\":\"2004-04-22T13:22:32+00:00\",\"breadcrumb\":{\"@id\":\"https:\/\/www.nationalpark-unteres-odertal.de\/pl\/komunikat-prasowy\/komunikat-prasowy-05-2004\/#breadcrumb\"},\"inLanguage\":\"pl-PL\",\"potentialAction\":[{\"@type\":\"ReadAction\",\"target\":[\"https:\/\/www.nationalpark-unteres-odertal.de\/pl\/komunikat-prasowy\/komunikat-prasowy-05-2004\/\"]}]},{\"@type\":\"BreadcrumbList\",\"@id\":\"https:\/\/www.nationalpark-unteres-odertal.de\/pl\/komunikat-prasowy\/komunikat-prasowy-05-2004\/#breadcrumb\",\"itemListElement\":[{\"@type\":\"ListItem\",\"position\":1,\"name\":\"Strona g\u0142\u00f3wna\",\"item\":\"https:\/\/www.nationalpark-unteres-odertal.de\/pl\/\"},{\"@type\":\"ListItem\",\"position\":2,\"name\":\"Komunikaty prasowe\",\"item\":\"https:\/\/www.nationalpark-unteres-odertal.de\/pl\/komunikat-prasowy\/\"},{\"@type\":\"ListItem\",\"position\":3,\"name\":\"Komunikat prasowy 05\/2004\"}]},{\"@type\":\"WebSite\",\"@id\":\"https:\/\/www.nationalpark-unteres-odertal.de\/pl\/#website\",\"url\":\"https:\/\/www.nationalpark-unteres-odertal.de\/pl\/\",\"name\":\"Nationalpark Unteres Odertal\",\"description\":\"Verein der Freunde des Deutsch-Polnischen Europa-Nationalparks Unteres Odertal e.V. &amp; Nationalparkstiftung Unteres Odertal\",\"publisher\":{\"@id\":\"https:\/\/www.nationalpark-unteres-odertal.de\/pl\/#organization\"},\"potentialAction\":[{\"@type\":\"SearchAction\",\"target\":{\"@type\":\"EntryPoint\",\"urlTemplate\":\"https:\/\/www.nationalpark-unteres-odertal.de\/pl\/?s={search_term_string}\"},\"query-input\":{\"@type\":\"PropertyValueSpecification\",\"valueRequired\":true,\"valueName\":\"search_term_string\"}}],\"inLanguage\":\"pl-PL\"},{\"@type\":\"Organization\",\"@id\":\"https:\/\/www.nationalpark-unteres-odertal.de\/pl\/#organization\",\"name\":\"Verein der Freunde des Deutsch-Polnischen Europa-Nationalparks Unteres Odertal e.V. & Nationalparkstiftung Unteres Odertal\",\"url\":\"https:\/\/www.nationalpark-unteres-odertal.de\/pl\/\",\"logo\":{\"@type\":\"ImageObject\",\"inLanguage\":\"pl-PL\",\"@id\":\"https:\/\/www.nationalpark-unteres-odertal.de\/pl\/#\/schema\/logo\/image\/\",\"url\":\"https:\/\/www.nationalpark-unteres-odertal.de\/wp-content\/uploads\/logos-google.png\",\"contentUrl\":\"https:\/\/www.nationalpark-unteres-odertal.de\/wp-content\/uploads\/logos-google.png\",\"width\":800,\"height\":344,\"caption\":\"Verein der Freunde des Deutsch-Polnischen Europa-Nationalparks Unteres Odertal e.V. & Nationalparkstiftung Unteres Odertal\"},\"image\":{\"@id\":\"https:\/\/www.nationalpark-unteres-odertal.de\/pl\/#\/schema\/logo\/image\/\"}}]}<\/script>","yoast_head_json":{"title":"Komunikat prasowy 05\/2004 - Nationalpark Unteres Odertal","robots":{"index":"index","follow":"follow","max-snippet":"max-snippet:-1","max-image-preview":"max-image-preview:large","max-video-preview":"max-video-preview:-1"},"canonical":"https:\/\/www.nationalpark-unteres-odertal.de\/pl\/komunikat-prasowy\/komunikat-prasowy-05-2004\/","og_locale":"pl_PL","og_type":"article","og_title":"Komunikat prasowy 05\/2004 - Nationalpark Unteres Odertal","og_description":"Przy\u00adsz\u0142o\u015b\u0107 regio\u00adnu le\u017cy w edu\u00adka\u00adcji i kwalifikacjach Pre\u00adzes Sto\u00adwa\u00adrzy\u00adsze\u00adnia Przy\u00adja\u00adci\u00f3\u0142 [&hellip;]","og_url":"https:\/\/www.nationalpark-unteres-odertal.de\/pl\/komunikat-prasowy\/komunikat-prasowy-05-2004\/","og_site_name":"Nationalpark Unteres Odertal","twitter_card":"summary_large_image","schema":{"@context":"https:\/\/schema.org","@graph":[{"@type":"WebPage","@id":"https:\/\/www.nationalpark-unteres-odertal.de\/pl\/komunikat-prasowy\/komunikat-prasowy-05-2004\/","url":"https:\/\/www.nationalpark-unteres-odertal.de\/pl\/komunikat-prasowy\/komunikat-prasowy-05-2004\/","name":"Komunikat prasowy 05\/2004 - Nationalpark Unteres Odertal","isPartOf":{"@id":"https:\/\/www.nationalpark-unteres-odertal.de\/pl\/#website"},"datePublished":"2004-04-22T13:22:32+00:00","dateModified":"2004-04-22T13:22:32+00:00","breadcrumb":{"@id":"https:\/\/www.nationalpark-unteres-odertal.de\/pl\/komunikat-prasowy\/komunikat-prasowy-05-2004\/#breadcrumb"},"inLanguage":"pl-PL","potentialAction":[{"@type":"ReadAction","target":["https:\/\/www.nationalpark-unteres-odertal.de\/pl\/komunikat-prasowy\/komunikat-prasowy-05-2004\/"]}]},{"@type":"BreadcrumbList","@id":"https:\/\/www.nationalpark-unteres-odertal.de\/pl\/komunikat-prasowy\/komunikat-prasowy-05-2004\/#breadcrumb","itemListElement":[{"@type":"ListItem","position":1,"name":"Strona g\u0142\u00f3wna","item":"https:\/\/www.nationalpark-unteres-odertal.de\/pl\/"},{"@type":"ListItem","position":2,"name":"Komunikaty prasowe","item":"https:\/\/www.nationalpark-unteres-odertal.de\/pl\/komunikat-prasowy\/"},{"@type":"ListItem","position":3,"name":"Komunikat prasowy 05\/2004"}]},{"@type":"WebSite","@id":"https:\/\/www.nationalpark-unteres-odertal.de\/pl\/#website","url":"https:\/\/www.nationalpark-unteres-odertal.de\/pl\/","name":"Nationalpark Unteres Odertal","description":"Verein der Freunde des Deutsch-Polnischen Europa-Nationalparks Unteres Odertal e.V. &amp; Nationalparkstiftung Unteres Odertal","publisher":{"@id":"https:\/\/www.nationalpark-unteres-odertal.de\/pl\/#organization"},"potentialAction":[{"@type":"SearchAction","target":{"@type":"EntryPoint","urlTemplate":"https:\/\/www.nationalpark-unteres-odertal.de\/pl\/?s={search_term_string}"},"query-input":{"@type":"PropertyValueSpecification","valueRequired":true,"valueName":"search_term_string"}}],"inLanguage":"pl-PL"},{"@type":"Organization","@id":"https:\/\/www.nationalpark-unteres-odertal.de\/pl\/#organization","name":"Verein der Freunde des Deutsch-Polnischen Europa-Nationalparks Unteres Odertal e.V. & Nationalparkstiftung Unteres Odertal","url":"https:\/\/www.nationalpark-unteres-odertal.de\/pl\/","logo":{"@type":"ImageObject","inLanguage":"pl-PL","@id":"https:\/\/www.nationalpark-unteres-odertal.de\/pl\/#\/schema\/logo\/image\/","url":"https:\/\/www.nationalpark-unteres-odertal.de\/wp-content\/uploads\/logos-google.png","contentUrl":"https:\/\/www.nationalpark-unteres-odertal.de\/wp-content\/uploads\/logos-google.png","width":800,"height":344,"caption":"Verein der Freunde des Deutsch-Polnischen Europa-Nationalparks Unteres Odertal e.V. & Nationalparkstiftung Unteres Odertal"},"image":{"@id":"https:\/\/www.nationalpark-unteres-odertal.de\/pl\/#\/schema\/logo\/image\/"}}]}},"_links":{"self":[{"href":"https:\/\/www.nationalpark-unteres-odertal.de\/pl\/wp-json\/wp\/v2\/presseerklaerung\/8867","targetHints":{"allow":["GET"]}}],"collection":[{"href":"https:\/\/www.nationalpark-unteres-odertal.de\/pl\/wp-json\/wp\/v2\/presseerklaerung"}],"about":[{"href":"https:\/\/www.nationalpark-unteres-odertal.de\/pl\/wp-json\/wp\/v2\/types\/presseerklaerung"}],"wp:attachment":[{"href":"https:\/\/www.nationalpark-unteres-odertal.de\/pl\/wp-json\/wp\/v2\/media?parent=8867"}],"wp:term":[{"taxonomy":"category","embeddable":true,"href":"https:\/\/www.nationalpark-unteres-odertal.de\/pl\/wp-json\/wp\/v2\/categories?post=8867"}],"curies":[{"name":"wp","href":"https:\/\/api.w.org\/{rel}","templated":true}]}}