{"id":8868,"date":"2003-04-09T17:12:58","date_gmt":"2003-04-09T15:12:58","guid":{"rendered":"https:\/\/2021.nationalpark-unteres-odertal.de\/presseerklaerung\/komunikat-prasowy-02-2003\/"},"modified":"2003-04-09T17:12:58","modified_gmt":"2003-04-09T15:12:58","slug":"komunikat-prasowy-02-2003","status":"publish","type":"presseerklaerung","link":"https:\/\/www.nationalpark-unteres-odertal.de\/pl\/komunikat-prasowy\/komunikat-prasowy-02-2003\/","title":{"rendered":"Komunikat prasowy 02\/2003"},"content":{"rendered":"<p>\n\t<strong>O dodat\u00adnim bilan\u00adsie \u2013 kon\u00adfe\u00adren\u00adcja pra\u00adso\u00adwa Rol\u00adfa Die\u00adtri\u00adcha, Was\u00adser- und Schiff\u00adfahrt\u00adsamt Eber\u00adswal\u00adde<\/strong> -<\/p>\n<p>\n wyja\u00ad\u015bnia stowarzyszenie:<\/p>\n<p>\n 1. Sko\u00adro port w Schwedt roz\u00adwi\u00adja si\u0119 ju\u017c tak pomy\u015bl\u00adnie, jak chcia\u0142\u00adby wie\u00adrzy\u0107 Rolf Die\u00adtrich, dla\u00adcze\u00adgo kosz\u00adtow\u00adna roz\u00adbu\u00addo\u00adwa Hohen\u00adsa\u00adaten-Frie\u00addrich\u00adstha\u00adler Was\u00adser\u00adstras\u00adse (HoFri\u00adWa) dla \u017ceglarzy?<\/p>\n<p>\n 2. Ist\u00adnie\u00adj\u0105\u00adcy port w Schwedt ozna\u00adcza brak zanie\u00adczysz\u00adcze\u0144 dla ochro\u00adny przy\u00adro\u00addy, jest po pro\u00adstu ca\u0142\u00adko\u00adwi\u00adcie prze\u00adwy\u00admia\u00adro\u00adwa\u00adny, a zatem nie\u00adeko\u00adno\u00admicz\u00adny, z roz\u00adbu\u00addo\u00adw\u0105 HoFri\u00adWa i bez niej. Nie\u00admniej jed\u00adnak por\u00adto\u00adwi \u017cyczy\u00admy samych sukces\u00f3w.<\/p>\n<p>\n 3. On te\u017c b\u0119dzie tego potrze\u00adbo\u00adwa\u0142: 2002 rok by\u0142 wyj\u0105t\u00adko\u00adwo z\u0142y dla por\u00adtu, nie\u00adwiel\u00adki wzrost prze\u00adpu\u00adsto\u00adwo\u00ad\u015bci na naj\u00adni\u017c\u00adszym pozio\u00admie nie jest jesz\u00adcze odwr\u00f3\u00adce\u00adniem trendu.<\/p>\n<p>\n 4. Stat\u00adki euro\u00adpej\u00adskie ope\u00adru\u00adj\u0105 na HoFri\u00adWa od daw\u00adna, nawet du\u017ce stat\u00adki moto\u00adro\u00adwe (GMS), dla kt\u00f3\u00adrych nie\u00admiec\u00adki fede\u00adral\u00adny sys\u00adtem dr\u00f3g wod\u00adnych ma dopie\u00adro spo\u00ads\u00f3b ruchu. Ale nawet do tego nie ma potrze\u00adby. Jesz\u00adcze mniej za szko\u00addli\u00adw\u0105 dla \u015bro\u00addo\u00adwi\u00adska roz\u00adbu\u00addo\u00adw\u0119 HoFri\u00adWa dla mak\u00adsy\u00admal\u00adnie 50 pod\u00adsta\u00adwek ist\u00adnie\u00adj\u0105\u00adcych na ca\u0142ym \u015bwie\u00adcie, kosz\u00adtem 40 milion\u00f3w.&nbsp;\u20ac.<\/p>\n<p>\n O to w\u0142a\u00ad\u015bnie nale\u00ad\u017cy si\u0119 spie\u00adra\u0107. Sto\u00adwa\u00adrzy\u00adsze\u00adnie uwa\u00ad\u017ca, \u017ce pla\u00adno\u00adwa\u00adna roz\u00adbu\u00addo\u00adwa HoFri\u00adWa, dla kt\u00f3\u00adrej obec\u00adnie trwa pro\u00adces zatwier\u00addza\u00adnia pla\u00adn\u00f3w, jest eko\u00adno\u00admicz\u00adnie bez\u00adsen\u00adsow\u00adna i eko\u00adlo\u00adgicz\u00adnie dewa\u00adstu\u00adj\u0105\u00adca, w sumie nieodpowiedzialna.<\/p>\n<p>\n Rada dyrektor\u00f3w<\/p>\n","protected":false},"featured_media":0,"template":"","categories":[816],"class_list":["post-8868","presseerklaerung","type-presseerklaerung","status-publish","hentry","category-komunikaty-prasowe-stowarzyszenia-parkow-narodowych"],"yoast_head":"<title>Komunikat prasowy 02\/2003 - Nationalpark Unteres Odertal<\/title>\n<meta name=\"robots\" content=\"index, follow, max-snippet:-1, max-image-preview:large, max-video-preview:-1\" \/>\n<link rel=\"canonical\" href=\"https:\/\/www.nationalpark-unteres-odertal.de\/pl\/komunikat-prasowy\/komunikat-prasowy-02-2003\/\" \/>\n<meta property=\"og:locale\" content=\"pl_PL\" \/>\n<meta property=\"og:type\" content=\"article\" \/>\n<meta property=\"og:title\" content=\"Komunikat prasowy 02\/2003 - Nationalpark Unteres Odertal\" \/>\n<meta property=\"og:description\" content=\"O dodat\u00adnim bilan\u00adsie \u2013 kon\u00adfe\u00adren\u00adcja pra\u00adso\u00adwa Rol\u00adfa Die\u00adtri\u00adcha, Was\u00adser- und [&hellip;]\" \/>\n<meta property=\"og:url\" content=\"https:\/\/www.nationalpark-unteres-odertal.de\/pl\/komunikat-prasowy\/komunikat-prasowy-02-2003\/\" \/>\n<meta property=\"og:site_name\" content=\"Nationalpark Unteres Odertal\" \/>\n<meta name=\"twitter:card\" content=\"summary_large_image\" \/>\n<script type=\"application\/ld+json\" class=\"yoast-schema-graph\">{\"@context\":\"https:\/\/schema.org\",\"@graph\":[{\"@type\":\"WebPage\",\"@id\":\"https:\/\/www.nationalpark-unteres-odertal.de\/pl\/komunikat-prasowy\/komunikat-prasowy-02-2003\/\",\"url\":\"https:\/\/www.nationalpark-unteres-odertal.de\/pl\/komunikat-prasowy\/komunikat-prasowy-02-2003\/\",\"name\":\"Komunikat prasowy 02\/2003 - Nationalpark Unteres Odertal\",\"isPartOf\":{\"@id\":\"https:\/\/www.nationalpark-unteres-odertal.de\/pl\/#website\"},\"datePublished\":\"2003-04-09T15:12:58+00:00\",\"dateModified\":\"2003-04-09T15:12:58+00:00\",\"breadcrumb\":{\"@id\":\"https:\/\/www.nationalpark-unteres-odertal.de\/pl\/komunikat-prasowy\/komunikat-prasowy-02-2003\/#breadcrumb\"},\"inLanguage\":\"pl-PL\",\"potentialAction\":[{\"@type\":\"ReadAction\",\"target\":[\"https:\/\/www.nationalpark-unteres-odertal.de\/pl\/komunikat-prasowy\/komunikat-prasowy-02-2003\/\"]}]},{\"@type\":\"BreadcrumbList\",\"@id\":\"https:\/\/www.nationalpark-unteres-odertal.de\/pl\/komunikat-prasowy\/komunikat-prasowy-02-2003\/#breadcrumb\",\"itemListElement\":[{\"@type\":\"ListItem\",\"position\":1,\"name\":\"Strona g\u0142\u00f3wna\",\"item\":\"https:\/\/www.nationalpark-unteres-odertal.de\/pl\/\"},{\"@type\":\"ListItem\",\"position\":2,\"name\":\"Komunikaty prasowe\",\"item\":\"https:\/\/www.nationalpark-unteres-odertal.de\/pl\/komunikat-prasowy\/\"},{\"@type\":\"ListItem\",\"position\":3,\"name\":\"Komunikat prasowy 02\/2003\"}]},{\"@type\":\"WebSite\",\"@id\":\"https:\/\/www.nationalpark-unteres-odertal.de\/pl\/#website\",\"url\":\"https:\/\/www.nationalpark-unteres-odertal.de\/pl\/\",\"name\":\"Nationalpark Unteres Odertal\",\"description\":\"Verein der Freunde des Deutsch-Polnischen Europa-Nationalparks Unteres Odertal e.V. &amp; Nationalparkstiftung Unteres Odertal\",\"publisher\":{\"@id\":\"https:\/\/www.nationalpark-unteres-odertal.de\/pl\/#organization\"},\"potentialAction\":[{\"@type\":\"SearchAction\",\"target\":{\"@type\":\"EntryPoint\",\"urlTemplate\":\"https:\/\/www.nationalpark-unteres-odertal.de\/pl\/?s={search_term_string}\"},\"query-input\":{\"@type\":\"PropertyValueSpecification\",\"valueRequired\":true,\"valueName\":\"search_term_string\"}}],\"inLanguage\":\"pl-PL\"},{\"@type\":\"Organization\",\"@id\":\"https:\/\/www.nationalpark-unteres-odertal.de\/pl\/#organization\",\"name\":\"Verein der Freunde des Deutsch-Polnischen Europa-Nationalparks Unteres Odertal e.V. & Nationalparkstiftung Unteres Odertal\",\"url\":\"https:\/\/www.nationalpark-unteres-odertal.de\/pl\/\",\"logo\":{\"@type\":\"ImageObject\",\"inLanguage\":\"pl-PL\",\"@id\":\"https:\/\/www.nationalpark-unteres-odertal.de\/pl\/#\/schema\/logo\/image\/\",\"url\":\"https:\/\/www.nationalpark-unteres-odertal.de\/wp-content\/uploads\/logos-google.png\",\"contentUrl\":\"https:\/\/www.nationalpark-unteres-odertal.de\/wp-content\/uploads\/logos-google.png\",\"width\":800,\"height\":344,\"caption\":\"Verein der Freunde des Deutsch-Polnischen Europa-Nationalparks Unteres Odertal e.V. & Nationalparkstiftung Unteres Odertal\"},\"image\":{\"@id\":\"https:\/\/www.nationalpark-unteres-odertal.de\/pl\/#\/schema\/logo\/image\/\"}}]}<\/script>","yoast_head_json":{"title":"Komunikat prasowy 02\/2003 - Nationalpark Unteres Odertal","robots":{"index":"index","follow":"follow","max-snippet":"max-snippet:-1","max-image-preview":"max-image-preview:large","max-video-preview":"max-video-preview:-1"},"canonical":"https:\/\/www.nationalpark-unteres-odertal.de\/pl\/komunikat-prasowy\/komunikat-prasowy-02-2003\/","og_locale":"pl_PL","og_type":"article","og_title":"Komunikat prasowy 02\/2003 - Nationalpark Unteres Odertal","og_description":"O dodat\u00adnim bilan\u00adsie \u2013 kon\u00adfe\u00adren\u00adcja pra\u00adso\u00adwa Rol\u00adfa Die\u00adtri\u00adcha, Was\u00adser- und [&hellip;]","og_url":"https:\/\/www.nationalpark-unteres-odertal.de\/pl\/komunikat-prasowy\/komunikat-prasowy-02-2003\/","og_site_name":"Nationalpark Unteres Odertal","twitter_card":"summary_large_image","schema":{"@context":"https:\/\/schema.org","@graph":[{"@type":"WebPage","@id":"https:\/\/www.nationalpark-unteres-odertal.de\/pl\/komunikat-prasowy\/komunikat-prasowy-02-2003\/","url":"https:\/\/www.nationalpark-unteres-odertal.de\/pl\/komunikat-prasowy\/komunikat-prasowy-02-2003\/","name":"Komunikat prasowy 02\/2003 - Nationalpark Unteres Odertal","isPartOf":{"@id":"https:\/\/www.nationalpark-unteres-odertal.de\/pl\/#website"},"datePublished":"2003-04-09T15:12:58+00:00","dateModified":"2003-04-09T15:12:58+00:00","breadcrumb":{"@id":"https:\/\/www.nationalpark-unteres-odertal.de\/pl\/komunikat-prasowy\/komunikat-prasowy-02-2003\/#breadcrumb"},"inLanguage":"pl-PL","potentialAction":[{"@type":"ReadAction","target":["https:\/\/www.nationalpark-unteres-odertal.de\/pl\/komunikat-prasowy\/komunikat-prasowy-02-2003\/"]}]},{"@type":"BreadcrumbList","@id":"https:\/\/www.nationalpark-unteres-odertal.de\/pl\/komunikat-prasowy\/komunikat-prasowy-02-2003\/#breadcrumb","itemListElement":[{"@type":"ListItem","position":1,"name":"Strona g\u0142\u00f3wna","item":"https:\/\/www.nationalpark-unteres-odertal.de\/pl\/"},{"@type":"ListItem","position":2,"name":"Komunikaty prasowe","item":"https:\/\/www.nationalpark-unteres-odertal.de\/pl\/komunikat-prasowy\/"},{"@type":"ListItem","position":3,"name":"Komunikat prasowy 02\/2003"}]},{"@type":"WebSite","@id":"https:\/\/www.nationalpark-unteres-odertal.de\/pl\/#website","url":"https:\/\/www.nationalpark-unteres-odertal.de\/pl\/","name":"Nationalpark Unteres Odertal","description":"Verein der Freunde des Deutsch-Polnischen Europa-Nationalparks Unteres Odertal e.V. &amp; Nationalparkstiftung Unteres Odertal","publisher":{"@id":"https:\/\/www.nationalpark-unteres-odertal.de\/pl\/#organization"},"potentialAction":[{"@type":"SearchAction","target":{"@type":"EntryPoint","urlTemplate":"https:\/\/www.nationalpark-unteres-odertal.de\/pl\/?s={search_term_string}"},"query-input":{"@type":"PropertyValueSpecification","valueRequired":true,"valueName":"search_term_string"}}],"inLanguage":"pl-PL"},{"@type":"Organization","@id":"https:\/\/www.nationalpark-unteres-odertal.de\/pl\/#organization","name":"Verein der Freunde des Deutsch-Polnischen Europa-Nationalparks Unteres Odertal e.V. & Nationalparkstiftung Unteres Odertal","url":"https:\/\/www.nationalpark-unteres-odertal.de\/pl\/","logo":{"@type":"ImageObject","inLanguage":"pl-PL","@id":"https:\/\/www.nationalpark-unteres-odertal.de\/pl\/#\/schema\/logo\/image\/","url":"https:\/\/www.nationalpark-unteres-odertal.de\/wp-content\/uploads\/logos-google.png","contentUrl":"https:\/\/www.nationalpark-unteres-odertal.de\/wp-content\/uploads\/logos-google.png","width":800,"height":344,"caption":"Verein der Freunde des Deutsch-Polnischen Europa-Nationalparks Unteres Odertal e.V. & Nationalparkstiftung Unteres Odertal"},"image":{"@id":"https:\/\/www.nationalpark-unteres-odertal.de\/pl\/#\/schema\/logo\/image\/"}}]}},"_links":{"self":[{"href":"https:\/\/www.nationalpark-unteres-odertal.de\/pl\/wp-json\/wp\/v2\/presseerklaerung\/8868","targetHints":{"allow":["GET"]}}],"collection":[{"href":"https:\/\/www.nationalpark-unteres-odertal.de\/pl\/wp-json\/wp\/v2\/presseerklaerung"}],"about":[{"href":"https:\/\/www.nationalpark-unteres-odertal.de\/pl\/wp-json\/wp\/v2\/types\/presseerklaerung"}],"wp:attachment":[{"href":"https:\/\/www.nationalpark-unteres-odertal.de\/pl\/wp-json\/wp\/v2\/media?parent=8868"}],"wp:term":[{"taxonomy":"category","embeddable":true,"href":"https:\/\/www.nationalpark-unteres-odertal.de\/pl\/wp-json\/wp\/v2\/categories?post=8868"}],"curies":[{"name":"wp","href":"https:\/\/api.w.org\/{rel}","templated":true}]}}