{"id":8870,"date":"2003-04-09T17:08:46","date_gmt":"2003-04-09T15:08:46","guid":{"rendered":"https:\/\/2021.nationalpark-unteres-odertal.de\/presseerklaerung\/komunikat-prasowy-01-2003\/"},"modified":"2003-04-09T17:08:46","modified_gmt":"2003-04-09T15:08:46","slug":"komunikat-prasowy-01-2003","status":"publish","type":"presseerklaerung","link":"https:\/\/www.nationalpark-unteres-odertal.de\/pl\/komunikat-prasowy\/komunikat-prasowy-01-2003\/","title":{"rendered":"Komunikat prasowy 01\/2003"},"content":{"rendered":"<p>\n\t<strong>Przejd\u017a si\u0119 histo\u00adrycz\u00adn\u0105 ale\u00adj\u0105 lipow\u0105<\/strong><\/p>\n<p>\n Pla\u00adno\u00adwa\u00adna asfal\u00adto\u00adwa dro\u00adga zagra\u00ad\u017ca pomni\u00adko\u00adwi przy\u00adro\u00addy Brandenburgii<\/p>\n<p>\n W sobo\u00adt\u0119 19 kwiet\u00adnia 2003 od godz. 15.00 Axel Bie\u00adse\u00adke, cz\u0142o\u00adnek Sto\u00adwa\u00adrzy\u00adsze\u00adnia Przy\u00adja\u00adci\u00f3\u0142 Pol\u00adsko-Nie\u00admiec\u00adkie\u00adgo Euro\u00adpej\u00adskie\u00adgo Par\u00adku Naro\u00addo\u00adwe\u00adgo Unte\u00adres Ode\u00adrtal, odb\u0119\u00addzie trzy\u00adki\u00adlo\u00adme\u00adtro\u00adw\u0105 w\u0119dr\u00f3w\u00adk\u0119 jed\u00adn\u0105 z naj\u00adpi\u0119k\u00adniej\u00adszych alej Bran\u00adden\u00adbur\u00adgii, Lin\u00adde\u00adnal\u00adlee mi\u0119\u00addzy Staf\u00adfel\u00adde i Neu\u00adro\u00adchlitz. Ten wyj\u0105t\u00adko\u00adwy zaby\u00adtek kul\u00adtu\u00adry jest zagro\u00ad\u017co\u00adny przez pla\u00adno\u00adwa\u00adn\u0105 budo\u00adw\u0119 nowej dro\u00adgi asfal\u00adto\u00adwej o sze\u00adro\u00adko\u00ad\u015bci 3 metr\u00f3w mi\u0119\u00addzy sta\u00adry\u00admi rz\u0119\u00adda\u00admi drzew, co jest zb\u0119d\u00adnym przed\u00adsi\u0119\u00adwzi\u0119\u00adciem budow\u00adla\u00adnym, ponie\u00adwa\u017c rowe\u00adrzy\u00ad\u015bci mog\u0105 ju\u017c dzi\u015b dobrze korzy\u00adsta\u0107 z malow\u00adni\u00adczej tra\u00adsy, podob\u00adnie jak nie\u00adzb\u0119d\u00adny ruch han\u00addlo\u00adwy. \u015acie\u017c\u00adka, kt\u00f3\u00adra wcze\u00ad\u015bniej by\u0142a wy\u0142o\u00ad\u017co\u00adna natu\u00adral\u00adny\u00admi mate\u00adria\u00ad\u0142a\u00admi, ma by\u0107 wybrukowana.To zaskle\u00adpie\u00adnie gle\u00adby uszko\u00addzi ist\u00adnie\u00adj\u0105\u00adce korze\u00adnie i zagro\u00adzi alei lipo\u00adwej pe\u0142\u00adza\u00adj\u0105\u00adc\u0105 \u015bmier\u00adci\u0105. Dobry temat na Wiel\u00adk\u0105 Sobot\u0119.<\/p>\n<p>\n Spa\u00adcer przed\u00ad\u015bwi\u0105\u00adtecz\u00adny, na kt\u00f3\u00adry ser\u00addecz\u00adnie zapra\u00adszam, dobrze kom\u00adpo\u00adnu\u00adje si\u0119 r\u00f3w\u00adnie\u017c z inny\u00admi atrak\u00adcja\u00admi w\u0119dr\u00f3w\u00adki, np. zwie\u00addza\u00adniem kur\u00adha\u00adnu Staf\u00adfel\u00adde oraz wyja\u00ad\u015bnie\u00adniem histo\u00adrii Staf\u00adfel\u00adde i lokal\u00adnych zwy\u00adcza\u00adj\u00f3w wielkanocnych&nbsp;.<\/p>\n<p>\n Miej\u00adsce spo\u00adtka\u00adnia to sobo\u00adta, 19 kwiet\u00adnia 2003&nbsp;o godzi\u00adnie 15:00 w Spe\u00adicher (daw\u00adny ko\u015bci\u00f3\u0142) w Staf\u00adfel\u00adde. Zwie\u00addza\u00adnie przez zaan\u00adga\u00ad\u017co\u00adwa\u00adne\u00adgo lokal\u00adne\u00adgo kon\u00adser\u00adwa\u00adto\u00adra przy\u00adro\u00addy Axe\u00adla Bie\u00adse\u00adke jest bez\u00adp\u0142at\u00adne, mile widzia\u00adne s\u0105 darowizny.<\/p>\n<p>\n Wszel\u00adkie pyta\u00adnia pro\u00adsi\u00admy kie\u00adro\u00adwa\u0107 bez\u00adpo\u00ad\u015bred\u00adnio do Axel Bie\u00adse\u00adke (tel.: 033332\/80731). Rada dyrektor\u00f3w<\/p>\n","protected":false},"featured_media":0,"template":"","categories":[816],"class_list":["post-8870","presseerklaerung","type-presseerklaerung","status-publish","hentry","category-komunikaty-prasowe-stowarzyszenia-parkow-narodowych"],"yoast_head":"<title>Komunikat prasowy 01\/2003 - Nationalpark Unteres Odertal<\/title>\n<meta name=\"robots\" content=\"index, follow, max-snippet:-1, max-image-preview:large, max-video-preview:-1\" \/>\n<link rel=\"canonical\" href=\"https:\/\/www.nationalpark-unteres-odertal.de\/pl\/komunikat-prasowy\/komunikat-prasowy-01-2003\/\" \/>\n<meta property=\"og:locale\" content=\"pl_PL\" \/>\n<meta property=\"og:type\" content=\"article\" \/>\n<meta property=\"og:title\" content=\"Komunikat prasowy 01\/2003 - Nationalpark Unteres Odertal\" \/>\n<meta property=\"og:description\" content=\"Przejd\u017a si\u0119 histo\u00adrycz\u00adn\u0105 ale\u00adj\u0105 lipow\u0105 Pla\u00adno\u00adwa\u00adna asfal\u00adto\u00adwa dro\u00adga zagra\u00ad\u017ca pomni\u00adko\u00adwi [&hellip;]\" \/>\n<meta property=\"og:url\" content=\"https:\/\/www.nationalpark-unteres-odertal.de\/pl\/komunikat-prasowy\/komunikat-prasowy-01-2003\/\" \/>\n<meta property=\"og:site_name\" content=\"Nationalpark Unteres Odertal\" \/>\n<meta name=\"twitter:card\" content=\"summary_large_image\" \/>\n<script type=\"application\/ld+json\" class=\"yoast-schema-graph\">{\"@context\":\"https:\/\/schema.org\",\"@graph\":[{\"@type\":\"WebPage\",\"@id\":\"https:\/\/www.nationalpark-unteres-odertal.de\/pl\/komunikat-prasowy\/komunikat-prasowy-01-2003\/\",\"url\":\"https:\/\/www.nationalpark-unteres-odertal.de\/pl\/komunikat-prasowy\/komunikat-prasowy-01-2003\/\",\"name\":\"Komunikat prasowy 01\/2003 - Nationalpark Unteres Odertal\",\"isPartOf\":{\"@id\":\"https:\/\/www.nationalpark-unteres-odertal.de\/pl\/#website\"},\"datePublished\":\"2003-04-09T15:08:46+00:00\",\"dateModified\":\"2003-04-09T15:08:46+00:00\",\"breadcrumb\":{\"@id\":\"https:\/\/www.nationalpark-unteres-odertal.de\/pl\/komunikat-prasowy\/komunikat-prasowy-01-2003\/#breadcrumb\"},\"inLanguage\":\"pl-PL\",\"potentialAction\":[{\"@type\":\"ReadAction\",\"target\":[\"https:\/\/www.nationalpark-unteres-odertal.de\/pl\/komunikat-prasowy\/komunikat-prasowy-01-2003\/\"]}]},{\"@type\":\"BreadcrumbList\",\"@id\":\"https:\/\/www.nationalpark-unteres-odertal.de\/pl\/komunikat-prasowy\/komunikat-prasowy-01-2003\/#breadcrumb\",\"itemListElement\":[{\"@type\":\"ListItem\",\"position\":1,\"name\":\"Strona g\u0142\u00f3wna\",\"item\":\"https:\/\/www.nationalpark-unteres-odertal.de\/pl\/\"},{\"@type\":\"ListItem\",\"position\":2,\"name\":\"Komunikaty prasowe\",\"item\":\"https:\/\/www.nationalpark-unteres-odertal.de\/pl\/komunikat-prasowy\/\"},{\"@type\":\"ListItem\",\"position\":3,\"name\":\"Komunikat prasowy 01\/2003\"}]},{\"@type\":\"WebSite\",\"@id\":\"https:\/\/www.nationalpark-unteres-odertal.de\/pl\/#website\",\"url\":\"https:\/\/www.nationalpark-unteres-odertal.de\/pl\/\",\"name\":\"Nationalpark Unteres Odertal\",\"description\":\"Verein der Freunde des Deutsch-Polnischen Europa-Nationalparks Unteres Odertal e.V. &amp; Nationalparkstiftung Unteres Odertal\",\"publisher\":{\"@id\":\"https:\/\/www.nationalpark-unteres-odertal.de\/pl\/#organization\"},\"potentialAction\":[{\"@type\":\"SearchAction\",\"target\":{\"@type\":\"EntryPoint\",\"urlTemplate\":\"https:\/\/www.nationalpark-unteres-odertal.de\/pl\/?s={search_term_string}\"},\"query-input\":{\"@type\":\"PropertyValueSpecification\",\"valueRequired\":true,\"valueName\":\"search_term_string\"}}],\"inLanguage\":\"pl-PL\"},{\"@type\":\"Organization\",\"@id\":\"https:\/\/www.nationalpark-unteres-odertal.de\/pl\/#organization\",\"name\":\"Verein der Freunde des Deutsch-Polnischen Europa-Nationalparks Unteres Odertal e.V. & Nationalparkstiftung Unteres Odertal\",\"url\":\"https:\/\/www.nationalpark-unteres-odertal.de\/pl\/\",\"logo\":{\"@type\":\"ImageObject\",\"inLanguage\":\"pl-PL\",\"@id\":\"https:\/\/www.nationalpark-unteres-odertal.de\/pl\/#\/schema\/logo\/image\/\",\"url\":\"https:\/\/www.nationalpark-unteres-odertal.de\/wp-content\/uploads\/logos-google.png\",\"contentUrl\":\"https:\/\/www.nationalpark-unteres-odertal.de\/wp-content\/uploads\/logos-google.png\",\"width\":800,\"height\":344,\"caption\":\"Verein der Freunde des Deutsch-Polnischen Europa-Nationalparks Unteres Odertal e.V. & Nationalparkstiftung Unteres Odertal\"},\"image\":{\"@id\":\"https:\/\/www.nationalpark-unteres-odertal.de\/pl\/#\/schema\/logo\/image\/\"}}]}<\/script>","yoast_head_json":{"title":"Komunikat prasowy 01\/2003 - Nationalpark Unteres Odertal","robots":{"index":"index","follow":"follow","max-snippet":"max-snippet:-1","max-image-preview":"max-image-preview:large","max-video-preview":"max-video-preview:-1"},"canonical":"https:\/\/www.nationalpark-unteres-odertal.de\/pl\/komunikat-prasowy\/komunikat-prasowy-01-2003\/","og_locale":"pl_PL","og_type":"article","og_title":"Komunikat prasowy 01\/2003 - Nationalpark Unteres Odertal","og_description":"Przejd\u017a si\u0119 histo\u00adrycz\u00adn\u0105 ale\u00adj\u0105 lipow\u0105 Pla\u00adno\u00adwa\u00adna asfal\u00adto\u00adwa dro\u00adga zagra\u00ad\u017ca pomni\u00adko\u00adwi [&hellip;]","og_url":"https:\/\/www.nationalpark-unteres-odertal.de\/pl\/komunikat-prasowy\/komunikat-prasowy-01-2003\/","og_site_name":"Nationalpark Unteres Odertal","twitter_card":"summary_large_image","schema":{"@context":"https:\/\/schema.org","@graph":[{"@type":"WebPage","@id":"https:\/\/www.nationalpark-unteres-odertal.de\/pl\/komunikat-prasowy\/komunikat-prasowy-01-2003\/","url":"https:\/\/www.nationalpark-unteres-odertal.de\/pl\/komunikat-prasowy\/komunikat-prasowy-01-2003\/","name":"Komunikat prasowy 01\/2003 - Nationalpark Unteres Odertal","isPartOf":{"@id":"https:\/\/www.nationalpark-unteres-odertal.de\/pl\/#website"},"datePublished":"2003-04-09T15:08:46+00:00","dateModified":"2003-04-09T15:08:46+00:00","breadcrumb":{"@id":"https:\/\/www.nationalpark-unteres-odertal.de\/pl\/komunikat-prasowy\/komunikat-prasowy-01-2003\/#breadcrumb"},"inLanguage":"pl-PL","potentialAction":[{"@type":"ReadAction","target":["https:\/\/www.nationalpark-unteres-odertal.de\/pl\/komunikat-prasowy\/komunikat-prasowy-01-2003\/"]}]},{"@type":"BreadcrumbList","@id":"https:\/\/www.nationalpark-unteres-odertal.de\/pl\/komunikat-prasowy\/komunikat-prasowy-01-2003\/#breadcrumb","itemListElement":[{"@type":"ListItem","position":1,"name":"Strona g\u0142\u00f3wna","item":"https:\/\/www.nationalpark-unteres-odertal.de\/pl\/"},{"@type":"ListItem","position":2,"name":"Komunikaty prasowe","item":"https:\/\/www.nationalpark-unteres-odertal.de\/pl\/komunikat-prasowy\/"},{"@type":"ListItem","position":3,"name":"Komunikat prasowy 01\/2003"}]},{"@type":"WebSite","@id":"https:\/\/www.nationalpark-unteres-odertal.de\/pl\/#website","url":"https:\/\/www.nationalpark-unteres-odertal.de\/pl\/","name":"Nationalpark Unteres Odertal","description":"Verein der Freunde des Deutsch-Polnischen Europa-Nationalparks Unteres Odertal e.V. &amp; Nationalparkstiftung Unteres Odertal","publisher":{"@id":"https:\/\/www.nationalpark-unteres-odertal.de\/pl\/#organization"},"potentialAction":[{"@type":"SearchAction","target":{"@type":"EntryPoint","urlTemplate":"https:\/\/www.nationalpark-unteres-odertal.de\/pl\/?s={search_term_string}"},"query-input":{"@type":"PropertyValueSpecification","valueRequired":true,"valueName":"search_term_string"}}],"inLanguage":"pl-PL"},{"@type":"Organization","@id":"https:\/\/www.nationalpark-unteres-odertal.de\/pl\/#organization","name":"Verein der Freunde des Deutsch-Polnischen Europa-Nationalparks Unteres Odertal e.V. & Nationalparkstiftung Unteres Odertal","url":"https:\/\/www.nationalpark-unteres-odertal.de\/pl\/","logo":{"@type":"ImageObject","inLanguage":"pl-PL","@id":"https:\/\/www.nationalpark-unteres-odertal.de\/pl\/#\/schema\/logo\/image\/","url":"https:\/\/www.nationalpark-unteres-odertal.de\/wp-content\/uploads\/logos-google.png","contentUrl":"https:\/\/www.nationalpark-unteres-odertal.de\/wp-content\/uploads\/logos-google.png","width":800,"height":344,"caption":"Verein der Freunde des Deutsch-Polnischen Europa-Nationalparks Unteres Odertal e.V. & Nationalparkstiftung Unteres Odertal"},"image":{"@id":"https:\/\/www.nationalpark-unteres-odertal.de\/pl\/#\/schema\/logo\/image\/"}}]}},"_links":{"self":[{"href":"https:\/\/www.nationalpark-unteres-odertal.de\/pl\/wp-json\/wp\/v2\/presseerklaerung\/8870","targetHints":{"allow":["GET"]}}],"collection":[{"href":"https:\/\/www.nationalpark-unteres-odertal.de\/pl\/wp-json\/wp\/v2\/presseerklaerung"}],"about":[{"href":"https:\/\/www.nationalpark-unteres-odertal.de\/pl\/wp-json\/wp\/v2\/types\/presseerklaerung"}],"wp:attachment":[{"href":"https:\/\/www.nationalpark-unteres-odertal.de\/pl\/wp-json\/wp\/v2\/media?parent=8870"}],"wp:term":[{"taxonomy":"category","embeddable":true,"href":"https:\/\/www.nationalpark-unteres-odertal.de\/pl\/wp-json\/wp\/v2\/categories?post=8870"}],"curies":[{"name":"wp","href":"https:\/\/api.w.org\/{rel}","templated":true}]}}